{"id":39046,"date":"2021-05-13T00:00:00","date_gmt":"2021-05-12T23:00:00","guid":{"rendered":"https:\/\/imagazine.it\/?p=39046"},"modified":"2021-05-13T00:00:00","modified_gmt":"2021-05-12T23:00:00","slug":"in-attesa-del-giro-grado-diventa-isola-della-ciclabilita","status":"publish","type":"post","link":"https:\/\/imagazine.it\/home_desk\/in-attesa-del-giro-grado-diventa-isola-della-ciclabilita\/","title":{"rendered":"In attesa del Giro, Grado diventa \u201cIsola della Ciclabilit\u00e0\u201d"},"content":{"rendered":"<p> \tGrazie ai suoi 40 km di piste ciclabili interne, per la quarta edizione consecutiva (primato regionale) <strong>Grado \u00e8 contrassegnata dai 5 bike-smile della Bandiera Gialla di Fiab<\/strong> (il massimo riconoscimento per i Comuni Ciclabili della Federazione Italiana Ambiente e Bicicletta).<\/p>\n<p> \tE cos\u00ec \u201cIsola della ciclabilit\u00e0\u201d diventa definizione che calza a pennello, soprattutto in occasione dello svolgimento del <strong>104\u00b0 Giro d\u2019Italia<\/strong> il quale, domenica 23 maggio, far\u00e0 tappa nella localit\u00e0 balneare.<\/p>\n<p> \tGrado si tinger\u00e0 di rosa con molte iniziative collaterali, in attesa degli atleti, per festeggiare questo evento e la mobilit\u00e0 sostenibile.<\/p>\n<p> \t\u00abNella stessa settimana abbiamo ottenuto due prestigiosi riconoscimenti \u2013 Bandiera Blu e 5 bike-smile di Fiab \u2013 sottolinea <strong>il sindaco di Grado, Dario Raugna<\/strong> \u2013 che premiano la sostenibilit\u00e0 e la tutela dell\u2019ambiente attraverso anche la mobilit\u00e0 slow e, inoltre, ci apprestiamo a entrare nel vivo del Giro d\u2019Italia. Ringrazio le numerose persone che stanno rendendo tutto questo possibile, in un sodalizio che rappresenta un esempio di collaborazione per il nostro futuro\u00bb.<\/p>\n<p> \t<strong><em>Gli appuntamenti<\/em><\/strong><\/p>\n<p> \tDal<strong> 14 al 31 maggio<\/strong>, al cinema Cristallo, sar\u00e0 visibile un\u2019esposizione di biciclette storiche italiane (curata da <strong>Renato Bulfon<\/strong>). La pi\u00f9 datata delle 12 esposte \u00e8 del 1941, la pi\u00f9 recente del 1997.<\/p>\n<p> \t<strong>Sabato 15 maggio<\/strong> sar\u00e0 la volta della presentazione del libro di <strong>Antonella Stelitano<\/strong>: \u201c<em>Le donne in bicicletta<\/em>\u201d (Ediciclo). La giornalista autrice, alle ore 18, sulla pagina Facebook del Comune, dialogher\u00e0 con <strong>Mara M\u00f2sole<\/strong>, ex ciclista della Nazionale azzurra di ciclismo.<\/p>\n<p> \t<strong>Da gioved\u00ec 20 maggio<\/strong>, in collaborazione con il Centro Studi Marin, i balconi e le finestre delle calli e delle vie di Grado Vecchia, saranno pavesati con vari lenzuoli riportanti alcuni versi scelti del grande poeta gradese, Biagio Marin, in linea con il tema della Lingua madre, per onorare i 700 anni della morte di Dante Alighieri.<\/p>\n<p> \t<strong>Sabato 22 maggio<\/strong>, con partenza alle ore 9 (da piazza Gregori), si svolger\u00e0 una biciclettata amatoriale \u201cAmici della corsa Rosa\u201d, organizzata da Sogit Eventi (per info e iscrizioni: 335 6559397).<\/p>\n<p> \tDal <strong>punto di vista logistico<\/strong> si ricorda che la partenza dei corridori \u00e8 prevista per le ore 13.15 di domenica 23 maggio e, perci\u00f2, <strong>dalle ore 11 verr\u00e0 chiusa al transito la strada translagunare<\/strong>, ovvero da Aquileia \u2013 Belvedere e rotatoria Isola della Schiusa; sar\u00e0 invece aperto il transito della direttrice da e per Monfalcone.<\/p>\n","protected":false},"excerpt":{"rendered":"<p>Il 23 maggio la partenza della tappa<\/p>\n","protected":false},"author":28,"featured_media":39047,"comment_status":"closed","ping_status":"closed","sticky":false,"template":"","format":"standard","meta":{"dwc-title":[],"dwc-content":[],"footnotes":""},"categories":[5],"tags":[],"class_list":["post-39046","post","type-post","status-publish","format-standard","has-post-thumbnail","hentry","category-attualita"],"rttpg_featured_image_url":{"full":["https:\/\/imagazine.it\/wp-content\/uploads\/2024\/01\/39991-1.webp",1000,777,false],"landscape":["https:\/\/imagazine.it\/wp-content\/uploads\/2024\/01\/39991-1.webp",1000,777,false],"portraits":["https:\/\/imagazine.it\/wp-content\/uploads\/2024\/01\/39991-1.webp",1000,777,false],"thumbnail":["https:\/\/imagazine.it\/wp-content\/uploads\/2024\/01\/39991-1-150x150.webp",150,150,true],"medium":["https:\/\/imagazine.it\/wp-content\/uploads\/2024\/01\/39991-1-300x233.webp",300,233,true],"large":["https:\/\/imagazine.it\/wp-content\/uploads\/2024\/01\/39991-1.webp",640,497,false],"thumblist":["https:\/\/imagazine.it\/wp-content\/uploads\/2024\/01\/39991-1.webp",300,233,false],"thumbrelated":["https:\/\/imagazine.it\/wp-content\/uploads\/2024\/01\/39991-1.webp",500,389,false],"meccarouselthumb":["https:\/\/imagazine.it\/wp-content\/uploads\/2024\/01\/39991-1.webp",417,324,false],"gridsquare":["https:\/\/imagazine.it\/wp-content\/uploads\/2024\/01\/39991-1.webp",335,260,false],"tileview":["https:\/\/imagazine.it\/wp-content\/uploads\/2024\/01\/39991-1.webp",300,233,false],"1536x1536":["https:\/\/imagazine.it\/wp-content\/uploads\/2024\/01\/39991-1.webp",1000,777,false],"2048x2048":["https:\/\/imagazine.it\/wp-content\/uploads\/2024\/01\/39991-1.webp",1000,777,false],"newsup-slider-full":["https:\/\/imagazine.it\/wp-content\/uploads\/2024\/01\/39991-1-1000x720.webp",1000,720,true],"newsup-featured":["https:\/\/imagazine.it\/wp-content\/uploads\/2024\/01\/39991-1.webp",1000,777,false],"newsup-medium":["https:\/\/imagazine.it\/wp-content\/uploads\/2024\/01\/39991-1-720x380.webp",720,380,true],"tptn_thumbnail":["https:\/\/imagazine.it\/wp-content\/uploads\/2024\/01\/39991-1.webp",250,194,false],"sow-carousel-default":["https:\/\/imagazine.it\/wp-content\/uploads\/2024\/01\/39991-1-272x182.webp",272,182,true]},"rttpg_author":{"display_name":"redazione","author_link":"https:\/\/imagazine.it\/home_desk\/author\/redazione\/"},"rttpg_comment":0,"rttpg_category":"<a href=\"https:\/\/imagazine.it\/home_desk\/category\/attualita\/\" rel=\"category tag\">ATTUALIT\u00c0<\/a>","rttpg_excerpt":"Il 23 maggio la partenza della tappa","_links":{"self":[{"href":"https:\/\/imagazine.it\/home_desk\/wp-json\/wp\/v2\/posts\/39046","targetHints":{"allow":["GET"]}}],"collection":[{"href":"https:\/\/imagazine.it\/home_desk\/wp-json\/wp\/v2\/posts"}],"about":[{"href":"https:\/\/imagazine.it\/home_desk\/wp-json\/wp\/v2\/types\/post"}],"author":[{"embeddable":true,"href":"https:\/\/imagazine.it\/home_desk\/wp-json\/wp\/v2\/users\/28"}],"replies":[{"embeddable":true,"href":"https:\/\/imagazine.it\/home_desk\/wp-json\/wp\/v2\/comments?post=39046"}],"version-history":[{"count":0,"href":"https:\/\/imagazine.it\/home_desk\/wp-json\/wp\/v2\/posts\/39046\/revisions"}],"wp:featuredmedia":[{"embeddable":true,"href":"https:\/\/imagazine.it\/home_desk\/wp-json\/wp\/v2\/media\/39047"}],"wp:attachment":[{"href":"https:\/\/imagazine.it\/home_desk\/wp-json\/wp\/v2\/media?parent=39046"}],"wp:term":[{"taxonomy":"category","embeddable":true,"href":"https:\/\/imagazine.it\/home_desk\/wp-json\/wp\/v2\/categories?post=39046"},{"taxonomy":"post_tag","embeddable":true,"href":"https:\/\/imagazine.it\/home_desk\/wp-json\/wp\/v2\/tags?post=39046"}],"curies":[{"name":"wp","href":"https:\/\/api.w.org\/{rel}","templated":true}]}}