{"id":39042,"date":"2021-05-13T00:00:00","date_gmt":"2021-05-12T23:00:00","guid":{"rendered":"https:\/\/imagazine.it\/?p=39042"},"modified":"2021-05-13T00:00:00","modified_gmt":"2021-05-12T23:00:00","slug":"ruda-nuove-aree-fitness-allaperto","status":"publish","type":"post","link":"https:\/\/imagazine.it\/home_desk\/ruda-nuove-aree-fitness-allaperto\/","title":{"rendered":"Ruda, nuove aree fitness all&#8217;aperto"},"content":{"rendered":"<p> \tPresentate ufficialmente delle\u00a0<strong>due nuove aree fitness installate dal Comune di Ruda nelle frazioni di Mortesins e di San Nicol\u00f2<\/strong>.<\/p>\n<p> \tAssieme al sindaco\u00a0<strong>Franco Lenarduzzi<\/strong> c\u2019erano bambini e anziani.<\/p>\n<p> \tStrumenti per stimolare braccia, gambe, addominali, studiati per far compiere il giusto movimento e non rischiare problematiche muscolari o posturali. Ogni attrezzo \u00e8 corredato di\u00a0<strong>apposite istruzioni grafiche<\/strong>, in modo da illustrare al meglio la corretta posizione.<\/p>\n<p> \t\u201cQueste attrezzature per\u00a0fare movimento all\u2019aria aperta, sono adatte a tutti, sia per i pi\u00f9 giovani sia per chi ha qualche anno in pi\u00f9. Abbiamo voluto creare queste zone per stimolare e promuovere l\u2019attivit\u00e0 fisica, fondamentale per mantenere uno stile di vita sano. Luoghi come questi sono anche importantissimi per la socializzazione. Qui le persone di tutte le et\u00e0 posso trovarsi,\u00a0<strong>chiacchierare e fare movimento in sicurezza<\/strong>\u201d, ha commentato il primo cittadino.<\/p>\n<p> \t\u201cCredo che nei paesi &#8211; ha aggiunto l\u2019assessore al Bilancio\u00a0<strong>Simone Ulian<\/strong> &#8211; sia di\u00a0primaria importanza il senso di comunit\u00e0 e la reciproca conoscenza, fondamentale per poter venire in aiuto a chi \u00e8 pi\u00f9 in difficolt\u00e0 o rischia di sentirsi emarginato\u201d.<\/p>\n<p> \tPer celebrare l\u2019inaugurazione \u00e8 stata organizzata\u00a0<strong>una passeggiata alla scoperta del territorio<\/strong>\u00a0con un passaggio per ognuna delle due aree, permettendo ai partecipanti di provare in anteprima gli strumenti ginnici. Un evento pensato dall\u2019Amministrazione comunale assieme al\u00a0<strong>gruppo di cammino attivo \u201cPlanc e Ben\u201d,<\/strong>\u00a0attivo gi\u00e0 da pi\u00f9 di un anno in paese e che coinvolge, per tre volte a settimana, diversi cittadini che, liberamente, si incontrano per fare una camminata.<\/p>\n<p> \tProprio dai promotori del gruppo, nato come azione del progetto di contrasto alla solitudine non voluta \u201cViviRuda\u201d, \u00e8 arrivato un\u00a0vivido apprezzamento per la nuova realizzazione che verr\u00e0 integrata nel consueto itinerario di cammino.\u00a0<\/p>\n<p> \tLe due aree sono sempre aperte e utilizzabili. Si trovano nella zona del\u00a0<strong>Centro Sportivo di San Nicol\u00f2<\/strong>, appena oltre la chiesa, e\u00a0<strong>nell\u2019Area giochi di Mortesins<\/strong>.<\/p>\n","protected":false},"excerpt":{"rendered":"<p>Nelle frazioni di Mortesins e San Nicol\u00f2<\/p>\n","protected":false},"author":22,"featured_media":39043,"comment_status":"closed","ping_status":"closed","sticky":false,"template":"","format":"standard","meta":{"dwc-title":[],"dwc-content":[],"footnotes":""},"categories":[5],"tags":[],"class_list":["post-39042","post","type-post","status-publish","format-standard","has-post-thumbnail","hentry","category-attualita"],"rttpg_featured_image_url":{"full":["https:\/\/imagazine.it\/wp-content\/uploads\/2024\/01\/39984-1.webp",750,607,false],"landscape":["https:\/\/imagazine.it\/wp-content\/uploads\/2024\/01\/39984-1.webp",750,607,false],"portraits":["https:\/\/imagazine.it\/wp-content\/uploads\/2024\/01\/39984-1.webp",750,607,false],"thumbnail":["https:\/\/imagazine.it\/wp-content\/uploads\/2024\/01\/39984-1-150x150.webp",150,150,true],"medium":["https:\/\/imagazine.it\/wp-content\/uploads\/2024\/01\/39984-1-300x243.webp",300,243,true],"large":["https:\/\/imagazine.it\/wp-content\/uploads\/2024\/01\/39984-1.webp",640,518,false],"thumblist":["https:\/\/imagazine.it\/wp-content\/uploads\/2024\/01\/39984-1.webp",300,243,false],"thumbrelated":["https:\/\/imagazine.it\/wp-content\/uploads\/2024\/01\/39984-1.webp",500,405,false],"meccarouselthumb":["https:\/\/imagazine.it\/wp-content\/uploads\/2024\/01\/39984-1.webp",400,324,false],"gridsquare":["https:\/\/imagazine.it\/wp-content\/uploads\/2024\/01\/39984-1.webp",321,260,false],"tileview":["https:\/\/imagazine.it\/wp-content\/uploads\/2024\/01\/39984-1.webp",300,243,false],"1536x1536":["https:\/\/imagazine.it\/wp-content\/uploads\/2024\/01\/39984-1.webp",750,607,false],"2048x2048":["https:\/\/imagazine.it\/wp-content\/uploads\/2024\/01\/39984-1.webp",750,607,false],"newsup-slider-full":["https:\/\/imagazine.it\/wp-content\/uploads\/2024\/01\/39984-1.webp",750,607,false],"newsup-featured":["https:\/\/imagazine.it\/wp-content\/uploads\/2024\/01\/39984-1.webp",750,607,false],"newsup-medium":["https:\/\/imagazine.it\/wp-content\/uploads\/2024\/01\/39984-1-720x380.webp",720,380,true],"tptn_thumbnail":["https:\/\/imagazine.it\/wp-content\/uploads\/2024\/01\/39984-1.webp",250,202,false],"sow-carousel-default":["https:\/\/imagazine.it\/wp-content\/uploads\/2024\/01\/39984-1-272x182.webp",272,182,true]},"rttpg_author":{"display_name":"Livio Nonis","author_link":"https:\/\/imagazine.it\/home_desk\/author\/nonis\/"},"rttpg_comment":0,"rttpg_category":"<a href=\"https:\/\/imagazine.it\/home_desk\/category\/attualita\/\" rel=\"category tag\">ATTUALIT\u00c0<\/a>","rttpg_excerpt":"Nelle frazioni di Mortesins e San Nicol\u00f2","_links":{"self":[{"href":"https:\/\/imagazine.it\/home_desk\/wp-json\/wp\/v2\/posts\/39042","targetHints":{"allow":["GET"]}}],"collection":[{"href":"https:\/\/imagazine.it\/home_desk\/wp-json\/wp\/v2\/posts"}],"about":[{"href":"https:\/\/imagazine.it\/home_desk\/wp-json\/wp\/v2\/types\/post"}],"author":[{"embeddable":true,"href":"https:\/\/imagazine.it\/home_desk\/wp-json\/wp\/v2\/users\/22"}],"replies":[{"embeddable":true,"href":"https:\/\/imagazine.it\/home_desk\/wp-json\/wp\/v2\/comments?post=39042"}],"version-history":[{"count":0,"href":"https:\/\/imagazine.it\/home_desk\/wp-json\/wp\/v2\/posts\/39042\/revisions"}],"wp:featuredmedia":[{"embeddable":true,"href":"https:\/\/imagazine.it\/home_desk\/wp-json\/wp\/v2\/media\/39043"}],"wp:attachment":[{"href":"https:\/\/imagazine.it\/home_desk\/wp-json\/wp\/v2\/media?parent=39042"}],"wp:term":[{"taxonomy":"category","embeddable":true,"href":"https:\/\/imagazine.it\/home_desk\/wp-json\/wp\/v2\/categories?post=39042"},{"taxonomy":"post_tag","embeddable":true,"href":"https:\/\/imagazine.it\/home_desk\/wp-json\/wp\/v2\/tags?post=39042"}],"curies":[{"name":"wp","href":"https:\/\/api.w.org\/{rel}","templated":true}]}}