{"id":39041,"date":"2021-05-12T00:00:00","date_gmt":"2021-05-11T23:00:00","guid":{"rendered":"https:\/\/imagazine.it\/?p=39041"},"modified":"2021-05-12T00:00:00","modified_gmt":"2021-05-11T23:00:00","slug":"giro-ditalia-unaltra-notte-in-rosa-per-alessandro-de-marchi","status":"publish","type":"post","link":"https:\/\/imagazine.it\/home_desk\/giro-ditalia-unaltra-notte-in-rosa-per-alessandro-de-marchi\/","title":{"rendered":"Giro d\u2019Italia, un\u2019altra notte in rosa per Alessandro De Marchi"},"content":{"rendered":"<p> \tCome prevedibile, la quinta tappa del Giro d\u2019Italia non ha prodotto scossoni alla classifica generale, nonostante alcune cadute rovinose, come quella che \u00e8 costata il secondo posto al vincitore di ieri, Joseph Dombrowski: a vincere l\u2019arrivo in volata a Cattolica \u00e8 stato <strong>Caleb Ewan<\/strong>.<\/p>\n<p> \tIl friulano <strong>Alessandro De Marchi<\/strong> resta cos\u00ec in maglia rosa per il secondo giorno consecutivo, con 42 secondi di vantaggio su <strong>Louis\u00a0Vervaeke<\/strong> e 48 su <strong>Nelson Oliveira<\/strong>.<\/p>\n<p> \t&#8220;La mia parte della tappa \u00e8 stata abbastanza tranquilla mentre nel finale c&#39;\u00e8 stata tanta agitazione. Spero che i corridori che sono caduti negli ultimi km stiano bene. Domani cercher\u00f2 di mantenere questa Maglia e di aiutare Dan Martin&#8221;, ha affermato De Marchi a fine corsa.<\/p>\n<p> \tDomani \u00e8 in programma la sesta frazione, da Grotte di Frasassi ad Ascoli Piceno su un percorso di 160 km.<\/p>\n","protected":false},"excerpt":{"rendered":"<p>Dopo la quinta tappa<\/p>\n","protected":false},"author":28,"featured_media":0,"comment_status":"closed","ping_status":"closed","sticky":false,"template":"","format":"standard","meta":{"dwc-title":[],"dwc-content":[],"footnotes":""},"categories":[38],"tags":[],"class_list":["post-39041","post","type-post","status-publish","format-standard","hentry","category-sport"],"rttpg_featured_image_url":null,"rttpg_author":{"display_name":"redazione","author_link":"https:\/\/imagazine.it\/home_desk\/author\/redazione\/"},"rttpg_comment":0,"rttpg_category":"<a href=\"https:\/\/imagazine.it\/home_desk\/category\/sport\/\" rel=\"category tag\">SPORT<\/a>","rttpg_excerpt":"Dopo la quinta tappa","_links":{"self":[{"href":"https:\/\/imagazine.it\/home_desk\/wp-json\/wp\/v2\/posts\/39041","targetHints":{"allow":["GET"]}}],"collection":[{"href":"https:\/\/imagazine.it\/home_desk\/wp-json\/wp\/v2\/posts"}],"about":[{"href":"https:\/\/imagazine.it\/home_desk\/wp-json\/wp\/v2\/types\/post"}],"author":[{"embeddable":true,"href":"https:\/\/imagazine.it\/home_desk\/wp-json\/wp\/v2\/users\/28"}],"replies":[{"embeddable":true,"href":"https:\/\/imagazine.it\/home_desk\/wp-json\/wp\/v2\/comments?post=39041"}],"version-history":[{"count":0,"href":"https:\/\/imagazine.it\/home_desk\/wp-json\/wp\/v2\/posts\/39041\/revisions"}],"wp:attachment":[{"href":"https:\/\/imagazine.it\/home_desk\/wp-json\/wp\/v2\/media?parent=39041"}],"wp:term":[{"taxonomy":"category","embeddable":true,"href":"https:\/\/imagazine.it\/home_desk\/wp-json\/wp\/v2\/categories?post=39041"},{"taxonomy":"post_tag","embeddable":true,"href":"https:\/\/imagazine.it\/home_desk\/wp-json\/wp\/v2\/tags?post=39041"}],"curies":[{"name":"wp","href":"https:\/\/api.w.org\/{rel}","templated":true}]}}