{"id":39033,"date":"2021-05-12T00:00:00","date_gmt":"2021-05-11T23:00:00","guid":{"rendered":"https:\/\/imagazine.it\/?p=39033"},"modified":"2021-05-12T00:00:00","modified_gmt":"2021-05-11T23:00:00","slug":"centri-estivi-in-fvg-partenza-il-10-giugno","status":"publish","type":"post","link":"https:\/\/imagazine.it\/home_desk\/centri-estivi-in-fvg-partenza-il-10-giugno\/","title":{"rendered":"Centri estivi, in FVG partenza il 10 giugno"},"content":{"rendered":"<p> \tSono state pubblicate <u><a href=\"http:\/\/www.regione.fvg.it\/rafvg\/cms\/RAFVG\/famiglia-casa\/politiche-famiglia\/FOGLIA30\/\" target=\"_blank\" rel=\"noopener\"><span style=\"color:#0000ff;\">sul sito della Regione Friuli Venezia Giulia le indicazioni per la riapertura<\/span><\/a><\/u> con decorrenza dal <strong>10 giugno dei Centri estivi<\/strong>, in linea con quanto previsto dalla Presidenza del Consiglio dei Ministri nelle Linee Guida per la gestione in sicurezza di attivit\u00e0 educative e ricreative per minori, aggiornate al 2 marzo 2021.<\/p>\n<p> \t&#8220;Ci siamo impegnati ad avviare il servizio con modalit\u00e0 pi\u00f9 flessibili e semplificate rispetto allo scorso anno&#8221;, ha affermato l&#39;assessore regionale all&#39;Istruzione e alla Famiglia <strong>Alessia Rosolen<\/strong>. &#8220;Vogliamo continuare a erogare servizi a supporto delle famiglie e stiamo lavorando per garantire anche quest&#39;estate i centri estivi in sicurezza: ricordo che la nostra Regione ha <u><a href=\"http:\/\/www.imagazine.it\/notizie-trieste-gorizia-udine-friuli\/10240\" target=\"_blank\" rel=\"noopener\"><span style=\"color:#0000ff;\">aperto il piano vaccinale anche al personale dei Centri<\/span><\/a><\/u>&#8220;.<\/p>\n<p> \tPer prenotarsi \u00e8 sufficiente accedere al Cup e presentare la dichiarazione disponibile on line nella sezione dedicata alle attivit\u00e0 per minori, segnalando di appartenere alla categoria &#8220;personale scolastico&#8221;.<\/p>\n<p> \tCome ha rilevato Rosolen, &#8220;il patto di responsabilit\u00e0 tra l&#39;ente gestore, il personale e i genitori coinvolti, per il rispetto delle regole di gestione dei servizi finalizzate al contrasto della diffusione del virus, gi\u00e0 previsto lo scorso anno dalle linee guida nazionali, non \u00e8 pi\u00f9 obbligatorio ma continueremo a caldeggiarlo tra gli Enti Gestori ritenendolo uno strumento utile per un&#39;alleanza con le famiglie al fine di garantire la gestione in sicurezza dei Centri&#8221;.<\/p>\n<p> \tLe indicazioni regionali si applicano a tutte le opportunit\u00e0 organizzate di socialit\u00e0 e gioco, a carattere diurno e con pernottamento, per bambini e adolescenti.<\/p>\n<p> \tPer l&#39;apertura di un Centro estivo o di un Centro Vacanza per minori \u00e8 necessario presentare al Comune in cui \u00e8 ubicato il Centro la Segnalazione Certificata di inizio Attivit\u00e0 (SCIA) semplificata rispetto allo scorso anno.<\/p>\n<p> \tGli Enti Gestori devono presentare anche un progetto organizzativo per il quale non \u00e8 prevista l&#39;autorizzazione preventiva da parte dei Comuni e delle Aziende Sanitarie Locali. Rispetto alla scorsa estate, in accordo con quanto definito dal Regolamento regionale dei centri di vacanza per minori, viene ampliato il rapporto numerico tra bambini ed educatori: 1 a 10 per minori da 3 a 6 anni, 1 a 15 se i minori hanno una fascia di et\u00e0 tra i 7 e i 17 anni, ridotto a 1 a 10 per centri con pernottamento.<\/p>\n<p> \tPer i nuclei familiari con figli di et\u00e0 compresa tra i 3-14 anni e per i titolari di Carta Famiglia \u00e8 previsto il rimborso delle spese sostenute per i centri estivi e\/o per servizi di baby sitting. Nell&#39;ultima legge di stabilit\u00e0, l&#39;Amministrazione regionale ha stanziato 2 milioni di euro.<\/p>\n<p> \tRestano in vigore tutte le misure igienico-sanitarie, oramai consolidate, tra cui: un&#39;adeguata aereazione dei locali, il distanziamento interpersonale, la continuit\u00e0 tra gruppi educativi, il registro per il tracciamento dei gruppi in caso di focolaio.<\/p>\n<p> \tSi possono chiedere informazioni alla seguente mail: <strong>centriestivi@regione.fvg.it<\/strong><\/p>\n","protected":false},"excerpt":{"rendered":"<p>Ufficializzate le indicazioni per la riapertura<\/p>\n","protected":false},"author":28,"featured_media":39034,"comment_status":"closed","ping_status":"closed","sticky":false,"template":"","format":"standard","meta":{"dwc-title":[],"dwc-content":[],"footnotes":""},"categories":[5],"tags":[],"class_list":["post-39033","post","type-post","status-publish","format-standard","has-post-thumbnail","hentry","category-attualita"],"rttpg_featured_image_url":{"full":["https:\/\/imagazine.it\/wp-content\/uploads\/2024\/01\/39971-1.webp",1280,1056,false],"landscape":["https:\/\/imagazine.it\/wp-content\/uploads\/2024\/01\/39971-1.webp",1280,1056,false],"portraits":["https:\/\/imagazine.it\/wp-content\/uploads\/2024\/01\/39971-1.webp",1280,1056,false],"thumbnail":["https:\/\/imagazine.it\/wp-content\/uploads\/2024\/01\/39971-1-150x150.webp",150,150,true],"medium":["https:\/\/imagazine.it\/wp-content\/uploads\/2024\/01\/39971-1-300x248.webp",300,248,true],"large":["https:\/\/imagazine.it\/wp-content\/uploads\/2024\/01\/39971-1-1024x845.webp",640,528,true],"thumblist":["https:\/\/imagazine.it\/wp-content\/uploads\/2024\/01\/39971-1.webp",300,248,false],"thumbrelated":["https:\/\/imagazine.it\/wp-content\/uploads\/2024\/01\/39971-1.webp",500,413,false],"meccarouselthumb":["https:\/\/imagazine.it\/wp-content\/uploads\/2024\/01\/39971-1.webp",393,324,false],"gridsquare":["https:\/\/imagazine.it\/wp-content\/uploads\/2024\/01\/39971-1.webp",315,260,false],"tileview":["https:\/\/imagazine.it\/wp-content\/uploads\/2024\/01\/39971-1.webp",300,248,false],"1536x1536":["https:\/\/imagazine.it\/wp-content\/uploads\/2024\/01\/39971-1.webp",1280,1056,false],"2048x2048":["https:\/\/imagazine.it\/wp-content\/uploads\/2024\/01\/39971-1.webp",1280,1056,false],"newsup-slider-full":["https:\/\/imagazine.it\/wp-content\/uploads\/2024\/01\/39971-1-1280x720.webp",1280,720,true],"newsup-featured":["https:\/\/imagazine.it\/wp-content\/uploads\/2024\/01\/39971-1-1024x845.webp",1024,845,true],"newsup-medium":["https:\/\/imagazine.it\/wp-content\/uploads\/2024\/01\/39971-1-720x380.webp",720,380,true],"tptn_thumbnail":["https:\/\/imagazine.it\/wp-content\/uploads\/2024\/01\/39971-1.webp",250,206,false],"sow-carousel-default":["https:\/\/imagazine.it\/wp-content\/uploads\/2024\/01\/39971-1-272x182.webp",272,182,true]},"rttpg_author":{"display_name":"redazione","author_link":"https:\/\/imagazine.it\/home_desk\/author\/redazione\/"},"rttpg_comment":0,"rttpg_category":"<a href=\"https:\/\/imagazine.it\/home_desk\/category\/attualita\/\" rel=\"category tag\">ATTUALIT\u00c0<\/a>","rttpg_excerpt":"Ufficializzate le indicazioni per la riapertura","_links":{"self":[{"href":"https:\/\/imagazine.it\/home_desk\/wp-json\/wp\/v2\/posts\/39033","targetHints":{"allow":["GET"]}}],"collection":[{"href":"https:\/\/imagazine.it\/home_desk\/wp-json\/wp\/v2\/posts"}],"about":[{"href":"https:\/\/imagazine.it\/home_desk\/wp-json\/wp\/v2\/types\/post"}],"author":[{"embeddable":true,"href":"https:\/\/imagazine.it\/home_desk\/wp-json\/wp\/v2\/users\/28"}],"replies":[{"embeddable":true,"href":"https:\/\/imagazine.it\/home_desk\/wp-json\/wp\/v2\/comments?post=39033"}],"version-history":[{"count":0,"href":"https:\/\/imagazine.it\/home_desk\/wp-json\/wp\/v2\/posts\/39033\/revisions"}],"wp:featuredmedia":[{"embeddable":true,"href":"https:\/\/imagazine.it\/home_desk\/wp-json\/wp\/v2\/media\/39034"}],"wp:attachment":[{"href":"https:\/\/imagazine.it\/home_desk\/wp-json\/wp\/v2\/media?parent=39033"}],"wp:term":[{"taxonomy":"category","embeddable":true,"href":"https:\/\/imagazine.it\/home_desk\/wp-json\/wp\/v2\/categories?post=39033"},{"taxonomy":"post_tag","embeddable":true,"href":"https:\/\/imagazine.it\/home_desk\/wp-json\/wp\/v2\/tags?post=39033"}],"curies":[{"name":"wp","href":"https:\/\/api.w.org\/{rel}","templated":true}]}}