{"id":39029,"date":"2021-05-12T00:00:00","date_gmt":"2021-05-11T23:00:00","guid":{"rendered":"https:\/\/imagazine.it\/?p=39029"},"modified":"2021-05-12T00:00:00","modified_gmt":"2021-05-11T23:00:00","slug":"a-monfalcone-un-percorso-di-studi-sulle-professioni-del-mare","status":"publish","type":"post","link":"https:\/\/imagazine.it\/home_desk\/a-monfalcone-un-percorso-di-studi-sulle-professioni-del-mare\/","title":{"rendered":"A Monfalcone un percorso di studi sulle professioni del mare"},"content":{"rendered":"<p> \t<strong>Monfalcone<\/strong> sar\u00e0 sede di un nuovo percorso di studi legati alle professioni del mare. \u00c8 quanto concordato fra il sindaco <strong>Anna Maria Cisint<\/strong> e il direttore e dell\u2019Accademia Nautica dell\u2019Adriatico, <strong>Bruno Zvech<\/strong>.<\/p>\n<p> \t\u201cSi tratta di un risultato molto importante \u2013 sottolinea il sindaco Cisint \u2013 perch\u00e9 \u00e8 un ulteriore tappa nell\u2019azione che stiamo portando avanti nella logica di offrire ai nostri giovani percorsi formativi finalizzati a dare concrete opportunit\u00e0 di lavoro sulla base delle vocazioni del territorio legate ai cantieri, alla nautica, al porto e alle attivit\u00e0 marittime. Fa seguito all\u2019esperienza realizzata assieme a Fincantieri e all\u2019Istituto Pertini dove sono gi\u00e0 partiti i corsi al termine dei quali gli allievi saranno inseriti direttamente in azienda\u201d.<\/p>\n<p> \tObiettivo del Comune \u00e8 quello di fare della citt\u00e0 un centro di riferimento per la formazione in questi settori e l\u2019intesa raggiunta con l\u2019Accademia nautica, che gi\u00e0 \u00e8 attiva in regione con sei corsi di alta formazione in ambito marittimo portuale, rappresenta una nuova opportunit\u00e0 in questo senso.<\/p>\n<p> \t\u201cVogliamo che le risorse e i talenti del nostro territorio \u2013 rileva il sindaco Cisint \u2013 non vadano disperse per mancanza di opportunit\u00e0 e nello stesso tempo vogliamo che le realt\u00e0 produttive del monfalconese puntino a valorizzare questi talenti e per questo \u00e8\u2019 necessario promuoverne l\u2019arricchimento professionale con esperienze concrete di formazione-lavoro. Non solo i cantieri navali, ma l\u2019intera filiera della nautica e le altre attivit\u00e0 legate al mare e alla logistica sono parte dell\u2019impegno che stiamo sviluppando per una crescita economica innovativa e sostenibile. Abbiamo dato all\u2019Accademia Navale tutta la nostra disponibilit\u00e0 per concretizzare rapidamente questo progetto. La citt\u00e0 ha le aule e spazi necessari, nonch\u00e9 una banchina libera che potrebbe essere a disposizione dell\u2019Accademia\u201d.<\/p>\n","protected":false},"excerpt":{"rendered":"<p>Accordo tra Comune e Accademia Nautica<\/p>\n","protected":false},"author":28,"featured_media":39030,"comment_status":"closed","ping_status":"closed","sticky":false,"template":"","format":"standard","meta":{"dwc-title":[],"dwc-content":[],"footnotes":""},"categories":[5],"tags":[],"class_list":["post-39029","post","type-post","status-publish","format-standard","has-post-thumbnail","hentry","category-attualita"],"rttpg_featured_image_url":{"full":["https:\/\/imagazine.it\/wp-content\/uploads\/2024\/01\/39967-1.webp",1000,755,false],"landscape":["https:\/\/imagazine.it\/wp-content\/uploads\/2024\/01\/39967-1.webp",1000,755,false],"portraits":["https:\/\/imagazine.it\/wp-content\/uploads\/2024\/01\/39967-1.webp",1000,755,false],"thumbnail":["https:\/\/imagazine.it\/wp-content\/uploads\/2024\/01\/39967-1-150x150.webp",150,150,true],"medium":["https:\/\/imagazine.it\/wp-content\/uploads\/2024\/01\/39967-1-300x227.webp",300,227,true],"large":["https:\/\/imagazine.it\/wp-content\/uploads\/2024\/01\/39967-1.webp",640,483,false],"thumblist":["https:\/\/imagazine.it\/wp-content\/uploads\/2024\/01\/39967-1.webp",300,227,false],"thumbrelated":["https:\/\/imagazine.it\/wp-content\/uploads\/2024\/01\/39967-1.webp",500,378,false],"meccarouselthumb":["https:\/\/imagazine.it\/wp-content\/uploads\/2024\/01\/39967-1.webp",429,324,false],"gridsquare":["https:\/\/imagazine.it\/wp-content\/uploads\/2024\/01\/39967-1.webp",344,260,false],"tileview":["https:\/\/imagazine.it\/wp-content\/uploads\/2024\/01\/39967-1.webp",300,227,false],"1536x1536":["https:\/\/imagazine.it\/wp-content\/uploads\/2024\/01\/39967-1.webp",1000,755,false],"2048x2048":["https:\/\/imagazine.it\/wp-content\/uploads\/2024\/01\/39967-1.webp",1000,755,false],"newsup-slider-full":["https:\/\/imagazine.it\/wp-content\/uploads\/2024\/01\/39967-1-1000x720.webp",1000,720,true],"newsup-featured":["https:\/\/imagazine.it\/wp-content\/uploads\/2024\/01\/39967-1.webp",1000,755,false],"newsup-medium":["https:\/\/imagazine.it\/wp-content\/uploads\/2024\/01\/39967-1-720x380.webp",720,380,true],"tptn_thumbnail":["https:\/\/imagazine.it\/wp-content\/uploads\/2024\/01\/39967-1.webp",250,189,false],"sow-carousel-default":["https:\/\/imagazine.it\/wp-content\/uploads\/2024\/01\/39967-1-272x182.webp",272,182,true]},"rttpg_author":{"display_name":"redazione","author_link":"https:\/\/imagazine.it\/home_desk\/author\/redazione\/"},"rttpg_comment":0,"rttpg_category":"<a href=\"https:\/\/imagazine.it\/home_desk\/category\/attualita\/\" rel=\"category tag\">ATTUALIT\u00c0<\/a>","rttpg_excerpt":"Accordo tra Comune e Accademia Nautica","_links":{"self":[{"href":"https:\/\/imagazine.it\/home_desk\/wp-json\/wp\/v2\/posts\/39029","targetHints":{"allow":["GET"]}}],"collection":[{"href":"https:\/\/imagazine.it\/home_desk\/wp-json\/wp\/v2\/posts"}],"about":[{"href":"https:\/\/imagazine.it\/home_desk\/wp-json\/wp\/v2\/types\/post"}],"author":[{"embeddable":true,"href":"https:\/\/imagazine.it\/home_desk\/wp-json\/wp\/v2\/users\/28"}],"replies":[{"embeddable":true,"href":"https:\/\/imagazine.it\/home_desk\/wp-json\/wp\/v2\/comments?post=39029"}],"version-history":[{"count":0,"href":"https:\/\/imagazine.it\/home_desk\/wp-json\/wp\/v2\/posts\/39029\/revisions"}],"wp:featuredmedia":[{"embeddable":true,"href":"https:\/\/imagazine.it\/home_desk\/wp-json\/wp\/v2\/media\/39030"}],"wp:attachment":[{"href":"https:\/\/imagazine.it\/home_desk\/wp-json\/wp\/v2\/media?parent=39029"}],"wp:term":[{"taxonomy":"category","embeddable":true,"href":"https:\/\/imagazine.it\/home_desk\/wp-json\/wp\/v2\/categories?post=39029"},{"taxonomy":"post_tag","embeddable":true,"href":"https:\/\/imagazine.it\/home_desk\/wp-json\/wp\/v2\/tags?post=39029"}],"curies":[{"name":"wp","href":"https:\/\/api.w.org\/{rel}","templated":true}]}}