{"id":39023,"date":"2021-05-12T00:00:00","date_gmt":"2021-05-11T23:00:00","guid":{"rendered":"https:\/\/imagazine.it\/?p=39023"},"modified":"2021-05-12T00:00:00","modified_gmt":"2021-05-11T23:00:00","slug":"dal-friuli-lalloggio-ecologico-a-prova-di-confort","status":"publish","type":"post","link":"https:\/\/imagazine.it\/home_desk\/dal-friuli-lalloggio-ecologico-a-prova-di-confort\/","title":{"rendered":"Dal Friuli l&#8217;alloggio ecologico a prova di confort"},"content":{"rendered":"<p> \tLa rinascita post-Covid corre sul filo del <strong>turismo lento<\/strong>. Il Comune di Forgaria nel Friuli ha messo a punto un programma all&#39;insegna dell&#39;interrelazione tra i punti di forza del territorio. E spicca, nel &#8220;cartellone&#8221; d&#39;insieme, una novit\u00e0 pronta al debutto: dalla sinergia fra amministrazione civica, Promoturismo e Friland (progetto di <em>hospitality<\/em> che permette di vivere un&#39;esperienza immersiva nel verde) \u00e8 nata la realizzazione di un <strong>mini-alloggio ecologico sull&#39;altopiano del Monte Prat<\/strong>, pronto ad accogliere chi desidera calarsi nella natura senza tuttavia rinunciare al confort.<\/p>\n<p> \t\u00ab\u00c8 una delle sorprese che la stagione 2021 offrir\u00e0 ai nostri visitatori &#8211; commenta l&#39;assessore comunale al turismo <strong>Pierluigi Molinaro<\/strong> -: per ripartire con slancio dopo i lunghi mesi dell&#39;emergenza sanitaria abbiamo dato vita a un <strong>piano integrato,<\/strong> che si strutturer\u00e0 per itinerari e che viene ulteriormente avvalorato da questa nuovissima proposta, parte integrante del progetto <strong>Sportland<\/strong>. Il rilancio post-pandemia si impernier\u00e0 dunque sull&#39;altopiano del monte Prat, sulla Riserva naturale regionale del lago di Cornino naturalmente, la cui stagione si \u00e8 aperta il primo maggio e si annuncia foriera dei consueti grandi eventi, sui laghetti Pakar, dove si pu\u00f2 praticare la pesca sportiva, sul Tagliamento: obiettivo \u00e8 far leva sul turismo lento e naturalistico, dimensione sempre pi\u00f9 ricercata dai visitatori, sfruttando le ricchezze del nostro comprensorio, dove le opportunit\u00e0 escursionistiche sono davvero tante\u00bb.<\/p>\n<p> \tAlla casetta ecologica si potr\u00e0 accedere su prenotazione (contattando Friland): \u00ab<strong>Se l&#39;esperienza si riveler\u00e0 vincente<\/strong> &#8211; anticipa l&#39;assessore Molinaro &#8211; potremo pensare di <strong>replicarla in altre location, in prossimit\u00e0 del lago di Cornino, per esempio, e sul Tagliamento<\/strong>\u00bb.<\/p>\n","protected":false},"excerpt":{"rendered":"<p>Iniziativa del Comune di Forgaria<\/p>\n","protected":false},"author":28,"featured_media":39024,"comment_status":"closed","ping_status":"closed","sticky":false,"template":"","format":"standard","meta":{"dwc-title":[],"dwc-content":[],"footnotes":""},"categories":[8],"tags":[],"class_list":["post-39023","post","type-post","status-publish","format-standard","has-post-thumbnail","hentry","category-turismo"],"rttpg_featured_image_url":{"full":["https:\/\/imagazine.it\/wp-content\/uploads\/2024\/01\/39962-1.webp",1000,750,false],"landscape":["https:\/\/imagazine.it\/wp-content\/uploads\/2024\/01\/39962-1.webp",1000,750,false],"portraits":["https:\/\/imagazine.it\/wp-content\/uploads\/2024\/01\/39962-1.webp",1000,750,false],"thumbnail":["https:\/\/imagazine.it\/wp-content\/uploads\/2024\/01\/39962-1-150x150.webp",150,150,true],"medium":["https:\/\/imagazine.it\/wp-content\/uploads\/2024\/01\/39962-1-300x225.webp",300,225,true],"large":["https:\/\/imagazine.it\/wp-content\/uploads\/2024\/01\/39962-1.webp",640,480,false],"thumblist":["https:\/\/imagazine.it\/wp-content\/uploads\/2024\/01\/39962-1.webp",300,225,false],"thumbrelated":["https:\/\/imagazine.it\/wp-content\/uploads\/2024\/01\/39962-1.webp",500,375,false],"meccarouselthumb":["https:\/\/imagazine.it\/wp-content\/uploads\/2024\/01\/39962-1.webp",432,324,false],"gridsquare":["https:\/\/imagazine.it\/wp-content\/uploads\/2024\/01\/39962-1.webp",347,260,false],"tileview":["https:\/\/imagazine.it\/wp-content\/uploads\/2024\/01\/39962-1.webp",300,225,false],"1536x1536":["https:\/\/imagazine.it\/wp-content\/uploads\/2024\/01\/39962-1.webp",1000,750,false],"2048x2048":["https:\/\/imagazine.it\/wp-content\/uploads\/2024\/01\/39962-1.webp",1000,750,false],"newsup-slider-full":["https:\/\/imagazine.it\/wp-content\/uploads\/2024\/01\/39962-1-1000x720.webp",1000,720,true],"newsup-featured":["https:\/\/imagazine.it\/wp-content\/uploads\/2024\/01\/39962-1.webp",1000,750,false],"newsup-medium":["https:\/\/imagazine.it\/wp-content\/uploads\/2024\/01\/39962-1-720x380.webp",720,380,true],"tptn_thumbnail":["https:\/\/imagazine.it\/wp-content\/uploads\/2024\/01\/39962-1.webp",250,188,false],"sow-carousel-default":["https:\/\/imagazine.it\/wp-content\/uploads\/2024\/01\/39962-1-272x182.webp",272,182,true]},"rttpg_author":{"display_name":"redazione","author_link":"https:\/\/imagazine.it\/home_desk\/author\/redazione\/"},"rttpg_comment":0,"rttpg_category":"<a href=\"https:\/\/imagazine.it\/home_desk\/category\/turismo\/\" rel=\"category tag\">TURISMO<\/a>","rttpg_excerpt":"Iniziativa del Comune di Forgaria","_links":{"self":[{"href":"https:\/\/imagazine.it\/home_desk\/wp-json\/wp\/v2\/posts\/39023","targetHints":{"allow":["GET"]}}],"collection":[{"href":"https:\/\/imagazine.it\/home_desk\/wp-json\/wp\/v2\/posts"}],"about":[{"href":"https:\/\/imagazine.it\/home_desk\/wp-json\/wp\/v2\/types\/post"}],"author":[{"embeddable":true,"href":"https:\/\/imagazine.it\/home_desk\/wp-json\/wp\/v2\/users\/28"}],"replies":[{"embeddable":true,"href":"https:\/\/imagazine.it\/home_desk\/wp-json\/wp\/v2\/comments?post=39023"}],"version-history":[{"count":0,"href":"https:\/\/imagazine.it\/home_desk\/wp-json\/wp\/v2\/posts\/39023\/revisions"}],"wp:featuredmedia":[{"embeddable":true,"href":"https:\/\/imagazine.it\/home_desk\/wp-json\/wp\/v2\/media\/39024"}],"wp:attachment":[{"href":"https:\/\/imagazine.it\/home_desk\/wp-json\/wp\/v2\/media?parent=39023"}],"wp:term":[{"taxonomy":"category","embeddable":true,"href":"https:\/\/imagazine.it\/home_desk\/wp-json\/wp\/v2\/categories?post=39023"},{"taxonomy":"post_tag","embeddable":true,"href":"https:\/\/imagazine.it\/home_desk\/wp-json\/wp\/v2\/tags?post=39023"}],"curies":[{"name":"wp","href":"https:\/\/api.w.org\/{rel}","templated":true}]}}