{"id":39021,"date":"2021-05-12T00:00:00","date_gmt":"2021-05-11T23:00:00","guid":{"rendered":"https:\/\/imagazine.it\/?p=39021"},"modified":"2021-05-12T00:00:00","modified_gmt":"2021-05-11T23:00:00","slug":"quanto-durera-la-maglia-rosa-friulana","status":"publish","type":"post","link":"https:\/\/imagazine.it\/home_desk\/quanto-durera-la-maglia-rosa-friulana\/","title":{"rendered":"Quanto durer\u00e0 la Maglia Rosa friulana?"},"content":{"rendered":"<p> \tIl friulano <strong>Alessandro De Marchi<\/strong> di Buja indosser\u00e0 oggi la Maglia Rosa nella quinta tappa del Giro d\u2019Italia, da Modena a Cattolica, dopo il secondo posto nella frazione di ieri con arrivo a Sestola, alle spalle del vincitore <strong>Joe Dombrowski<\/strong> che, in classifica generale, lo segue a 22 secondi.<\/p>\n<p> \t<em>\u201cHo un modo di correre aggressivo e la maggior parte dei tentativi di fuga in passato non sono andati in porto ma non credo di aver commesso errori particolari in questi undici anni da pro. Questa Maglia Rosa \u00e8 la prova che\u00a0non bisogna mollare mai. I bambini quando iniziano a correre sognano questa Maglia, qualche giorno fa ho iniziato a pensare che avrei potuto indossarla ed oggi\u00a0\u00e8\u00a0successo. Quando si \u00e8 creata una fuga composta da tanti corridori ho capito che avevo una buona opportunit\u00e0. Oltre alla Maglia Rosa, \u00e8 ancora pi\u00f9 gratificante sapere che molte persone sono contente di quello che ho\u00a0fatto oggi\u201d, ha dichiarato ieri De Marchi nella conferenza stampa post tappa.<\/em><\/p>\n","protected":false},"excerpt":{"rendered":"<p>Oggi la quinta tappa<\/p>\n","protected":false},"author":28,"featured_media":39022,"comment_status":"closed","ping_status":"closed","sticky":false,"template":"","format":"standard","meta":{"dwc-title":[],"dwc-content":[],"footnotes":""},"categories":[38],"tags":[],"class_list":["post-39021","post","type-post","status-publish","format-standard","has-post-thumbnail","hentry","category-sport"],"rttpg_featured_image_url":{"full":["https:\/\/imagazine.it\/wp-content\/uploads\/2024\/01\/39955-1.webp",1000,667,false],"landscape":["https:\/\/imagazine.it\/wp-content\/uploads\/2024\/01\/39955-1.webp",1000,667,false],"portraits":["https:\/\/imagazine.it\/wp-content\/uploads\/2024\/01\/39955-1.webp",1000,667,false],"thumbnail":["https:\/\/imagazine.it\/wp-content\/uploads\/2024\/01\/39955-1-150x150.webp",150,150,true],"medium":["https:\/\/imagazine.it\/wp-content\/uploads\/2024\/01\/39955-1-300x200.webp",300,200,true],"large":["https:\/\/imagazine.it\/wp-content\/uploads\/2024\/01\/39955-1.webp",640,427,false],"thumblist":["https:\/\/imagazine.it\/wp-content\/uploads\/2024\/01\/39955-1.webp",300,200,false],"thumbrelated":["https:\/\/imagazine.it\/wp-content\/uploads\/2024\/01\/39955-1.webp",500,334,false],"meccarouselthumb":["https:\/\/imagazine.it\/wp-content\/uploads\/2024\/01\/39955-1.webp",474,316,false],"gridsquare":["https:\/\/imagazine.it\/wp-content\/uploads\/2024\/01\/39955-1.webp",391,260,false],"tileview":["https:\/\/imagazine.it\/wp-content\/uploads\/2024\/01\/39955-1.webp",300,200,false],"1536x1536":["https:\/\/imagazine.it\/wp-content\/uploads\/2024\/01\/39955-1.webp",1000,667,false],"2048x2048":["https:\/\/imagazine.it\/wp-content\/uploads\/2024\/01\/39955-1.webp",1000,667,false],"newsup-slider-full":["https:\/\/imagazine.it\/wp-content\/uploads\/2024\/01\/39955-1.webp",1000,667,false],"newsup-featured":["https:\/\/imagazine.it\/wp-content\/uploads\/2024\/01\/39955-1.webp",1000,667,false],"newsup-medium":["https:\/\/imagazine.it\/wp-content\/uploads\/2024\/01\/39955-1-720x380.webp",720,380,true],"tptn_thumbnail":["https:\/\/imagazine.it\/wp-content\/uploads\/2024\/01\/39955-1.webp",250,167,false],"sow-carousel-default":["https:\/\/imagazine.it\/wp-content\/uploads\/2024\/01\/39955-1-272x182.webp",272,182,true]},"rttpg_author":{"display_name":"redazione","author_link":"https:\/\/imagazine.it\/home_desk\/author\/redazione\/"},"rttpg_comment":0,"rttpg_category":"<a href=\"https:\/\/imagazine.it\/home_desk\/category\/sport\/\" rel=\"category tag\">SPORT<\/a>","rttpg_excerpt":"Oggi la quinta tappa","_links":{"self":[{"href":"https:\/\/imagazine.it\/home_desk\/wp-json\/wp\/v2\/posts\/39021","targetHints":{"allow":["GET"]}}],"collection":[{"href":"https:\/\/imagazine.it\/home_desk\/wp-json\/wp\/v2\/posts"}],"about":[{"href":"https:\/\/imagazine.it\/home_desk\/wp-json\/wp\/v2\/types\/post"}],"author":[{"embeddable":true,"href":"https:\/\/imagazine.it\/home_desk\/wp-json\/wp\/v2\/users\/28"}],"replies":[{"embeddable":true,"href":"https:\/\/imagazine.it\/home_desk\/wp-json\/wp\/v2\/comments?post=39021"}],"version-history":[{"count":0,"href":"https:\/\/imagazine.it\/home_desk\/wp-json\/wp\/v2\/posts\/39021\/revisions"}],"wp:featuredmedia":[{"embeddable":true,"href":"https:\/\/imagazine.it\/home_desk\/wp-json\/wp\/v2\/media\/39022"}],"wp:attachment":[{"href":"https:\/\/imagazine.it\/home_desk\/wp-json\/wp\/v2\/media?parent=39021"}],"wp:term":[{"taxonomy":"category","embeddable":true,"href":"https:\/\/imagazine.it\/home_desk\/wp-json\/wp\/v2\/categories?post=39021"},{"taxonomy":"post_tag","embeddable":true,"href":"https:\/\/imagazine.it\/home_desk\/wp-json\/wp\/v2\/tags?post=39021"}],"curies":[{"name":"wp","href":"https:\/\/api.w.org\/{rel}","templated":true}]}}