{"id":39009,"date":"2021-05-11T00:00:00","date_gmt":"2021-05-10T23:00:00","guid":{"rendered":"https:\/\/imagazine.it\/?p=39009"},"modified":"2021-05-11T00:00:00","modified_gmt":"2021-05-10T23:00:00","slug":"torviscosa-parco-fotovoltaico-nella-futura-area-industriale","status":"publish","type":"post","link":"https:\/\/imagazine.it\/home_desk\/torviscosa-parco-fotovoltaico-nella-futura-area-industriale\/","title":{"rendered":"Torviscosa, parco fotovoltaico nella futura area industriale"},"content":{"rendered":"<p> \tSi \u00e8 tenuto stamattina, nella sede della Regione a <strong>Udine<\/strong>, il tavolo tecnico tra gli assessori alle Attivit\u00e0 produttive, <strong>Sergio Emidio Bini<\/strong>, e quello alla Difesa dell&#39;ambiente e energia, <strong>Fabio Scoccimarro<\/strong>, con la presidente di Confindustria Udine, <strong>Anna Mareschi Danieli<\/strong>, il direttore del Cosef, <strong>Roberto Tom\u00e8<\/strong>, e il sindaco del Comune di Torviscosa, <strong>Roberto Fasan<\/strong>, per definire i prossimi passaggi giuridico-economici che possano portare in tempi brevi allo sblocco di alcune aree del polo industriale della Bassa friulana per favorire l&#39;insediamento di nuove imprese.<\/p>\n<p> \t&#8220;Il futuro &#8211; hanno concordato i due assessori &#8211; \u00e8 nella realizzazione di un polo chimico-farmaceutico che dia continuit\u00e0 alla vocazione storica del sito, aprendo a nuovi investimenti in chiave di sostenibilit\u00e0 ambientale&#8221;.<\/p>\n<p> \tLa superficie oggetto di interesse si estende su <strong>un milione di metri quadrati<\/strong>, di cui 200 mila effettivamente disponibili, mentre i restanti sono occupati da ex discariche, oggetto di bonifica e inadatti a ospitare capannoni o insediamenti produttivi.<\/p>\n<p> \tSu quest&#39;area, pertanto, si sta cercando una soluzione alternativa che potrebbe concretizzarsi nella realizzazione di un <strong>parco fotovoltaico<\/strong>.<\/p>\n<p> \t&#8220;Quella superficie &#8211; ha spiegato Scoccimarro a margine del vertice &#8211; pu\u00f2 diventare un polo industriale di riferimento non solo per l&#39;Italia ma per l&#39;Europa, cui pu\u00f2 aggiungersi, su terreni occupati per circa 700 mila metri quadri da ex discariche, un impianto che produca energia da fonte rinnovabile e costituisca un ulteriore valore aggiunto per le imprese insediate. Gi\u00e0 nei prossimi mesi la Regione conta di dare concretezza alle varie ipotesi emerse e avviare un lotto di bonifiche importante&#8221;.<\/p>\n<p> \tL&#39;Amministrazione regionale punta ora a ottenere la proroga dei termini di utilizzo dei 48 milioni di euro messi a disposizione dal ministero dell&#39;Ambiente per la bonifica e la riconversione del Sito di interesse nazionale (Sin); fondi che la stessa Regione pu\u00f2 utilizzare in forza dell&#39;Accordo di programma sottoscritto lo scorso ottobre.<\/p>\n","protected":false},"excerpt":{"rendered":"<p>Ipotesi al vaglio della Regione<\/p>\n","protected":false},"author":28,"featured_media":39010,"comment_status":"closed","ping_status":"closed","sticky":false,"template":"","format":"standard","meta":{"dwc-title":[],"dwc-content":[],"footnotes":""},"categories":[5],"tags":[],"class_list":["post-39009","post","type-post","status-publish","format-standard","has-post-thumbnail","hentry","category-attualita"],"rttpg_featured_image_url":{"full":["https:\/\/imagazine.it\/wp-content\/uploads\/2024\/01\/39936-1.webp",1000,669,false],"landscape":["https:\/\/imagazine.it\/wp-content\/uploads\/2024\/01\/39936-1.webp",1000,669,false],"portraits":["https:\/\/imagazine.it\/wp-content\/uploads\/2024\/01\/39936-1.webp",1000,669,false],"thumbnail":["https:\/\/imagazine.it\/wp-content\/uploads\/2024\/01\/39936-1-150x150.webp",150,150,true],"medium":["https:\/\/imagazine.it\/wp-content\/uploads\/2024\/01\/39936-1-300x201.webp",300,201,true],"large":["https:\/\/imagazine.it\/wp-content\/uploads\/2024\/01\/39936-1.webp",640,428,false],"thumblist":["https:\/\/imagazine.it\/wp-content\/uploads\/2024\/01\/39936-1.webp",300,201,false],"thumbrelated":["https:\/\/imagazine.it\/wp-content\/uploads\/2024\/01\/39936-1.webp",500,335,false],"meccarouselthumb":["https:\/\/imagazine.it\/wp-content\/uploads\/2024\/01\/39936-1.webp",474,317,false],"gridsquare":["https:\/\/imagazine.it\/wp-content\/uploads\/2024\/01\/39936-1.webp",389,260,false],"tileview":["https:\/\/imagazine.it\/wp-content\/uploads\/2024\/01\/39936-1.webp",300,201,false],"1536x1536":["https:\/\/imagazine.it\/wp-content\/uploads\/2024\/01\/39936-1.webp",1000,669,false],"2048x2048":["https:\/\/imagazine.it\/wp-content\/uploads\/2024\/01\/39936-1.webp",1000,669,false],"newsup-slider-full":["https:\/\/imagazine.it\/wp-content\/uploads\/2024\/01\/39936-1.webp",1000,669,false],"newsup-featured":["https:\/\/imagazine.it\/wp-content\/uploads\/2024\/01\/39936-1.webp",1000,669,false],"newsup-medium":["https:\/\/imagazine.it\/wp-content\/uploads\/2024\/01\/39936-1-720x380.webp",720,380,true],"tptn_thumbnail":["https:\/\/imagazine.it\/wp-content\/uploads\/2024\/01\/39936-1.webp",250,167,false],"sow-carousel-default":["https:\/\/imagazine.it\/wp-content\/uploads\/2024\/01\/39936-1-272x182.webp",272,182,true]},"rttpg_author":{"display_name":"redazione","author_link":"https:\/\/imagazine.it\/home_desk\/author\/redazione\/"},"rttpg_comment":0,"rttpg_category":"<a href=\"https:\/\/imagazine.it\/home_desk\/category\/attualita\/\" rel=\"category tag\">ATTUALIT\u00c0<\/a>","rttpg_excerpt":"Ipotesi al vaglio della Regione","_links":{"self":[{"href":"https:\/\/imagazine.it\/home_desk\/wp-json\/wp\/v2\/posts\/39009","targetHints":{"allow":["GET"]}}],"collection":[{"href":"https:\/\/imagazine.it\/home_desk\/wp-json\/wp\/v2\/posts"}],"about":[{"href":"https:\/\/imagazine.it\/home_desk\/wp-json\/wp\/v2\/types\/post"}],"author":[{"embeddable":true,"href":"https:\/\/imagazine.it\/home_desk\/wp-json\/wp\/v2\/users\/28"}],"replies":[{"embeddable":true,"href":"https:\/\/imagazine.it\/home_desk\/wp-json\/wp\/v2\/comments?post=39009"}],"version-history":[{"count":0,"href":"https:\/\/imagazine.it\/home_desk\/wp-json\/wp\/v2\/posts\/39009\/revisions"}],"wp:featuredmedia":[{"embeddable":true,"href":"https:\/\/imagazine.it\/home_desk\/wp-json\/wp\/v2\/media\/39010"}],"wp:attachment":[{"href":"https:\/\/imagazine.it\/home_desk\/wp-json\/wp\/v2\/media?parent=39009"}],"wp:term":[{"taxonomy":"category","embeddable":true,"href":"https:\/\/imagazine.it\/home_desk\/wp-json\/wp\/v2\/categories?post=39009"},{"taxonomy":"post_tag","embeddable":true,"href":"https:\/\/imagazine.it\/home_desk\/wp-json\/wp\/v2\/tags?post=39009"}],"curies":[{"name":"wp","href":"https:\/\/api.w.org\/{rel}","templated":true}]}}