{"id":39007,"date":"2021-05-11T00:00:00","date_gmt":"2021-05-10T23:00:00","guid":{"rendered":"https:\/\/imagazine.it\/?p=39007"},"modified":"2021-05-11T00:00:00","modified_gmt":"2021-05-10T23:00:00","slug":"vaccino-prenotazioni-per-il-personale-dei-centri-estivi","status":"publish","type":"post","link":"https:\/\/imagazine.it\/home_desk\/vaccino-prenotazioni-per-il-personale-dei-centri-estivi\/","title":{"rendered":"Vaccino, prenotazioni per il personale dei centri estivi"},"content":{"rendered":"<p> \tAgende aperte da oggi per la prenotazione del vaccino anticovid a favore degli <strong>operatori ed educatori che presteranno servizio nei Centri estivi in partenza dal mese di giugno<\/strong>, nonch\u00e9 per coloro i quali, a vario titolo, avranno accesso alle strutture e collaboreranno con gli Enti gestori nell&#39;organizzazione e nella conduzione delle attivit\u00e0 per i minori.<\/p>\n<p> \tLo comunicano l&#39;assessore regionale all&#39;Istruzione <strong>Alessia Rosolen<\/strong> e il vicegovernatore della Regione con delega alla Salute <strong>Riccardo Riccardi<\/strong> in vista dell&#39;imminente apertura dei Centri Estivi<\/p>\n<p> \tLa vaccinazione andr\u00e0 prenotata al CUP online nella categoria &#8220;personale scolastico&#8221; e sar\u00e0 necessario anche compilare un&#39;autocertificazione di atto notorio scaricabile dal <u><a href=\"http:\/\/www.regione.fvg.it\/rafvg\/cms\/RAFVG\/\" target=\"_blank\" rel=\"noopener\"><span style=\"color:#0000ff;\">sito della Regione Fvg<\/span><\/a><\/u>.<\/p>\n<p> \t&#8220;Servono risposte veloci &#8211; sottolineano Rosolen e Riccardi &#8211; perch\u00e9 l&#39;estate \u00e8 alle porte. Il tempo \u00e8 cruciale, a partire dalla pianificazione dei vaccini sia per gli educatori sia per coloro che accompagneranno i minori nei centri e nelle attivit\u00e0 estive: la loro vaccinazione implica innanzitutto una tutela delle famiglie. In attesa che venga definito il quadro di riferimento nazionale e il protocollo di sicurezza per la riapertura dei Centri estivi a cui le Regioni dovranno attenersi, riteniamo strategico muoverci d&#39;anticipo&#8221;.<\/p>\n<p> \t&#8220;Alla luce dell&#39;esperienza maturata lo scorso anno e dell&#39;attuale situazione epidemiologica &#8211; continuano Rosolen e Riccardi &#8211; partecipando ai tavoli nazionali di definizione delle linee guida per attivit\u00e0 ludico-ricreative per minori, abbiamo evidenziato la necessit\u00e0 di procedere a una semplificazione delle procedure e della modulistica. Parallelamente, abbiamo incontrato i portatori di interesse per l&#39;avvio dei Centri estivi nel territorio regionale, con i quali abbiamo condiviso la necessit\u00e0 di fare riferimento alla regolamentazione esistente che definisce un rapporto numerico educatore\/minori pi\u00f9 ampio rispetto a quanto previsto lo scorso anno&#8221;.<\/p>\n<p> \t&#8220;A breve &#8211; concludono gli assessori &#8211; verr\u00e0 pubblicata la nuova modulistica per la segnalazione certificata di inizio attivit\u00e0 (SCIA) propedeutica all&#39;avvio delle attivit\u00e0 ricreative estive e le principali indicazioni per garantire la possibilit\u00e0 ai minori del Friuli Venezia Giulia di partecipare alle attivit\u00e0 estive&#8221;.<\/p>\n","protected":false},"excerpt":{"rendered":"<p>Aperte da oggi<\/p>\n","protected":false},"author":28,"featured_media":39008,"comment_status":"closed","ping_status":"closed","sticky":false,"template":"","format":"standard","meta":{"dwc-title":[],"dwc-content":[],"footnotes":""},"categories":[5],"tags":[],"class_list":["post-39007","post","type-post","status-publish","format-standard","has-post-thumbnail","hentry","category-attualita"],"rttpg_featured_image_url":{"full":["https:\/\/imagazine.it\/wp-content\/uploads\/2024\/01\/39935-1.webp",1280,853,false],"landscape":["https:\/\/imagazine.it\/wp-content\/uploads\/2024\/01\/39935-1.webp",1280,853,false],"portraits":["https:\/\/imagazine.it\/wp-content\/uploads\/2024\/01\/39935-1.webp",1280,853,false],"thumbnail":["https:\/\/imagazine.it\/wp-content\/uploads\/2024\/01\/39935-1-150x150.webp",150,150,true],"medium":["https:\/\/imagazine.it\/wp-content\/uploads\/2024\/01\/39935-1-300x200.webp",300,200,true],"large":["https:\/\/imagazine.it\/wp-content\/uploads\/2024\/01\/39935-1-1024x682.webp",640,426,true],"thumblist":["https:\/\/imagazine.it\/wp-content\/uploads\/2024\/01\/39935-1.webp",300,200,false],"thumbrelated":["https:\/\/imagazine.it\/wp-content\/uploads\/2024\/01\/39935-1.webp",500,333,false],"meccarouselthumb":["https:\/\/imagazine.it\/wp-content\/uploads\/2024\/01\/39935-1.webp",474,316,false],"gridsquare":["https:\/\/imagazine.it\/wp-content\/uploads\/2024\/01\/39935-1.webp",391,260,false],"tileview":["https:\/\/imagazine.it\/wp-content\/uploads\/2024\/01\/39935-1.webp",300,200,false],"1536x1536":["https:\/\/imagazine.it\/wp-content\/uploads\/2024\/01\/39935-1.webp",1280,853,false],"2048x2048":["https:\/\/imagazine.it\/wp-content\/uploads\/2024\/01\/39935-1.webp",1280,853,false],"newsup-slider-full":["https:\/\/imagazine.it\/wp-content\/uploads\/2024\/01\/39935-1-1280x720.webp",1280,720,true],"newsup-featured":["https:\/\/imagazine.it\/wp-content\/uploads\/2024\/01\/39935-1-1024x682.webp",1024,682,true],"newsup-medium":["https:\/\/imagazine.it\/wp-content\/uploads\/2024\/01\/39935-1-720x380.webp",720,380,true],"tptn_thumbnail":["https:\/\/imagazine.it\/wp-content\/uploads\/2024\/01\/39935-1.webp",250,167,false],"sow-carousel-default":["https:\/\/imagazine.it\/wp-content\/uploads\/2024\/01\/39935-1-272x182.webp",272,182,true]},"rttpg_author":{"display_name":"redazione","author_link":"https:\/\/imagazine.it\/home_desk\/author\/redazione\/"},"rttpg_comment":0,"rttpg_category":"<a href=\"https:\/\/imagazine.it\/home_desk\/category\/attualita\/\" rel=\"category tag\">ATTUALIT\u00c0<\/a>","rttpg_excerpt":"Aperte da oggi","_links":{"self":[{"href":"https:\/\/imagazine.it\/home_desk\/wp-json\/wp\/v2\/posts\/39007","targetHints":{"allow":["GET"]}}],"collection":[{"href":"https:\/\/imagazine.it\/home_desk\/wp-json\/wp\/v2\/posts"}],"about":[{"href":"https:\/\/imagazine.it\/home_desk\/wp-json\/wp\/v2\/types\/post"}],"author":[{"embeddable":true,"href":"https:\/\/imagazine.it\/home_desk\/wp-json\/wp\/v2\/users\/28"}],"replies":[{"embeddable":true,"href":"https:\/\/imagazine.it\/home_desk\/wp-json\/wp\/v2\/comments?post=39007"}],"version-history":[{"count":0,"href":"https:\/\/imagazine.it\/home_desk\/wp-json\/wp\/v2\/posts\/39007\/revisions"}],"wp:featuredmedia":[{"embeddable":true,"href":"https:\/\/imagazine.it\/home_desk\/wp-json\/wp\/v2\/media\/39008"}],"wp:attachment":[{"href":"https:\/\/imagazine.it\/home_desk\/wp-json\/wp\/v2\/media?parent=39007"}],"wp:term":[{"taxonomy":"category","embeddable":true,"href":"https:\/\/imagazine.it\/home_desk\/wp-json\/wp\/v2\/categories?post=39007"},{"taxonomy":"post_tag","embeddable":true,"href":"https:\/\/imagazine.it\/home_desk\/wp-json\/wp\/v2\/tags?post=39007"}],"curies":[{"name":"wp","href":"https:\/\/api.w.org\/{rel}","templated":true}]}}