{"id":39003,"date":"2021-05-11T00:00:00","date_gmt":"2021-05-10T23:00:00","guid":{"rendered":"https:\/\/imagazine.it\/?p=39003"},"modified":"2021-05-11T00:00:00","modified_gmt":"2021-05-10T23:00:00","slug":"trieste-capitale-mondiale-della-fisica-pura-e-applicata","status":"publish","type":"post","link":"https:\/\/imagazine.it\/home_desk\/trieste-capitale-mondiale-della-fisica-pura-e-applicata\/","title":{"rendered":"Trieste capitale mondiale della fisica pura e applicata"},"content":{"rendered":"<p> \tDa Singapore a <strong>Trieste<\/strong>. \u00c8 qui che da quest\u2019anno svolger\u00e0 la sua attivit\u00e0 lo IUPAP\u00a0(International Union of Pure and Applied Phisics),\u00a0il <strong>Segretariato dell\u2019Unione Internazionale della\u00a0Fisica Pura e Applicata\u00a0<\/strong>che comprende 60 Stati membri\u00a0e che avr\u00e0 la sede in <strong>Porto Vecchio<\/strong>, nella Sottostazione Elettrica,\u00a0dove risiedeva Esof.<\/p>\n<p> \t&#8220;La Iupap &#8211; ha ricordato l&#39;assessore alla Ricerca, <strong>Alessia Rosolen<\/strong>, durante la conferenza stampa di presentazione &#8211; \u00e8 un istituto che ha quasi un secolo di vita e raccoglie tutti i fisici di spessore internazionale. Si tratta di un importante riconoscimento per questa citt\u00e0 che ospita un numero di ricercatori fuori dal comune. L&#39;Unione di fisica pura e applicata finir\u00e0 per accendere i riflettori della comunit\u00e0 scientifica mondiale su Trieste&#8221;.<\/p>\n<p> \tL&#39;assessore Rosolen ha ricordato inoltre che la Regione, utilizzando le risorse del Piano nazionale di ripresa e resilienza (Pnrr), punta a creare un polo nazionale di &#39;Alta Tecnologia quantum computing&#39; e a implementare strutture di eccellenza scientifica, anche nel settore della quantistica, da insediare proprio in Porto Vecchio.<\/p>\n<p> \t&#8220;Un altro obiettivo per Trieste e per questa spettacolare location, una delle pi\u00f9 belle al mondo &#8211; ha aggiunto l&#39;esponente dell&#39;esecutivo regionale &#8211; \u00e8 il progetto North-Adriatic Summer Institute (Nasi). Promossa dalla Fondazione Internazionale di Trieste per il progresso e la libert\u00e0 delle scienze (Fit), questa iniziativa vuole essere un grande laboratorio dedicato interamente allo studio e alla promozione multidisciplinare dei princ\u00ecpi fondamentali della Scienza della sostenibilit\u00e0 e delle sue applicazioni nei sistemi fisici, computazionali, biologici e sociali. Un contesto dove ricerca avanzata e imprenditoria possano confrontarsi per favorire il trasferimento e la valorizzazione delle conoscenze, rispondendo ai reali bisogni economici e sociali del Friuli Venezia Giulia&#8221;.<\/p>\n<p> \tIl sindaco di Trieste, <strong>Roberto Dipiazza<\/strong>, ha sottolineato \u201cl\u2019importante ulteriore passo compiuto nella rivalorizzazione e nello sviluppo del Porto Vecchio con questo risultato che ha visto Trieste scelta fra tante citt\u00e0 candidate quale prestigiosa sede di un centro di grande valenza a livello mondiale, grazie alla stretta significativa collaborazione del prof Fantoni, la Regione e gli enti scientifici del territorio. Accanto alle numerose richieste di interesse per investimenti che se va avanti cos\u00ec, nonostante la burocrazia, faranno del Porto Vecchio in circa otto anni, il cuore pulsante della nostra citt\u00e0\u201d.<\/p>\n<p> \t\u201cUna scelta di grandissima levatura per Trieste \u2013 ha commentato <strong>Sergio Fantoni<\/strong>, presidente\u00a0della\u00a0Fondazione Internazionale Trieste per il Progresso e la Libert\u00e0 delle Scienze (FIT) \u2013 motivata dalla importante concentrazione di istituti scientifici nel nostro territorio, molto pi\u00f9 ampia che in altre parti d\u2019Italia\u201d.<\/p>\n","protected":false},"excerpt":{"rendered":"<p>Ufficializzato il trasferimento da Singapore<\/p>\n","protected":false},"author":28,"featured_media":39004,"comment_status":"closed","ping_status":"closed","sticky":false,"template":"","format":"standard","meta":{"dwc-title":[],"dwc-content":[],"footnotes":""},"categories":[5],"tags":[],"class_list":["post-39003","post","type-post","status-publish","format-standard","has-post-thumbnail","hentry","category-attualita"],"rttpg_featured_image_url":{"full":["https:\/\/imagazine.it\/wp-content\/uploads\/2024\/01\/39929-1.webp",850,597,false],"landscape":["https:\/\/imagazine.it\/wp-content\/uploads\/2024\/01\/39929-1.webp",850,597,false],"portraits":["https:\/\/imagazine.it\/wp-content\/uploads\/2024\/01\/39929-1.webp",850,597,false],"thumbnail":["https:\/\/imagazine.it\/wp-content\/uploads\/2024\/01\/39929-1-150x150.webp",150,150,true],"medium":["https:\/\/imagazine.it\/wp-content\/uploads\/2024\/01\/39929-1-300x211.webp",300,211,true],"large":["https:\/\/imagazine.it\/wp-content\/uploads\/2024\/01\/39929-1.webp",640,450,false],"thumblist":["https:\/\/imagazine.it\/wp-content\/uploads\/2024\/01\/39929-1.webp",300,211,false],"thumbrelated":["https:\/\/imagazine.it\/wp-content\/uploads\/2024\/01\/39929-1.webp",500,351,false],"meccarouselthumb":["https:\/\/imagazine.it\/wp-content\/uploads\/2024\/01\/39929-1.webp",461,324,false],"gridsquare":["https:\/\/imagazine.it\/wp-content\/uploads\/2024\/01\/39929-1.webp",370,260,false],"tileview":["https:\/\/imagazine.it\/wp-content\/uploads\/2024\/01\/39929-1.webp",300,211,false],"1536x1536":["https:\/\/imagazine.it\/wp-content\/uploads\/2024\/01\/39929-1.webp",850,597,false],"2048x2048":["https:\/\/imagazine.it\/wp-content\/uploads\/2024\/01\/39929-1.webp",850,597,false],"newsup-slider-full":["https:\/\/imagazine.it\/wp-content\/uploads\/2024\/01\/39929-1.webp",850,597,false],"newsup-featured":["https:\/\/imagazine.it\/wp-content\/uploads\/2024\/01\/39929-1.webp",850,597,false],"newsup-medium":["https:\/\/imagazine.it\/wp-content\/uploads\/2024\/01\/39929-1-720x380.webp",720,380,true],"tptn_thumbnail":["https:\/\/imagazine.it\/wp-content\/uploads\/2024\/01\/39929-1.webp",250,176,false],"sow-carousel-default":["https:\/\/imagazine.it\/wp-content\/uploads\/2024\/01\/39929-1-272x182.webp",272,182,true]},"rttpg_author":{"display_name":"redazione","author_link":"https:\/\/imagazine.it\/home_desk\/author\/redazione\/"},"rttpg_comment":0,"rttpg_category":"<a href=\"https:\/\/imagazine.it\/home_desk\/category\/attualita\/\" rel=\"category tag\">ATTUALIT\u00c0<\/a>","rttpg_excerpt":"Ufficializzato il trasferimento da Singapore","_links":{"self":[{"href":"https:\/\/imagazine.it\/home_desk\/wp-json\/wp\/v2\/posts\/39003","targetHints":{"allow":["GET"]}}],"collection":[{"href":"https:\/\/imagazine.it\/home_desk\/wp-json\/wp\/v2\/posts"}],"about":[{"href":"https:\/\/imagazine.it\/home_desk\/wp-json\/wp\/v2\/types\/post"}],"author":[{"embeddable":true,"href":"https:\/\/imagazine.it\/home_desk\/wp-json\/wp\/v2\/users\/28"}],"replies":[{"embeddable":true,"href":"https:\/\/imagazine.it\/home_desk\/wp-json\/wp\/v2\/comments?post=39003"}],"version-history":[{"count":0,"href":"https:\/\/imagazine.it\/home_desk\/wp-json\/wp\/v2\/posts\/39003\/revisions"}],"wp:featuredmedia":[{"embeddable":true,"href":"https:\/\/imagazine.it\/home_desk\/wp-json\/wp\/v2\/media\/39004"}],"wp:attachment":[{"href":"https:\/\/imagazine.it\/home_desk\/wp-json\/wp\/v2\/media?parent=39003"}],"wp:term":[{"taxonomy":"category","embeddable":true,"href":"https:\/\/imagazine.it\/home_desk\/wp-json\/wp\/v2\/categories?post=39003"},{"taxonomy":"post_tag","embeddable":true,"href":"https:\/\/imagazine.it\/home_desk\/wp-json\/wp\/v2\/tags?post=39003"}],"curies":[{"name":"wp","href":"https:\/\/api.w.org\/{rel}","templated":true}]}}