{"id":39001,"date":"2021-05-11T00:00:00","date_gmt":"2021-05-10T23:00:00","guid":{"rendered":"https:\/\/imagazine.it\/?p=39001"},"modified":"2021-05-11T00:00:00","modified_gmt":"2021-05-10T23:00:00","slug":"disturbi-del-comportamento-alimentare-centro-diurno-a-palmanova","status":"publish","type":"post","link":"https:\/\/imagazine.it\/home_desk\/disturbi-del-comportamento-alimentare-centro-diurno-a-palmanova\/","title":{"rendered":"Disturbi del comportamento alimentare, Centro diurno a Palmanova"},"content":{"rendered":"<p> \tCerimonia d&#39;apertura oggi a <strong>Palmanova<\/strong> dell&#39;<strong>ambulatorio<\/strong> <strong>per il trattamento dei disturbi del comportamento alimentare<\/strong> allestito all&#39;interno dell&#39;ospedale della citt\u00e0 stellata.<\/p>\n<p> \tPresenti all&#39;evento il sindaco <strong>Francesco Martines<\/strong>, il vicegovernatore <strong>Riccardo Riccardi<\/strong>, i consiglieri regionali <strong>Alberto Budai, Franco Mattiussi e Mauro Di Bert<\/strong>.<\/p>\n<p> \t&#8220;Questo dell&#39;ambulatorio \u00e8 un passo importante che deve fare da slancio affinch\u00e9 anche nella nostra regione sia realizzato un centro per la cura dei disturbi alimentari. Si tratta di un ambito nel quale il Friuli Venezia Giulia paga i costi di un ritardo che viene da lontano e che costringe le persone colpite in maniera pi\u00f9 severa da questo problema a cercare dei percorsi terapeutici fuori regione. Una situazione inaccettabile e che ci responsabilizza a costruire delle soluzioni per arrivare a dare le giuste risposte&#8221;, ha commentato Riccardi.<\/p>\n<p> \tL&#39;ambulatorio di Palmanova rappresenta un&#39;esperienza virtuosa per la sua multidisciplinarit\u00e0 e per la prossimit\u00e0 del servizio che garantisce alle persone del territorio che soffrono di questo tipo di patologie.<\/p>\n<p> \tTornando all&#39;obiettivo di dotare la regione di un specifico centro di cura, Riccardi ha detto che su questo tema \u00e8 necessario avere il coraggio di assumere delle decisioni nell&#39;ottica di una politica capace di guardare a una visione di sistema che superi la contabilit\u00e0 elettorale del consenso immediato. A tal fine, la strada tracciata dal vicegovernatore mira al rafforzamento della medicina di territorio &#8220;e non a caso &#8211; ha rilevato Riccardi &#8211; \u00e8 da quel tipo di esperienza che proviene il nuovo direttore dell&#39;Azienda sanitaria universitaria Friuli Centrale&#8221;.<\/p>\n<p> \tInfine Riccardi, prendendo ad esempio l&#39;apertura dell&#39;ambulatorio per i disturbi alimentari di Palmanova, ha fatto appello ai rappresentanti istituzionali presenti affinch\u00e9, superando la strumentalit\u00e0 di certe di divisioni, ci si ritrovi a collaborare lealmente in un momento storico nel quale, con un ruolo primario delle Regioni e un Governo di larghe intese, sono previsti a livello nazionale per la ripresa post Covid 20 miliardi di euro da investire sulla sanit\u00e0.<\/p>\n<p> \t&#8220;Un&#39;opportunit\u00e0 &#8211; ha concluso Riccardi &#8211; anche per il Friuli Venezia Giulia e che ci deve vedere uniti nell&#39;individuazione di idee e progetti adeguati ad affrontare la domanda di salute di una societ\u00e0 regionale che, soprattutto a causa dell&#39;innalzamento dell&#39;et\u00e0 media, \u00e8 profondamente cambiata rispetto al passato&#8221;.<\/p>\n<p> \t\u201c\u00c8 una buona notizia quella dell\u2019attivazione di un\u00a0Centro diurno dei disturbi dei comportamenti alimentari in et\u00e0 evolutiva\u00a0all\u2019Ospedale di Palmanova. Un servizio diretto al territorio e che va nella direzione richiesta da parte dei cittadini: la formula\u00a0meno ospedale e pi\u00f9 territorio, \u00e8 quella giusta. Raccogliamo la proposta dell\u2019Assessore Riccardi affinch\u00e9 da questo primo nucleo si arrivi ad un\u00a0centro di riferimento per tutta la regione, o almeno per l\u2019Azienda Udinese. Questo andrebbe accompagnato da una riassegnazione di spazi alla pediatria e la creazione di posti letto per la degenza\u201d, ha commentato il sindaco\u00a0<strong>Francesco Martines<\/strong>.<\/p>\n<p> \t\u201cCi aspettiamo &#8211; ha aggiunto &#8211; che, finita la pandemia,\u00a0vengano ripristinati i servizi precovid e attivato il promesso Super Ospedale, mantenendo gli impegni che la politica regionale ha assunto ma che devono ancora trovare applicazione sugli atti aziendali. Da parte mia\u00a0massima collaborazione e disponibilit\u00e0 a progettare assieme, in totale trasparenza, il futuro dell\u2019Ospedale di Palmanova\u201d.<\/p>\n<p> \t\u00a0<\/p>\n","protected":false},"excerpt":{"rendered":"<p>Cerimonia d&#8217;apertura<\/p>\n","protected":false},"author":28,"featured_media":39002,"comment_status":"closed","ping_status":"closed","sticky":false,"template":"","format":"standard","meta":{"dwc-title":[],"dwc-content":[],"footnotes":""},"categories":[5],"tags":[],"class_list":["post-39001","post","type-post","status-publish","format-standard","has-post-thumbnail","hentry","category-attualita"],"rttpg_featured_image_url":{"full":["https:\/\/imagazine.it\/wp-content\/uploads\/2024\/01\/39928-1.webp",1416,1062,false],"landscape":["https:\/\/imagazine.it\/wp-content\/uploads\/2024\/01\/39928-1.webp",1416,1062,false],"portraits":["https:\/\/imagazine.it\/wp-content\/uploads\/2024\/01\/39928-1.webp",1416,1062,false],"thumbnail":["https:\/\/imagazine.it\/wp-content\/uploads\/2024\/01\/39928-1-150x150.webp",150,150,true],"medium":["https:\/\/imagazine.it\/wp-content\/uploads\/2024\/01\/39928-1-300x225.webp",300,225,true],"large":["https:\/\/imagazine.it\/wp-content\/uploads\/2024\/01\/39928-1-1024x768.webp",640,480,true],"thumblist":["https:\/\/imagazine.it\/wp-content\/uploads\/2024\/01\/39928-1.webp",300,225,false],"thumbrelated":["https:\/\/imagazine.it\/wp-content\/uploads\/2024\/01\/39928-1.webp",500,375,false],"meccarouselthumb":["https:\/\/imagazine.it\/wp-content\/uploads\/2024\/01\/39928-1.webp",432,324,false],"gridsquare":["https:\/\/imagazine.it\/wp-content\/uploads\/2024\/01\/39928-1.webp",347,260,false],"tileview":["https:\/\/imagazine.it\/wp-content\/uploads\/2024\/01\/39928-1.webp",300,225,false],"1536x1536":["https:\/\/imagazine.it\/wp-content\/uploads\/2024\/01\/39928-1.webp",1416,1062,false],"2048x2048":["https:\/\/imagazine.it\/wp-content\/uploads\/2024\/01\/39928-1.webp",1416,1062,false],"newsup-slider-full":["https:\/\/imagazine.it\/wp-content\/uploads\/2024\/01\/39928-1-1280x720.webp",1280,720,true],"newsup-featured":["https:\/\/imagazine.it\/wp-content\/uploads\/2024\/01\/39928-1-1024x768.webp",1024,768,true],"newsup-medium":["https:\/\/imagazine.it\/wp-content\/uploads\/2024\/01\/39928-1-720x380.webp",720,380,true],"tptn_thumbnail":["https:\/\/imagazine.it\/wp-content\/uploads\/2024\/01\/39928-1.webp",250,188,false],"sow-carousel-default":["https:\/\/imagazine.it\/wp-content\/uploads\/2024\/01\/39928-1-272x182.webp",272,182,true]},"rttpg_author":{"display_name":"redazione","author_link":"https:\/\/imagazine.it\/home_desk\/author\/redazione\/"},"rttpg_comment":0,"rttpg_category":"<a href=\"https:\/\/imagazine.it\/home_desk\/category\/attualita\/\" rel=\"category tag\">ATTUALIT\u00c0<\/a>","rttpg_excerpt":"Cerimonia d'apertura","_links":{"self":[{"href":"https:\/\/imagazine.it\/home_desk\/wp-json\/wp\/v2\/posts\/39001","targetHints":{"allow":["GET"]}}],"collection":[{"href":"https:\/\/imagazine.it\/home_desk\/wp-json\/wp\/v2\/posts"}],"about":[{"href":"https:\/\/imagazine.it\/home_desk\/wp-json\/wp\/v2\/types\/post"}],"author":[{"embeddable":true,"href":"https:\/\/imagazine.it\/home_desk\/wp-json\/wp\/v2\/users\/28"}],"replies":[{"embeddable":true,"href":"https:\/\/imagazine.it\/home_desk\/wp-json\/wp\/v2\/comments?post=39001"}],"version-history":[{"count":0,"href":"https:\/\/imagazine.it\/home_desk\/wp-json\/wp\/v2\/posts\/39001\/revisions"}],"wp:featuredmedia":[{"embeddable":true,"href":"https:\/\/imagazine.it\/home_desk\/wp-json\/wp\/v2\/media\/39002"}],"wp:attachment":[{"href":"https:\/\/imagazine.it\/home_desk\/wp-json\/wp\/v2\/media?parent=39001"}],"wp:term":[{"taxonomy":"category","embeddable":true,"href":"https:\/\/imagazine.it\/home_desk\/wp-json\/wp\/v2\/categories?post=39001"},{"taxonomy":"post_tag","embeddable":true,"href":"https:\/\/imagazine.it\/home_desk\/wp-json\/wp\/v2\/tags?post=39001"}],"curies":[{"name":"wp","href":"https:\/\/api.w.org\/{rel}","templated":true}]}}