{"id":38997,"date":"2021-05-11T00:00:00","date_gmt":"2021-05-10T23:00:00","guid":{"rendered":"https:\/\/imagazine.it\/?p=38997"},"modified":"2021-05-11T00:00:00","modified_gmt":"2021-05-10T23:00:00","slug":"nuovo-asfalto-drenante-in-a4-chiude-la-rampa-di-palmanova","status":"publish","type":"post","link":"https:\/\/imagazine.it\/home_desk\/nuovo-asfalto-drenante-in-a4-chiude-la-rampa-di-palmanova\/","title":{"rendered":"Nuovo asfalto drenante in A4, chiude la rampa di Palmanova"},"content":{"rendered":"<p> \t\u00c8 iniziata questa mattina la stesa dell\u2019asfalto drenante nel tratto autostradale della terza corsia della<strong> A4 Gonars \u2013 Nodo di Palmanova<\/strong>.<\/p>\n<p> \tSi tratta dell\u2019ultimo atto del primo sub lotto del quarto lotto. L\u2019intervento \u2013 in questa prima fase \u2013 prevede la pavimentazione delle corsie di marcia ed emergenza e proseguir\u00e0 nei prossimi giorni, quando \u00e8 in programma anche l\u2019asfaltatura della\u00a0<strong>rampa della direttrice Udine \u2013 Venezia del nodo di Palmanova<\/strong>.<\/p>\n<p> \tIn particolare questo cantiere determiner\u00e0\u00a0<strong>nel fine settimana dalle ore 6 di sabato 15 maggio alle ore 21 di domenica 16 la chiusura del ramo<\/strong>\u00a0e pertanto i mezzi provenienti da Tarvisio\/Udine e diretti a Venezia dovranno uscire a Udine Sud e riprendere la A4 al casello di San Giorgio di Nogaro.<\/p>\n<p> \tIl cronoprogramma, per\u00f2, potrebbe subire slittamenti. Le incerte condizioni meteo che stanno caratterizzando questo inizio di maggio stanno avendo notevoli riflessi sulla programmazione delle opere di manutenzione della rete autostradale di Autovie Venete.<\/p>\n<p> \tProseguono anche gli altri interventi mirati di manutenzione. Il primo cantiere della stagione ha riguardato la riasfaltatura dell\u2019intera carreggiata fra Cessalto e San Stino di Livenza in direzione Trieste.\u00a0<\/p>\n<p> \t<strong>Dalle ore 23 di domani<\/strong> <strong>alle ore 5 di gioved\u00ec 13 verr\u00e0 riasfaltata la rampa di uscita di San Don\u00e0 provenienza Trieste.<\/strong>\u00a0Quindi, chi proviene da Trieste non potr\u00e0 uscire a San Don\u00e0, ma dovr\u00e0 utilizzare i caselli di San Stino o Cessalto.<\/p>\n<p> \t<strong>Anche la A28<\/strong>\u00a0sar\u00e0 interessata da queste opere di manutenzione.\u00a0<strong>Dalle ore 19 di gioved\u00ec 13 alle ore 2 di venerd\u00ec 14 verr\u00e0 ripavimentato un tratto di circa 300 metri dell\u2019autostrada che render\u00e0 inaccessibile la rampa che dalla rotatoria della strada regionale 251 di Portogruaro va in direzione Conegliano<\/strong>.<\/p>\n<p> \tPertanto chi proviene da Portogruaro ed \u00e8 diretto a Conegliano dovr\u00e0 proseguire sulla viabilit\u00e0 ordinaria e accedere alla A28 allo svincolo di Sesto al Reghena<\/p>\n","protected":false},"excerpt":{"rendered":"<p>Lavori nel fine settimana sulla direttrice Udine-Venezia<\/p>\n","protected":false},"author":28,"featured_media":38998,"comment_status":"closed","ping_status":"closed","sticky":false,"template":"","format":"standard","meta":{"dwc-title":[],"dwc-content":[],"footnotes":""},"categories":[5],"tags":[],"class_list":["post-38997","post","type-post","status-publish","format-standard","has-post-thumbnail","hentry","category-attualita"],"rttpg_featured_image_url":{"full":["https:\/\/imagazine.it\/wp-content\/uploads\/2024\/01\/39925-1.webp",1000,554,false],"landscape":["https:\/\/imagazine.it\/wp-content\/uploads\/2024\/01\/39925-1.webp",1000,554,false],"portraits":["https:\/\/imagazine.it\/wp-content\/uploads\/2024\/01\/39925-1.webp",1000,554,false],"thumbnail":["https:\/\/imagazine.it\/wp-content\/uploads\/2024\/01\/39925-1-150x150.webp",150,150,true],"medium":["https:\/\/imagazine.it\/wp-content\/uploads\/2024\/01\/39925-1-300x166.webp",300,166,true],"large":["https:\/\/imagazine.it\/wp-content\/uploads\/2024\/01\/39925-1.webp",640,355,false],"thumblist":["https:\/\/imagazine.it\/wp-content\/uploads\/2024\/01\/39925-1.webp",300,166,false],"thumbrelated":["https:\/\/imagazine.it\/wp-content\/uploads\/2024\/01\/39925-1.webp",500,277,false],"meccarouselthumb":["https:\/\/imagazine.it\/wp-content\/uploads\/2024\/01\/39925-1.webp",474,263,false],"gridsquare":["https:\/\/imagazine.it\/wp-content\/uploads\/2024\/01\/39925-1.webp",391,217,false],"tileview":["https:\/\/imagazine.it\/wp-content\/uploads\/2024\/01\/39925-1.webp",300,166,false],"1536x1536":["https:\/\/imagazine.it\/wp-content\/uploads\/2024\/01\/39925-1.webp",1000,554,false],"2048x2048":["https:\/\/imagazine.it\/wp-content\/uploads\/2024\/01\/39925-1.webp",1000,554,false],"newsup-slider-full":["https:\/\/imagazine.it\/wp-content\/uploads\/2024\/01\/39925-1.webp",1000,554,false],"newsup-featured":["https:\/\/imagazine.it\/wp-content\/uploads\/2024\/01\/39925-1.webp",1000,554,false],"newsup-medium":["https:\/\/imagazine.it\/wp-content\/uploads\/2024\/01\/39925-1-720x380.webp",720,380,true],"tptn_thumbnail":["https:\/\/imagazine.it\/wp-content\/uploads\/2024\/01\/39925-1.webp",250,139,false],"sow-carousel-default":["https:\/\/imagazine.it\/wp-content\/uploads\/2024\/01\/39925-1-272x182.webp",272,182,true]},"rttpg_author":{"display_name":"redazione","author_link":"https:\/\/imagazine.it\/home_desk\/author\/redazione\/"},"rttpg_comment":0,"rttpg_category":"<a href=\"https:\/\/imagazine.it\/home_desk\/category\/attualita\/\" rel=\"category tag\">ATTUALIT\u00c0<\/a>","rttpg_excerpt":"Lavori nel fine settimana sulla direttrice Udine-Venezia","_links":{"self":[{"href":"https:\/\/imagazine.it\/home_desk\/wp-json\/wp\/v2\/posts\/38997","targetHints":{"allow":["GET"]}}],"collection":[{"href":"https:\/\/imagazine.it\/home_desk\/wp-json\/wp\/v2\/posts"}],"about":[{"href":"https:\/\/imagazine.it\/home_desk\/wp-json\/wp\/v2\/types\/post"}],"author":[{"embeddable":true,"href":"https:\/\/imagazine.it\/home_desk\/wp-json\/wp\/v2\/users\/28"}],"replies":[{"embeddable":true,"href":"https:\/\/imagazine.it\/home_desk\/wp-json\/wp\/v2\/comments?post=38997"}],"version-history":[{"count":0,"href":"https:\/\/imagazine.it\/home_desk\/wp-json\/wp\/v2\/posts\/38997\/revisions"}],"wp:featuredmedia":[{"embeddable":true,"href":"https:\/\/imagazine.it\/home_desk\/wp-json\/wp\/v2\/media\/38998"}],"wp:attachment":[{"href":"https:\/\/imagazine.it\/home_desk\/wp-json\/wp\/v2\/media?parent=38997"}],"wp:term":[{"taxonomy":"category","embeddable":true,"href":"https:\/\/imagazine.it\/home_desk\/wp-json\/wp\/v2\/categories?post=38997"},{"taxonomy":"post_tag","embeddable":true,"href":"https:\/\/imagazine.it\/home_desk\/wp-json\/wp\/v2\/tags?post=38997"}],"curies":[{"name":"wp","href":"https:\/\/api.w.org\/{rel}","templated":true}]}}