{"id":38995,"date":"2021-05-11T00:00:00","date_gmt":"2021-05-10T23:00:00","guid":{"rendered":"https:\/\/imagazine.it\/?p=38995"},"modified":"2021-05-11T00:00:00","modified_gmt":"2021-05-10T23:00:00","slug":"sci-andrea-craievich-nel-team-della-nazionale","status":"publish","type":"post","link":"https:\/\/imagazine.it\/home_desk\/sci-andrea-craievich-nel-team-della-nazionale\/","title":{"rendered":"Sci, Andrea Craievich nel team della Nazionale"},"content":{"rendered":"<p> \tLa 21enne <strong>Andrea Craievich<\/strong> nella prossima stagione 2021-22 sar\u00e0 ufficialmente un&#39;atleta del team azzurro dello sci alpino \u2013 gruppo C discipline tecniche.<\/p>\n<p> \t<em>\u201c<\/em>Questa convocazione mi riempie di gioia. \u00c8 un sogno che si avvera ma ora dovr\u00f2 lavorare ancora di pi\u00f9\u00a0anche dal punto di vista mentale\u201d, ha affermato la sciatrice di Sistiana cresciuta nello Sci club 70.<\/p>\n<p> \t\u201cL&#39;entrata in azzurro di Andrea Craievich &#8211; ha dichiarato il consigliere nazionale della FISI, <strong>Enzo Sima<\/strong> &#8211; \u00e8 un&#39;ottima notizia per tutto il movimento regionale che, nelle ultime stagioni, ha visto crescere interessanti giovani sia nel settore femminile che in quello maschile.\u00a0Dopo anni di sacrifici e duri allenamenti per l&#39;atleta triestina \u00e8 arrivato il momento della maturit\u00e0 agonistica\u201d<em>.<\/em><\/p>\n<p> \tIl presidente della FISI del Friuli Venezia Giulia, <strong>Maurizio Dunnhofer<\/strong>, si \u00e8 detto soddisfatto della notizia, facendo i complimenti all&#39;atleta triestina, al coach <strong>Dario Della Libera<\/strong> e allo Sci club 70 che, \u201cda anni, promuove gli sport invernali, crescendo con passione e seriet\u00e0 piccoli sciatori, alcuni dei quali raggiungono risultati ed obiettivi prestigiosi\u201d.\u00a0<\/p>\n<p> \t<strong>Roberto Andreassich<\/strong>, presidente dello Sci club 70, vede questa convocazione in nazionale come il risultato di un lavoro continuo, scrupoloso e serio di crescita dei molti bambini che si iscrivono ai corsi organizzati dal club. \u201cAbbiamo investito tutto &#8211; ha sottolineato &#8211; sul nostro impianto sportivo di <strong>Aurisina<\/strong>, su un team di allenatori e tecnici preparati e sulla passione e dedizione che i nostri soci dimostrano ogni settimana.\u00a0A ci\u00f2 aggiungo\u00a0l&#39;importantissimo sostegno delle istituzioni civili e sportive che, in tutti questi anni, ci sono state vicine, tra cui la Regione Friuli Venezia Giulia, i Comuni di Trieste e Duino Aurisina, la FISI nazionale e regionale ed il CONI regionale. Sono sicuro che per Andrea\u00a0Craievich\u00a0sar\u00e0 una stagione di grande responsabilit\u00e0, crescita ed esperienza\u201d.<\/p>\n<p> \tAll&#39;et\u00e0 di 6 anni, Andrea Craievich\u00a0ha messo gli sci, per la prima volta, proprio sulla pista di plastica di Aurisina, oggi centro federale di avviamento agli sport invernali. Anche la sua prima vittoria \u00e8 legata al sodalizio presieduto da Roberto Andreassich. Andrea sal\u00ec sul gradino pi\u00f9 alto del podio al Trofeo Biberon a Forni di Sopra, nella categoria Cuccioli 1. Evento organizzato, da sempre, dallo Sci club 70.<\/p>\n<p> \tLa Craievich, allenata da oltre 9 anni da Dario Della Libera, ha ottenuto, nelle ultime stagioni, ottimi risultati nelle varie categorie, vincendo gare FIS e FIS junior. Nel 2019 a Falcade, ha conquistato l&#39;ottava posizione ai Campionati Italiani Assoluti di combinata alpina e, quest&#39;anno, si \u00e8 classificata seconda assoluta al GP Italia, debuttando anche in Coppa Europa, in tre gare. Nella stagione 2019-2020 ha gareggiato con il\u00a0Gruppo Sportivo Fiamme Oro, avendo la possibilit\u00e0 anche di essere seguita, nella fase autunnale, dall&#39;ex azzurra di coppa del mondo, Chiara Costazza.<\/p>\n","protected":false},"excerpt":{"rendered":"<p>A partire dalla prossima stagione<\/p>\n","protected":false},"author":28,"featured_media":38996,"comment_status":"closed","ping_status":"closed","sticky":false,"template":"","format":"standard","meta":{"dwc-title":[],"dwc-content":[],"footnotes":""},"categories":[38],"tags":[],"class_list":["post-38995","post","type-post","status-publish","format-standard","has-post-thumbnail","hentry","category-sport"],"rttpg_featured_image_url":{"full":["https:\/\/imagazine.it\/wp-content\/uploads\/2024\/01\/39924-1.webp",800,410,false],"landscape":["https:\/\/imagazine.it\/wp-content\/uploads\/2024\/01\/39924-1.webp",800,410,false],"portraits":["https:\/\/imagazine.it\/wp-content\/uploads\/2024\/01\/39924-1.webp",800,410,false],"thumbnail":["https:\/\/imagazine.it\/wp-content\/uploads\/2024\/01\/39924-1-150x150.webp",150,150,true],"medium":["https:\/\/imagazine.it\/wp-content\/uploads\/2024\/01\/39924-1-300x154.webp",300,154,true],"large":["https:\/\/imagazine.it\/wp-content\/uploads\/2024\/01\/39924-1.webp",640,328,false],"thumblist":["https:\/\/imagazine.it\/wp-content\/uploads\/2024\/01\/39924-1.webp",300,154,false],"thumbrelated":["https:\/\/imagazine.it\/wp-content\/uploads\/2024\/01\/39924-1.webp",500,256,false],"meccarouselthumb":["https:\/\/imagazine.it\/wp-content\/uploads\/2024\/01\/39924-1.webp",474,243,false],"gridsquare":["https:\/\/imagazine.it\/wp-content\/uploads\/2024\/01\/39924-1.webp",391,200,false],"tileview":["https:\/\/imagazine.it\/wp-content\/uploads\/2024\/01\/39924-1.webp",300,154,false],"1536x1536":["https:\/\/imagazine.it\/wp-content\/uploads\/2024\/01\/39924-1.webp",800,410,false],"2048x2048":["https:\/\/imagazine.it\/wp-content\/uploads\/2024\/01\/39924-1.webp",800,410,false],"newsup-slider-full":["https:\/\/imagazine.it\/wp-content\/uploads\/2024\/01\/39924-1.webp",800,410,false],"newsup-featured":["https:\/\/imagazine.it\/wp-content\/uploads\/2024\/01\/39924-1.webp",800,410,false],"newsup-medium":["https:\/\/imagazine.it\/wp-content\/uploads\/2024\/01\/39924-1-720x380.webp",720,380,true],"tptn_thumbnail":["https:\/\/imagazine.it\/wp-content\/uploads\/2024\/01\/39924-1.webp",250,128,false],"sow-carousel-default":["https:\/\/imagazine.it\/wp-content\/uploads\/2024\/01\/39924-1-272x182.webp",272,182,true]},"rttpg_author":{"display_name":"redazione","author_link":"https:\/\/imagazine.it\/home_desk\/author\/redazione\/"},"rttpg_comment":0,"rttpg_category":"<a href=\"https:\/\/imagazine.it\/home_desk\/category\/sport\/\" rel=\"category tag\">SPORT<\/a>","rttpg_excerpt":"A partire dalla prossima stagione","_links":{"self":[{"href":"https:\/\/imagazine.it\/home_desk\/wp-json\/wp\/v2\/posts\/38995","targetHints":{"allow":["GET"]}}],"collection":[{"href":"https:\/\/imagazine.it\/home_desk\/wp-json\/wp\/v2\/posts"}],"about":[{"href":"https:\/\/imagazine.it\/home_desk\/wp-json\/wp\/v2\/types\/post"}],"author":[{"embeddable":true,"href":"https:\/\/imagazine.it\/home_desk\/wp-json\/wp\/v2\/users\/28"}],"replies":[{"embeddable":true,"href":"https:\/\/imagazine.it\/home_desk\/wp-json\/wp\/v2\/comments?post=38995"}],"version-history":[{"count":0,"href":"https:\/\/imagazine.it\/home_desk\/wp-json\/wp\/v2\/posts\/38995\/revisions"}],"wp:featuredmedia":[{"embeddable":true,"href":"https:\/\/imagazine.it\/home_desk\/wp-json\/wp\/v2\/media\/38996"}],"wp:attachment":[{"href":"https:\/\/imagazine.it\/home_desk\/wp-json\/wp\/v2\/media?parent=38995"}],"wp:term":[{"taxonomy":"category","embeddable":true,"href":"https:\/\/imagazine.it\/home_desk\/wp-json\/wp\/v2\/categories?post=38995"},{"taxonomy":"post_tag","embeddable":true,"href":"https:\/\/imagazine.it\/home_desk\/wp-json\/wp\/v2\/tags?post=38995"}],"curies":[{"name":"wp","href":"https:\/\/api.w.org\/{rel}","templated":true}]}}