{"id":38983,"date":"2021-05-09T00:00:00","date_gmt":"2021-05-08T23:00:00","guid":{"rendered":"https:\/\/imagazine.it\/?p=38983"},"modified":"2021-05-09T00:00:00","modified_gmt":"2021-05-08T23:00:00","slug":"joannis-ununica-diciottenne-tramanda-la-tradizione-del-maj","status":"publish","type":"post","link":"https:\/\/imagazine.it\/home_desk\/joannis-ununica-diciottenne-tramanda-la-tradizione-del-maj\/","title":{"rendered":"Joannis, un&#8217;unica diciottenne tramanda la tradizione del Maj"},"content":{"rendered":"<p> \tOgni anno in molti comuni e frazioni della bassa friulana si svolge la tradizionale festa del Maj, cio\u00e8 quel giorno dove i neo-diciottenni innalzano &#8220;l&#39;albero di maggio&#8221; nella piazza del proprio paese.<\/p>\n<p> \tQuest&#39;anno \u00e8 toccato ai ragazzi nati nel 2003. Il Maj \u00e8 un&#39;antica pratica che trae origine da riti magici celtici che propiziavano l&#39;abbondanza al ritorno della bella stagione. Nel corso degli anni questa celebrazione si \u00e8 radicata nel territorio diventando la festa dei giovani che passavano dalla giovent\u00f9 spassionata all&#39;et\u00e0 pi\u00f9 matura.<\/p>\n<p> \tAnche il piccolo centro di <strong>Joannis<\/strong>, frazione di Aiello del Friuli, ha mantenuto questa tradizione: nel primo sabato di maggio, come al solito si \u00e8 innalzato un albero &#8211; quest&#39;anno era un tiglio (di solito una quercia) &#8211; in piazza di fronte alla chiesa dedicata a Sant&#39;Agnese. Sul tronco si \u00e8 quindi fissato il nome dei neo diciottenni, quest&#39;anno solamente uno: <strong>Eleonora Gregorat<\/strong>.<\/p>\n<p> \tPur non essendo la sola diciottenne, \u00e8 l\u2019unica che ha aderito a questa usanza, \u00e8 stata brava e sagace e non ha voluto far mancare questo appuntamento \u201cdi vita\u201d, probabilmente la voglia di esserci gliel\u2019ha trasmessa il pap\u00e0, e forse anche il nonno. Eleonora non ha voluto far mancare neanche l&#39;abitudine di scrivere qualche frase di fronte alle case dei suoi paesani: per una questione di \u201ccoprifuoco\u201d si \u00e8 limitata a scrivere \u201cW il 2003\u201d di fronte alla chiesa, bastava solo quello per poter dire che la tradizione va avanti, non si ferma.<\/p>\n<p> \tNon si \u00e8 invece potuto organizzare, per il secondo anno consecutivo, la classica cena: l&#39;usanza era che la classe di quest&#39;anno, quella del 2003, invitasse a cena le classi del 2002 e del 2004 (i neo maggiorenni dell\u2019anno precedente e di quello seguente). La speranza \u00e8 che il prossimo anno i nati 2001\/2\/3\/4\/5 possano trovarsi per una grande festa con il coronavirus gi\u00e0 alle spalle.<\/p>\n","protected":false},"excerpt":{"rendered":"<p>L&#8217;esempio di Eleonora Gregorat<\/p>\n","protected":false},"author":22,"featured_media":38984,"comment_status":"closed","ping_status":"closed","sticky":false,"template":"","format":"standard","meta":{"dwc-title":[],"dwc-content":[],"footnotes":""},"categories":[5],"tags":[],"class_list":["post-38983","post","type-post","status-publish","format-standard","has-post-thumbnail","hentry","category-attualita"],"rttpg_featured_image_url":{"full":["https:\/\/imagazine.it\/wp-content\/uploads\/2024\/01\/39909-1.webp",1000,625,false],"landscape":["https:\/\/imagazine.it\/wp-content\/uploads\/2024\/01\/39909-1.webp",1000,625,false],"portraits":["https:\/\/imagazine.it\/wp-content\/uploads\/2024\/01\/39909-1.webp",1000,625,false],"thumbnail":["https:\/\/imagazine.it\/wp-content\/uploads\/2024\/01\/39909-1-150x150.webp",150,150,true],"medium":["https:\/\/imagazine.it\/wp-content\/uploads\/2024\/01\/39909-1-300x188.webp",300,188,true],"large":["https:\/\/imagazine.it\/wp-content\/uploads\/2024\/01\/39909-1.webp",640,400,false],"thumblist":["https:\/\/imagazine.it\/wp-content\/uploads\/2024\/01\/39909-1.webp",300,188,false],"thumbrelated":["https:\/\/imagazine.it\/wp-content\/uploads\/2024\/01\/39909-1.webp",500,313,false],"meccarouselthumb":["https:\/\/imagazine.it\/wp-content\/uploads\/2024\/01\/39909-1.webp",474,296,false],"gridsquare":["https:\/\/imagazine.it\/wp-content\/uploads\/2024\/01\/39909-1.webp",391,244,false],"tileview":["https:\/\/imagazine.it\/wp-content\/uploads\/2024\/01\/39909-1.webp",300,188,false],"1536x1536":["https:\/\/imagazine.it\/wp-content\/uploads\/2024\/01\/39909-1.webp",1000,625,false],"2048x2048":["https:\/\/imagazine.it\/wp-content\/uploads\/2024\/01\/39909-1.webp",1000,625,false],"newsup-slider-full":["https:\/\/imagazine.it\/wp-content\/uploads\/2024\/01\/39909-1.webp",1000,625,false],"newsup-featured":["https:\/\/imagazine.it\/wp-content\/uploads\/2024\/01\/39909-1.webp",1000,625,false],"newsup-medium":["https:\/\/imagazine.it\/wp-content\/uploads\/2024\/01\/39909-1-720x380.webp",720,380,true],"tptn_thumbnail":["https:\/\/imagazine.it\/wp-content\/uploads\/2024\/01\/39909-1.webp",250,156,false],"sow-carousel-default":["https:\/\/imagazine.it\/wp-content\/uploads\/2024\/01\/39909-1-272x182.webp",272,182,true]},"rttpg_author":{"display_name":"Livio Nonis","author_link":"https:\/\/imagazine.it\/home_desk\/author\/nonis\/"},"rttpg_comment":0,"rttpg_category":"<a href=\"https:\/\/imagazine.it\/home_desk\/category\/attualita\/\" rel=\"category tag\">ATTUALIT\u00c0<\/a>","rttpg_excerpt":"L'esempio di Eleonora Gregorat","_links":{"self":[{"href":"https:\/\/imagazine.it\/home_desk\/wp-json\/wp\/v2\/posts\/38983","targetHints":{"allow":["GET"]}}],"collection":[{"href":"https:\/\/imagazine.it\/home_desk\/wp-json\/wp\/v2\/posts"}],"about":[{"href":"https:\/\/imagazine.it\/home_desk\/wp-json\/wp\/v2\/types\/post"}],"author":[{"embeddable":true,"href":"https:\/\/imagazine.it\/home_desk\/wp-json\/wp\/v2\/users\/22"}],"replies":[{"embeddable":true,"href":"https:\/\/imagazine.it\/home_desk\/wp-json\/wp\/v2\/comments?post=38983"}],"version-history":[{"count":0,"href":"https:\/\/imagazine.it\/home_desk\/wp-json\/wp\/v2\/posts\/38983\/revisions"}],"wp:featuredmedia":[{"embeddable":true,"href":"https:\/\/imagazine.it\/home_desk\/wp-json\/wp\/v2\/media\/38984"}],"wp:attachment":[{"href":"https:\/\/imagazine.it\/home_desk\/wp-json\/wp\/v2\/media?parent=38983"}],"wp:term":[{"taxonomy":"category","embeddable":true,"href":"https:\/\/imagazine.it\/home_desk\/wp-json\/wp\/v2\/categories?post=38983"},{"taxonomy":"post_tag","embeddable":true,"href":"https:\/\/imagazine.it\/home_desk\/wp-json\/wp\/v2\/tags?post=38983"}],"curies":[{"name":"wp","href":"https:\/\/api.w.org\/{rel}","templated":true}]}}