{"id":38965,"date":"2021-05-10T00:00:00","date_gmt":"2021-05-09T23:00:00","guid":{"rendered":"https:\/\/imagazine.it\/?p=38965"},"modified":"2021-05-10T00:00:00","modified_gmt":"2021-05-09T23:00:00","slug":"consorzio-doc-friuli-aquileia-roberto-marcolini-nuovo-presidente","status":"publish","type":"post","link":"https:\/\/imagazine.it\/home_desk\/consorzio-doc-friuli-aquileia-roberto-marcolini-nuovo-presidente\/","title":{"rendered":"Consorzio Doc Friuli Aquileia: Roberto Marcolini nuovo presidente"},"content":{"rendered":"<p> \tL&#39;Assemblea del Consorzio Doc Friuli Aquileia ha rinnovato il Consiglio di Amministrazione alla scadenza naturale del triennio.<\/p>\n<p> \tAll\u2019unanimit\u00e0 \u00e8 stato eletto presidente <strong>Roberto Marcolini<\/strong>, direttore della Tenuta Ca&#39; Bolani; al suo fianco due vicepresidenti: il riconfermato <strong>Francesco Tarlao<\/strong> dell\u2019azienda Tarlao e la nuova entrata <strong>Valentina Bertossi<\/strong> dell\u2019azienda Mulino delle Tolle.<\/p>\n<p> \tCompletano il Consiglio di Amministrazione i consiglieri riconfermati <strong>Franco Clementin<\/strong> dell\u2019azienda Fattoria Clementin, <strong>Giovanni Foffani<\/strong> dell\u2019azienda Foffani, <strong>Samuele Pozzar<\/strong> dell\u2019azienda Terre di Palazzatto, e i nuovi entrati <strong>Alessandro Baccichetto<\/strong> dell\u2019azienda Valpanera, <strong>Dario Puntin<\/strong> dell\u2019azienda Puntin, <strong>Enrico Rigonat<\/strong> dell\u2019azienda Cantine Rigonat e <strong>Guido Federico Rossignoli<\/strong> dell\u2019azienda Barone Ritter de Z\u00e1hony.<\/p>\n<p> \t\u201cCon soddisfazione ed emozione &#8211; ha commentato Marcolini &#8211; ringrazio per la fiducia che mi \u00e8 stata accordata, in particolare Franco Clementin che mi ha preceduto e tutto l\u2019ex Consiglio di Amministrazione per il lavoro svolto nel triennio precedente. Sono sicuro che con il nuovo Consiglio lavoreremo con impegno ed entusiasmo per valorizzare la sempre pi\u00f9 alta qualit\u00e0 raggiunta dai nostri vini, nella tutela del nostro territorio e promozione delle nostre professionalit\u00e0\u201d.<\/p>\n<p> \tIl Consorzio Tutela Vini DOC Friuli Aquileia fa parte (ed \u00e8 socio fondatore) del Consorzio delle DOC-FVG e di E.VI.Q. &#8211; Ente vini di qualit\u00e0 e collabora con il Consorzio Friuli Colli Orientali e Ramandolo.<\/p>\n","protected":false},"excerpt":{"rendered":"<p>Subentra a Franco Clementin<\/p>\n","protected":false},"author":28,"featured_media":38966,"comment_status":"closed","ping_status":"closed","sticky":false,"template":"","format":"standard","meta":{"dwc-title":[],"dwc-content":[],"footnotes":""},"categories":[5],"tags":[],"class_list":["post-38965","post","type-post","status-publish","format-standard","has-post-thumbnail","hentry","category-attualita"],"rttpg_featured_image_url":{"full":["https:\/\/imagazine.it\/wp-content\/uploads\/2024\/01\/39875-1.webp",1280,853,false],"landscape":["https:\/\/imagazine.it\/wp-content\/uploads\/2024\/01\/39875-1.webp",1280,853,false],"portraits":["https:\/\/imagazine.it\/wp-content\/uploads\/2024\/01\/39875-1.webp",1280,853,false],"thumbnail":["https:\/\/imagazine.it\/wp-content\/uploads\/2024\/01\/39875-1-150x150.webp",150,150,true],"medium":["https:\/\/imagazine.it\/wp-content\/uploads\/2024\/01\/39875-1-300x200.webp",300,200,true],"large":["https:\/\/imagazine.it\/wp-content\/uploads\/2024\/01\/39875-1-1024x682.webp",640,426,true],"thumblist":["https:\/\/imagazine.it\/wp-content\/uploads\/2024\/01\/39875-1.webp",300,200,false],"thumbrelated":["https:\/\/imagazine.it\/wp-content\/uploads\/2024\/01\/39875-1.webp",500,333,false],"meccarouselthumb":["https:\/\/imagazine.it\/wp-content\/uploads\/2024\/01\/39875-1.webp",474,316,false],"gridsquare":["https:\/\/imagazine.it\/wp-content\/uploads\/2024\/01\/39875-1.webp",391,260,false],"tileview":["https:\/\/imagazine.it\/wp-content\/uploads\/2024\/01\/39875-1.webp",300,200,false],"1536x1536":["https:\/\/imagazine.it\/wp-content\/uploads\/2024\/01\/39875-1.webp",1280,853,false],"2048x2048":["https:\/\/imagazine.it\/wp-content\/uploads\/2024\/01\/39875-1.webp",1280,853,false],"newsup-slider-full":["https:\/\/imagazine.it\/wp-content\/uploads\/2024\/01\/39875-1-1280x720.webp",1280,720,true],"newsup-featured":["https:\/\/imagazine.it\/wp-content\/uploads\/2024\/01\/39875-1-1024x682.webp",1024,682,true],"newsup-medium":["https:\/\/imagazine.it\/wp-content\/uploads\/2024\/01\/39875-1-720x380.webp",720,380,true],"tptn_thumbnail":["https:\/\/imagazine.it\/wp-content\/uploads\/2024\/01\/39875-1.webp",250,167,false],"sow-carousel-default":["https:\/\/imagazine.it\/wp-content\/uploads\/2024\/01\/39875-1-272x182.webp",272,182,true]},"rttpg_author":{"display_name":"redazione","author_link":"https:\/\/imagazine.it\/home_desk\/author\/redazione\/"},"rttpg_comment":0,"rttpg_category":"<a href=\"https:\/\/imagazine.it\/home_desk\/category\/attualita\/\" rel=\"category tag\">ATTUALIT\u00c0<\/a>","rttpg_excerpt":"Subentra a Franco Clementin","_links":{"self":[{"href":"https:\/\/imagazine.it\/home_desk\/wp-json\/wp\/v2\/posts\/38965","targetHints":{"allow":["GET"]}}],"collection":[{"href":"https:\/\/imagazine.it\/home_desk\/wp-json\/wp\/v2\/posts"}],"about":[{"href":"https:\/\/imagazine.it\/home_desk\/wp-json\/wp\/v2\/types\/post"}],"author":[{"embeddable":true,"href":"https:\/\/imagazine.it\/home_desk\/wp-json\/wp\/v2\/users\/28"}],"replies":[{"embeddable":true,"href":"https:\/\/imagazine.it\/home_desk\/wp-json\/wp\/v2\/comments?post=38965"}],"version-history":[{"count":0,"href":"https:\/\/imagazine.it\/home_desk\/wp-json\/wp\/v2\/posts\/38965\/revisions"}],"wp:featuredmedia":[{"embeddable":true,"href":"https:\/\/imagazine.it\/home_desk\/wp-json\/wp\/v2\/media\/38966"}],"wp:attachment":[{"href":"https:\/\/imagazine.it\/home_desk\/wp-json\/wp\/v2\/media?parent=38965"}],"wp:term":[{"taxonomy":"category","embeddable":true,"href":"https:\/\/imagazine.it\/home_desk\/wp-json\/wp\/v2\/categories?post=38965"},{"taxonomy":"post_tag","embeddable":true,"href":"https:\/\/imagazine.it\/home_desk\/wp-json\/wp\/v2\/tags?post=38965"}],"curies":[{"name":"wp","href":"https:\/\/api.w.org\/{rel}","templated":true}]}}