{"id":38945,"date":"2021-05-07T00:00:00","date_gmt":"2021-05-06T23:00:00","guid":{"rendered":"https:\/\/imagazine.it\/?p=38945"},"modified":"2021-05-07T00:00:00","modified_gmt":"2021-05-06T23:00:00","slug":"cividale-inaugurata-la-nuova-variante-alla-ss54","status":"publish","type":"post","link":"https:\/\/imagazine.it\/home_desk\/cividale-inaugurata-la-nuova-variante-alla-ss54\/","title":{"rendered":"Cividale, inaugurata la nuova variante alla SS54"},"content":{"rendered":"<p> \tInaugurata la nuova variante alla SS54 a <strong>Cividale del Friuli<\/strong>, un tragitto di 1,8 chilometri realizzato da Anas (Gruppo FS Italiane) con un investimento di oltre 4,5 milioni di euro.<\/p>\n<p> \tL&#39;inaugurazione si \u00e8 tenuta con un evento in diretta che ha messo in collegamento la sede stradale di nuova apertura e il municipio di Cividale, dove erano presenti il governatore <strong>Massimiliano Fedriga<\/strong>, l&#39;assessore regionale alle Infrastrutture e territorio <strong>Graziano Pizzimenti<\/strong>, l&#39;amministratore delegato di Anas <strong>Massimo Simonini<\/strong> e il sindaco di Cividale del Friuli <strong>Daniela Bernardi<\/strong>.<\/p>\n<p> \tNel suo intervento Fedriga \u00e8 pi\u00f9 volte tornato sul concetto di sostenibilit\u00e0 dell&#39;infrastruttura e sulla necessit\u00e0 di &#8220;fermare opere inutili ma intervenire laddove ci\u00f2 significa migliorare la qualit\u00e0 della vita; al contrario, non intervenire a volte si traduce in abbandono dell&#39;ambiente come ci ha insegnato la tempesta Vaja&#8221;.<\/p>\n<p> \tIl nuovo tracciato misura 1,8 chilometri di cui il primo tratto di 800 metri costituito da un sedime stradale completamente nuovo; il secondo troncone invece \u00e8 frutto dell&#39;adeguamento dell&#39;esistente viabilit\u00e0 comunale.<\/p>\n<p> \tLa strada include un sottopasso alla linea ferroviaria Udine &#8211; Cividale che integra anche la pista ciclabile, eliminando il passaggio a livello e mettendo cos\u00ec in sicurezza l&#39;attraversamento per i ciclisti.<\/p>\n<p> \tLa nuova viabilit\u00e0 si innesta sulla rotatoria esistente ad ovest del cimitero. Il tratto della statale che sottopassa la rotatoria e attualmente viene utilizzato per raggiungere il centro abitato di Cividale verr\u00e0 riclassificato come strada comunale.<\/p>\n<p> \tSono state realizzate anche due nuove rotatorie: la prima all&#39;incrocio tra via del Laterano e via Boiani, in prossimit\u00e0 dell&#39;ingresso al deposito della Saf; la seconda in prossimit\u00e0 del palazzetto dello sport.<\/p>\n<p> \tL&#39;intervento \u00e8 stato completato con l&#39;impianto di illuminazione a led delle due rotatorie e del sottopassaggio ferroviario. Quest&#39;ultimo \u00e8 dotato inoltre di un sistema di sicurezza che, tramite semaforo d&#39;emergenza, segnala il pericolo in caso di allagamento.<\/p>\n<p> \tL&#39;opera, appaltata da Anas (struttura territoriale Veneto e Friuli Venezia Giulia) con gara a offerta economicamente pi\u00f9 vantaggiosa, \u00e8 stata portata a compimento senza mai interrompere il traffico ferroviario, grazie al ricorso a tecnologie costruttive d&#39;avanguardia.<\/p>\n<p> \tIl sindaco di Cividale ha ricordato che l&#39;infrastruttura chiude una procedura avviata con la precedente Amministrazione comunale (era presente in sala anche l&#39;ex sindaco <strong>Stefano Balloch<\/strong>) e contribuir\u00e0 a offrire un miglior accesso alla citt\u00e0 anche per i turisti; l&#39;ad di Anas ha invece richiamato l&#39;impegno dell&#39;ente in Friuli Venezia Giulia dove \u00e8 previsto un piano di investimenti da 168 milioni di euro, di cui 24 su nuove opere e 144 sulla manutenzione programmata dei quasi 200 chilometri di strade di competenza nel territorio regionale.<\/p>\n","protected":false},"excerpt":{"rendered":"<p>Investimento di oltre 4,5 milioni di euro<\/p>\n","protected":false},"author":28,"featured_media":38946,"comment_status":"closed","ping_status":"closed","sticky":false,"template":"","format":"standard","meta":{"dwc-title":[],"dwc-content":[],"footnotes":""},"categories":[5],"tags":[],"class_list":["post-38945","post","type-post","status-publish","format-standard","has-post-thumbnail","hentry","category-attualita"],"rttpg_featured_image_url":{"full":["https:\/\/imagazine.it\/wp-content\/uploads\/2024\/01\/39833-1.webp",1000,667,false],"landscape":["https:\/\/imagazine.it\/wp-content\/uploads\/2024\/01\/39833-1.webp",1000,667,false],"portraits":["https:\/\/imagazine.it\/wp-content\/uploads\/2024\/01\/39833-1.webp",1000,667,false],"thumbnail":["https:\/\/imagazine.it\/wp-content\/uploads\/2024\/01\/39833-1-150x150.webp",150,150,true],"medium":["https:\/\/imagazine.it\/wp-content\/uploads\/2024\/01\/39833-1-300x200.webp",300,200,true],"large":["https:\/\/imagazine.it\/wp-content\/uploads\/2024\/01\/39833-1.webp",640,427,false],"thumblist":["https:\/\/imagazine.it\/wp-content\/uploads\/2024\/01\/39833-1.webp",300,200,false],"thumbrelated":["https:\/\/imagazine.it\/wp-content\/uploads\/2024\/01\/39833-1.webp",500,334,false],"meccarouselthumb":["https:\/\/imagazine.it\/wp-content\/uploads\/2024\/01\/39833-1.webp",474,316,false],"gridsquare":["https:\/\/imagazine.it\/wp-content\/uploads\/2024\/01\/39833-1.webp",391,260,false],"tileview":["https:\/\/imagazine.it\/wp-content\/uploads\/2024\/01\/39833-1.webp",300,200,false],"1536x1536":["https:\/\/imagazine.it\/wp-content\/uploads\/2024\/01\/39833-1.webp",1000,667,false],"2048x2048":["https:\/\/imagazine.it\/wp-content\/uploads\/2024\/01\/39833-1.webp",1000,667,false],"newsup-slider-full":["https:\/\/imagazine.it\/wp-content\/uploads\/2024\/01\/39833-1.webp",1000,667,false],"newsup-featured":["https:\/\/imagazine.it\/wp-content\/uploads\/2024\/01\/39833-1.webp",1000,667,false],"newsup-medium":["https:\/\/imagazine.it\/wp-content\/uploads\/2024\/01\/39833-1-720x380.webp",720,380,true],"tptn_thumbnail":["https:\/\/imagazine.it\/wp-content\/uploads\/2024\/01\/39833-1.webp",250,167,false],"sow-carousel-default":["https:\/\/imagazine.it\/wp-content\/uploads\/2024\/01\/39833-1-272x182.webp",272,182,true]},"rttpg_author":{"display_name":"redazione","author_link":"https:\/\/imagazine.it\/home_desk\/author\/redazione\/"},"rttpg_comment":0,"rttpg_category":"<a href=\"https:\/\/imagazine.it\/home_desk\/category\/attualita\/\" rel=\"category tag\">ATTUALIT\u00c0<\/a>","rttpg_excerpt":"Investimento di oltre 4,5 milioni di euro","_links":{"self":[{"href":"https:\/\/imagazine.it\/home_desk\/wp-json\/wp\/v2\/posts\/38945","targetHints":{"allow":["GET"]}}],"collection":[{"href":"https:\/\/imagazine.it\/home_desk\/wp-json\/wp\/v2\/posts"}],"about":[{"href":"https:\/\/imagazine.it\/home_desk\/wp-json\/wp\/v2\/types\/post"}],"author":[{"embeddable":true,"href":"https:\/\/imagazine.it\/home_desk\/wp-json\/wp\/v2\/users\/28"}],"replies":[{"embeddable":true,"href":"https:\/\/imagazine.it\/home_desk\/wp-json\/wp\/v2\/comments?post=38945"}],"version-history":[{"count":0,"href":"https:\/\/imagazine.it\/home_desk\/wp-json\/wp\/v2\/posts\/38945\/revisions"}],"wp:featuredmedia":[{"embeddable":true,"href":"https:\/\/imagazine.it\/home_desk\/wp-json\/wp\/v2\/media\/38946"}],"wp:attachment":[{"href":"https:\/\/imagazine.it\/home_desk\/wp-json\/wp\/v2\/media?parent=38945"}],"wp:term":[{"taxonomy":"category","embeddable":true,"href":"https:\/\/imagazine.it\/home_desk\/wp-json\/wp\/v2\/categories?post=38945"},{"taxonomy":"post_tag","embeddable":true,"href":"https:\/\/imagazine.it\/home_desk\/wp-json\/wp\/v2\/tags?post=38945"}],"curies":[{"name":"wp","href":"https:\/\/api.w.org\/{rel}","templated":true}]}}