{"id":38939,"date":"2021-05-07T00:00:00","date_gmt":"2021-05-06T23:00:00","guid":{"rendered":"https:\/\/imagazine.it\/?p=38939"},"modified":"2021-05-07T00:00:00","modified_gmt":"2021-05-06T23:00:00","slug":"vaccini-orario-del-call-center-ampliato-nei-weekend","status":"publish","type":"post","link":"https:\/\/imagazine.it\/home_desk\/vaccini-orario-del-call-center-ampliato-nei-weekend\/","title":{"rendered":"Vaccini, orario del call center ampliato nei weekend"},"content":{"rendered":"<p> \tPer venire incontro alle esigenze dei cittadini e favorire l&#39;adesione alla campagna vaccinale anti Covid-19, dal 15 maggio il call center telefonico regionale per la prenotazione della vaccinazione amplier\u00e0 il proprio orario di attivit\u00e0 nei fine settimana: sabato sar\u00e0 operativo fino alle 17, anzich\u00e9 fino alle 14, e verr\u00e0 attivato anche domenica dalle 9 alle 17.<\/p>\n<p> \tLo ha annunciato il vicegovernatore con delega alla Salute, <strong>Riccardo Riccardi<\/strong>, evidenziando che &#8220;l&#39;attivit\u00e0 del numero unico di prenotazione continuer\u00e0 con i nuovi orari sicuramente fino alla fine di giugno, dopodich\u00e9 la prosecuzione del potenziamento del servizio nei fine settimana sar\u00e0 valutata in base all&#39;andamento della campagna vaccinale, anche in funzione dell&#39;apertura a nuove fasce d&#39;et\u00e0 o categorie&#8221;.<\/p>\n<p> \t&#8220;Al momento la disponibilit\u00e0 di vaccini \u00e8 buona, quindi esorto tutti i cittadini che possono vaccinarsi a farlo &#8211; ha aggiunto Riccardi -. Il vaccino \u00e8 infatti uno strumento sicuro ed \u00e8 l&#39;unica arma a nostra disposizione per sconfiggere il Covid-19 e accelerare il ritorno alla normalit\u00e0&#8221;.<\/p>\n<p> \tLe prenotazioni della vaccinazione anti-Covid possono essere effettuate attraverso il call center regionale (0434 223522), gli sportelli Cup delle Aziende sanitarie, le farmacie abilitate e la webapp (<u><a href=\"http:\/\/vaccinazioni-anticovid19.sanita.fvg.it\" target=\"_blank\" rel=\"noopener\"><span style=\"color:#0000ff;\">vaccinazioni-anticovid19.sanita.fvg.it<\/span><\/a><\/u>).<\/p>\n","protected":false},"excerpt":{"rendered":"<p>A partire dal 15 maggio<\/p>\n","protected":false},"author":28,"featured_media":38940,"comment_status":"closed","ping_status":"closed","sticky":false,"template":"","format":"standard","meta":{"dwc-title":[],"dwc-content":[],"footnotes":""},"categories":[5],"tags":[],"class_list":["post-38939","post","type-post","status-publish","format-standard","has-post-thumbnail","hentry","category-attualita"],"rttpg_featured_image_url":{"full":["https:\/\/imagazine.it\/wp-content\/uploads\/2024\/01\/39826-1.webp",1000,669,false],"landscape":["https:\/\/imagazine.it\/wp-content\/uploads\/2024\/01\/39826-1.webp",1000,669,false],"portraits":["https:\/\/imagazine.it\/wp-content\/uploads\/2024\/01\/39826-1.webp",1000,669,false],"thumbnail":["https:\/\/imagazine.it\/wp-content\/uploads\/2024\/01\/39826-1-150x150.webp",150,150,true],"medium":["https:\/\/imagazine.it\/wp-content\/uploads\/2024\/01\/39826-1-300x201.webp",300,201,true],"large":["https:\/\/imagazine.it\/wp-content\/uploads\/2024\/01\/39826-1.webp",640,428,false],"thumblist":["https:\/\/imagazine.it\/wp-content\/uploads\/2024\/01\/39826-1.webp",300,201,false],"thumbrelated":["https:\/\/imagazine.it\/wp-content\/uploads\/2024\/01\/39826-1.webp",500,335,false],"meccarouselthumb":["https:\/\/imagazine.it\/wp-content\/uploads\/2024\/01\/39826-1.webp",474,317,false],"gridsquare":["https:\/\/imagazine.it\/wp-content\/uploads\/2024\/01\/39826-1.webp",389,260,false],"tileview":["https:\/\/imagazine.it\/wp-content\/uploads\/2024\/01\/39826-1.webp",300,201,false],"1536x1536":["https:\/\/imagazine.it\/wp-content\/uploads\/2024\/01\/39826-1.webp",1000,669,false],"2048x2048":["https:\/\/imagazine.it\/wp-content\/uploads\/2024\/01\/39826-1.webp",1000,669,false],"newsup-slider-full":["https:\/\/imagazine.it\/wp-content\/uploads\/2024\/01\/39826-1.webp",1000,669,false],"newsup-featured":["https:\/\/imagazine.it\/wp-content\/uploads\/2024\/01\/39826-1.webp",1000,669,false],"newsup-medium":["https:\/\/imagazine.it\/wp-content\/uploads\/2024\/01\/39826-1-720x380.webp",720,380,true],"tptn_thumbnail":["https:\/\/imagazine.it\/wp-content\/uploads\/2024\/01\/39826-1.webp",250,167,false],"sow-carousel-default":["https:\/\/imagazine.it\/wp-content\/uploads\/2024\/01\/39826-1-272x182.webp",272,182,true]},"rttpg_author":{"display_name":"redazione","author_link":"https:\/\/imagazine.it\/home_desk\/author\/redazione\/"},"rttpg_comment":0,"rttpg_category":"<a href=\"https:\/\/imagazine.it\/home_desk\/category\/attualita\/\" rel=\"category tag\">ATTUALIT\u00c0<\/a>","rttpg_excerpt":"A partire dal 15 maggio","_links":{"self":[{"href":"https:\/\/imagazine.it\/home_desk\/wp-json\/wp\/v2\/posts\/38939","targetHints":{"allow":["GET"]}}],"collection":[{"href":"https:\/\/imagazine.it\/home_desk\/wp-json\/wp\/v2\/posts"}],"about":[{"href":"https:\/\/imagazine.it\/home_desk\/wp-json\/wp\/v2\/types\/post"}],"author":[{"embeddable":true,"href":"https:\/\/imagazine.it\/home_desk\/wp-json\/wp\/v2\/users\/28"}],"replies":[{"embeddable":true,"href":"https:\/\/imagazine.it\/home_desk\/wp-json\/wp\/v2\/comments?post=38939"}],"version-history":[{"count":0,"href":"https:\/\/imagazine.it\/home_desk\/wp-json\/wp\/v2\/posts\/38939\/revisions"}],"wp:featuredmedia":[{"embeddable":true,"href":"https:\/\/imagazine.it\/home_desk\/wp-json\/wp\/v2\/media\/38940"}],"wp:attachment":[{"href":"https:\/\/imagazine.it\/home_desk\/wp-json\/wp\/v2\/media?parent=38939"}],"wp:term":[{"taxonomy":"category","embeddable":true,"href":"https:\/\/imagazine.it\/home_desk\/wp-json\/wp\/v2\/categories?post=38939"},{"taxonomy":"post_tag","embeddable":true,"href":"https:\/\/imagazine.it\/home_desk\/wp-json\/wp\/v2\/tags?post=38939"}],"curies":[{"name":"wp","href":"https:\/\/api.w.org\/{rel}","templated":true}]}}