{"id":38935,"date":"2021-05-07T00:00:00","date_gmt":"2021-05-06T23:00:00","guid":{"rendered":"https:\/\/imagazine.it\/?p=38935"},"modified":"2021-05-07T00:00:00","modified_gmt":"2021-05-06T23:00:00","slug":"monfalcone-nuovo-percorso-didattico-esplorativo-a-pietrarossa","status":"publish","type":"post","link":"https:\/\/imagazine.it\/home_desk\/monfalcone-nuovo-percorso-didattico-esplorativo-a-pietrarossa\/","title":{"rendered":"Monfalcone, nuovo percorso didattico-esplorativo a Pietrarossa"},"content":{"rendered":"<p> \tPresentato il progetto <strong>Ecomosaico del Carso<\/strong>, che ha ottenuto un finanziamento con i fondi europei del Piano di Sviluppo Rurale di oltre 437 mila euro, e di cui il <strong>Comune di Monfalcone<\/strong> \u00e8 capofila.<\/p>\n<p> \tL\u2019iter d\u2019approvazione \u00e8 stato particolarmente laborioso perch\u00e9 l\u2019elemento innovativo \u00e8 rappresentato da un partenariato che assieme ai soggetti pubblici mette in collaborazione una Rete d\u2019Imprese, composta da aziende agricole e da Comunelle, che diventano a loro volta soggetti attuatori di una parte importante di attivit\u00e0 con il proprio diretto lavoro.<\/p>\n<p> \tLo stesso nome Ecomosaico ha un significato emblematico perch\u00e9 comprende una pluralit\u00e0 importante di attivit\u00e0, comprese quelle di ricerca ambientale dell\u2019Universit\u00e0 di Trieste, e perch\u00e9 si propone di creare un vero e proprio \u201ccorridoio verde\u201d per collegare gli habitat della Rete Natura 2000 nell\u2019area retrostante la Rocca e lungo tutto il Carso e le aree agricole ad alto valore naturalistico.<\/p>\n<p> \tL\u2019obiettivo principale del progetto \u00e8 quello del recupero della landa carsica e delle aree di particolare pregio agricolo e naturalistico, ma si prevedono anche iniziative di promozione e di educazione ambientale.<\/p>\n<p> \tEsso si basa su un\u2019analisi dei bisogni del territorio elaborata dal <strong>Gal Carso<\/strong>.<\/p>\n<p> \t\u201cIl recupero della landa carsica &#8211; ha affermato la sindaca di Monfalcone, <strong>Anna Maria Cisint<\/strong> &#8211; ci riguarda per un ampio comprensorio che si colloca nel nostro territorio dietro alla Rocca, nel quale sar\u00e0 quindi effettuata una radicale pulizia delle erbe infestanti e una riqualificazione ambientale. Nello stesso tempo abbiamo previsto la realizzazione di un percorso didattico-esplorativo che collegher\u00e0 il Centro visite di Pietrarossa a un\u2019area importante ma sconosciuta: quella del laghetto di Pietrarossa\u201d.<\/p>\n<p> \tIn attesa dell\u2019approvazione di questo progetto, sono gi\u00f9 stati realizzati tutti gli atti preliminari per poter essere pronti alla realizzazione del percorso.<\/p>\n<p> \t\u201cAbbiamo gi\u00e0 individuato il percorso &#8211; ha aggiunto Cisint &#8211; predisposto il relativo progetto tecnico, che \u00e8 stato gi\u00e0 approvato dalla Soprintendenza paesaggistica, ed elaborato i 15 pannelli che, assieme a un ulteriore grande pannello illustrativo generale, andranno a promuovere e a far scoprire quest\u2019angolo particolarmente suggestivo del nostro territorio\u201d.<\/p>\n<p> \tIl Centro Visite di Pietrarossa \u00e8 stato riattivato nel 2017 con una gestione che fa capo al CAI. La struttura \u00e8 inoltre destinata a ospitare un museo naturalistico multimediale.<\/p>\n<p> \t\u201cUna vera e propria porta naturale d\u2019accesso al nostro patrimonio ambientale e storico &#8211; ha concluso la sindaca &#8211; che contiamo di poter aprire nella prossima primavera\u201d.<\/p>\n","protected":false},"excerpt":{"rendered":"<p>Nell&#8217;ambito del progetto Ecomosaico del Carso<\/p>\n","protected":false},"author":28,"featured_media":38936,"comment_status":"closed","ping_status":"closed","sticky":false,"template":"","format":"standard","meta":{"dwc-title":[],"dwc-content":[],"footnotes":""},"categories":[8],"tags":[],"class_list":["post-38935","post","type-post","status-publish","format-standard","has-post-thumbnail","hentry","category-turismo"],"rttpg_featured_image_url":{"full":["https:\/\/imagazine.it\/wp-content\/uploads\/2024\/01\/39850-1.webp",1000,750,false],"landscape":["https:\/\/imagazine.it\/wp-content\/uploads\/2024\/01\/39850-1.webp",1000,750,false],"portraits":["https:\/\/imagazine.it\/wp-content\/uploads\/2024\/01\/39850-1.webp",1000,750,false],"thumbnail":["https:\/\/imagazine.it\/wp-content\/uploads\/2024\/01\/39850-1-150x150.webp",150,150,true],"medium":["https:\/\/imagazine.it\/wp-content\/uploads\/2024\/01\/39850-1-300x225.webp",300,225,true],"large":["https:\/\/imagazine.it\/wp-content\/uploads\/2024\/01\/39850-1.webp",640,480,false],"thumblist":["https:\/\/imagazine.it\/wp-content\/uploads\/2024\/01\/39850-1.webp",300,225,false],"thumbrelated":["https:\/\/imagazine.it\/wp-content\/uploads\/2024\/01\/39850-1.webp",500,375,false],"meccarouselthumb":["https:\/\/imagazine.it\/wp-content\/uploads\/2024\/01\/39850-1.webp",432,324,false],"gridsquare":["https:\/\/imagazine.it\/wp-content\/uploads\/2024\/01\/39850-1.webp",347,260,false],"tileview":["https:\/\/imagazine.it\/wp-content\/uploads\/2024\/01\/39850-1.webp",300,225,false],"1536x1536":["https:\/\/imagazine.it\/wp-content\/uploads\/2024\/01\/39850-1.webp",1000,750,false],"2048x2048":["https:\/\/imagazine.it\/wp-content\/uploads\/2024\/01\/39850-1.webp",1000,750,false],"newsup-slider-full":["https:\/\/imagazine.it\/wp-content\/uploads\/2024\/01\/39850-1-1000x720.webp",1000,720,true],"newsup-featured":["https:\/\/imagazine.it\/wp-content\/uploads\/2024\/01\/39850-1.webp",1000,750,false],"newsup-medium":["https:\/\/imagazine.it\/wp-content\/uploads\/2024\/01\/39850-1-720x380.webp",720,380,true],"tptn_thumbnail":["https:\/\/imagazine.it\/wp-content\/uploads\/2024\/01\/39850-1.webp",250,188,false],"sow-carousel-default":["https:\/\/imagazine.it\/wp-content\/uploads\/2024\/01\/39850-1-272x182.webp",272,182,true]},"rttpg_author":{"display_name":"redazione","author_link":"https:\/\/imagazine.it\/home_desk\/author\/redazione\/"},"rttpg_comment":0,"rttpg_category":"<a href=\"https:\/\/imagazine.it\/home_desk\/category\/turismo\/\" rel=\"category tag\">TURISMO<\/a>","rttpg_excerpt":"Nell'ambito del progetto Ecomosaico del Carso","_links":{"self":[{"href":"https:\/\/imagazine.it\/home_desk\/wp-json\/wp\/v2\/posts\/38935","targetHints":{"allow":["GET"]}}],"collection":[{"href":"https:\/\/imagazine.it\/home_desk\/wp-json\/wp\/v2\/posts"}],"about":[{"href":"https:\/\/imagazine.it\/home_desk\/wp-json\/wp\/v2\/types\/post"}],"author":[{"embeddable":true,"href":"https:\/\/imagazine.it\/home_desk\/wp-json\/wp\/v2\/users\/28"}],"replies":[{"embeddable":true,"href":"https:\/\/imagazine.it\/home_desk\/wp-json\/wp\/v2\/comments?post=38935"}],"version-history":[{"count":0,"href":"https:\/\/imagazine.it\/home_desk\/wp-json\/wp\/v2\/posts\/38935\/revisions"}],"wp:featuredmedia":[{"embeddable":true,"href":"https:\/\/imagazine.it\/home_desk\/wp-json\/wp\/v2\/media\/38936"}],"wp:attachment":[{"href":"https:\/\/imagazine.it\/home_desk\/wp-json\/wp\/v2\/media?parent=38935"}],"wp:term":[{"taxonomy":"category","embeddable":true,"href":"https:\/\/imagazine.it\/home_desk\/wp-json\/wp\/v2\/categories?post=38935"},{"taxonomy":"post_tag","embeddable":true,"href":"https:\/\/imagazine.it\/home_desk\/wp-json\/wp\/v2\/tags?post=38935"}],"curies":[{"name":"wp","href":"https:\/\/api.w.org\/{rel}","templated":true}]}}