{"id":38923,"date":"2021-05-07T00:00:00","date_gmt":"2021-05-06T23:00:00","guid":{"rendered":"https:\/\/imagazine.it\/?p=38923"},"modified":"2021-05-07T00:00:00","modified_gmt":"2021-05-06T23:00:00","slug":"a-palmanova-giovani-musicisti-da-tutto-il-mondo","status":"publish","type":"post","link":"https:\/\/imagazine.it\/home_desk\/a-palmanova-giovani-musicisti-da-tutto-il-mondo\/","title":{"rendered":"A Palmanova giovani musicisti da tutto il mondo"},"content":{"rendered":"<p> \tTutto pronto per il <strong>Concorso Musicale Internazionale Citt\u00e0 di Palmanova<\/strong>, che si svolger\u00e0 nei giorni <strong>13, 14, 15 e 16 maggio<\/strong> al <strong>Teatro Gustavo Modena<\/strong>, primo evento ospitato in presenza dopo molti mesi di chiusura, organizzato rispettando gli attuali protocolli per il contenimento della diffusione del Covid-19.<\/p>\n<p> \tUn appuntamento che fin dalla sua nascita si pone l\u2019obiettivo di promuovere la cultura musicale nelle sue pi\u00f9 svariate forme e valorizzare giovani talenti provenienti dall\u2019Italia e dal mondo.<\/p>\n<p> \tAnche questa <strong>nona edizione<\/strong> della rassegna \u00e8 co-organizzata dall\u2019<strong>Accademia Musicale Citt\u00e0 di Palmanova <\/strong>e dal <strong>Comune di Palmanova<\/strong>. L\u2019ingresso al Teatro Modena, per tutta la durata del concorso, le cui sessioni si svolgeranno dalle ore <strong>8.30<\/strong> alle <strong>19<\/strong>, dal gioved\u00ec alla domenica, \u00e8 <strong>libero e gratuito<\/strong>, previa prenotazione del posto sul sito <u><a href=\"blank\" target=\"_blank\" rel=\"noopener\"><span style=\"color:#0000ff;\">https:\/\/www.concorsomusicalepalmanova.it<\/span><\/a><\/u>.<\/p>\n<p> \tIl concorso che si articola in due diverse categorie: una prima di carattere nazionale, con il <strong>Premio per le scuole<\/strong>, riservato a solisti e gruppi cameristici di qualsiasi scuola pubblica o privata; una seconda di carattere internazionale, con il <strong>Premio Unesco<\/strong>, riservato a solisti e gruppi cameristici italiani e stranieri.<\/p>\n<p> \tTutti gli artisti, selezionati tramite apposito bando scaduto il 12 aprile, sono giovani sotto i 26 anni di et\u00e0. Come ogni anno alla chiamata hanno risposto centinaia di aspiranti partecipanti provenienti dall\u2019<strong>Italia<\/strong>, da tutta <strong>Europa<\/strong> (Albania, Austria, Belgio, Bulgaria, Francia, Germania, Lituania, Polonia, Repubblica Ceca, Russia, Slovenia, Svizzera, Ucraina e Ungheria) e da diverse parti del <strong>mondo <\/strong>(Cina, Giappone, Korea, Messico). Visto i vincoli dettati dall\u2019emergenza Covid-19, \u00e8 stato possibile ammettere un numero massimo di 250 musicisti, che si disputeranno i vari premi.<\/p>\n<p> \tParticolarit\u00e0 del concorso \u00e8 quella di essere aperto a una variet\u00e0 di strumenti e discipline musicali: arpa, chitarra, clarinetto, contrabbasso, flauto, marimba, oboe, percussioni, pianoforte, saxofono, tromba, trombone, tuba, viola, violino, violoncello, oltre a canto lirico e canto moderno.<\/p>\n<p> \tNovit\u00e0 di quest\u2019anno \u00e8 l\u2019inserimento del mandolino, fatto che ha convinto <strong>Gabriele Pandini<\/strong>, famoso liutaio di Ferrara, a mettere in palio proprio un mandolino di altissimo valore come premio da assegnare al mandolinista che sapr\u00e0 meritarselo. Ai vincitori delle varie categorie spetteranno inoltre borse di studio per oltre 6 mila euro. Il compito di selezionare le proposte in gara spetter\u00e0 a una giuria presieduta dal Maestro <strong>Franco Calabretto<\/strong>, affiancato per l\u2019occasione dai Maestri <strong>Giorgio Marcossi<\/strong>, <strong>Carlo Teodoro<\/strong>, <strong>Mariko Masuda<\/strong>, <strong>Giulio Chiandetti<\/strong> e <strong>Sergio Zigiotti<\/strong>.<\/p>\n","protected":false},"excerpt":{"rendered":"<p>Dal 13 al 16 maggio<\/p>\n","protected":false},"author":28,"featured_media":38924,"comment_status":"closed","ping_status":"closed","sticky":false,"template":"","format":"standard","meta":{"dwc-title":[],"dwc-content":[],"footnotes":""},"categories":[37],"tags":[],"class_list":["post-38923","post","type-post","status-publish","format-standard","has-post-thumbnail","hentry","category-cultura-e-spettacolo"],"rttpg_featured_image_url":{"full":["https:\/\/imagazine.it\/wp-content\/uploads\/2024\/01\/39814-1.webp",1280,853,false],"landscape":["https:\/\/imagazine.it\/wp-content\/uploads\/2024\/01\/39814-1.webp",1280,853,false],"portraits":["https:\/\/imagazine.it\/wp-content\/uploads\/2024\/01\/39814-1.webp",1280,853,false],"thumbnail":["https:\/\/imagazine.it\/wp-content\/uploads\/2024\/01\/39814-1-150x150.webp",150,150,true],"medium":["https:\/\/imagazine.it\/wp-content\/uploads\/2024\/01\/39814-1-300x200.webp",300,200,true],"large":["https:\/\/imagazine.it\/wp-content\/uploads\/2024\/01\/39814-1-1024x682.webp",640,426,true],"thumblist":["https:\/\/imagazine.it\/wp-content\/uploads\/2024\/01\/39814-1.webp",300,200,false],"thumbrelated":["https:\/\/imagazine.it\/wp-content\/uploads\/2024\/01\/39814-1.webp",500,333,false],"meccarouselthumb":["https:\/\/imagazine.it\/wp-content\/uploads\/2024\/01\/39814-1.webp",474,316,false],"gridsquare":["https:\/\/imagazine.it\/wp-content\/uploads\/2024\/01\/39814-1.webp",391,260,false],"tileview":["https:\/\/imagazine.it\/wp-content\/uploads\/2024\/01\/39814-1.webp",300,200,false],"1536x1536":["https:\/\/imagazine.it\/wp-content\/uploads\/2024\/01\/39814-1.webp",1280,853,false],"2048x2048":["https:\/\/imagazine.it\/wp-content\/uploads\/2024\/01\/39814-1.webp",1280,853,false],"newsup-slider-full":["https:\/\/imagazine.it\/wp-content\/uploads\/2024\/01\/39814-1-1280x720.webp",1280,720,true],"newsup-featured":["https:\/\/imagazine.it\/wp-content\/uploads\/2024\/01\/39814-1-1024x682.webp",1024,682,true],"newsup-medium":["https:\/\/imagazine.it\/wp-content\/uploads\/2024\/01\/39814-1-720x380.webp",720,380,true],"tptn_thumbnail":["https:\/\/imagazine.it\/wp-content\/uploads\/2024\/01\/39814-1.webp",250,167,false],"sow-carousel-default":["https:\/\/imagazine.it\/wp-content\/uploads\/2024\/01\/39814-1-272x182.webp",272,182,true]},"rttpg_author":{"display_name":"redazione","author_link":"https:\/\/imagazine.it\/home_desk\/author\/redazione\/"},"rttpg_comment":0,"rttpg_category":"<a href=\"https:\/\/imagazine.it\/home_desk\/category\/cultura-e-spettacolo\/\" rel=\"category tag\">CULTURA&amp;SPETTACOLO<\/a>","rttpg_excerpt":"Dal 13 al 16 maggio","_links":{"self":[{"href":"https:\/\/imagazine.it\/home_desk\/wp-json\/wp\/v2\/posts\/38923","targetHints":{"allow":["GET"]}}],"collection":[{"href":"https:\/\/imagazine.it\/home_desk\/wp-json\/wp\/v2\/posts"}],"about":[{"href":"https:\/\/imagazine.it\/home_desk\/wp-json\/wp\/v2\/types\/post"}],"author":[{"embeddable":true,"href":"https:\/\/imagazine.it\/home_desk\/wp-json\/wp\/v2\/users\/28"}],"replies":[{"embeddable":true,"href":"https:\/\/imagazine.it\/home_desk\/wp-json\/wp\/v2\/comments?post=38923"}],"version-history":[{"count":0,"href":"https:\/\/imagazine.it\/home_desk\/wp-json\/wp\/v2\/posts\/38923\/revisions"}],"wp:featuredmedia":[{"embeddable":true,"href":"https:\/\/imagazine.it\/home_desk\/wp-json\/wp\/v2\/media\/38924"}],"wp:attachment":[{"href":"https:\/\/imagazine.it\/home_desk\/wp-json\/wp\/v2\/media?parent=38923"}],"wp:term":[{"taxonomy":"category","embeddable":true,"href":"https:\/\/imagazine.it\/home_desk\/wp-json\/wp\/v2\/categories?post=38923"},{"taxonomy":"post_tag","embeddable":true,"href":"https:\/\/imagazine.it\/home_desk\/wp-json\/wp\/v2\/tags?post=38923"}],"curies":[{"name":"wp","href":"https:\/\/api.w.org\/{rel}","templated":true}]}}