{"id":38911,"date":"2021-05-06T00:00:00","date_gmt":"2021-05-05T23:00:00","guid":{"rendered":"https:\/\/imagazine.it\/?p=38911"},"modified":"2021-05-06T00:00:00","modified_gmt":"2021-05-05T23:00:00","slug":"a-casarsa-nei-borghi-di-pasolini","status":"publish","type":"post","link":"https:\/\/imagazine.it\/home_desk\/a-casarsa-nei-borghi-di-pasolini\/","title":{"rendered":"A Casarsa nei borghi di Pasolini"},"content":{"rendered":"<p> \t<em>L\u00f9signis &#8211; Nei borghi di Pasolini<\/em> raddoppia in questo 2021 in cui anche il mondo della cultura punta alla ripresa dopo le sfide della pandemia.<\/p>\n<p> \tInfatti la rassegna &#8211; organizzata e ideata dall\u2019Assessorato alle Politiche Culturali e del Territorio della <strong>Citt\u00e0 di Casarsa della Delizia<\/strong> insieme a <strong>Giacomo Trevisan<\/strong> per far conoscere e apprezzare, sia dal punto di vista artistico che turistico, i luoghi in cui visse e scrisse, il grande poeta, intellettuale e regista Pier Paolo Pasolini &#8211; si svolger\u00e0 sia nella tarda primavera che a inizio autunno.<\/p>\n<p> \t\u201cL\u00f9signis &#8211; spiegano la sindaca di Casarsa, <strong>Lavinia Clarotto<\/strong>, e l\u2019assessore <strong>Fabio Cristante<\/strong> &#8211; prosegue il suo cammino, giungendo alla terza edizione in un anno in cui \u00e8 pi\u00f9 impellente che mai la necessit\u00e0 di accendere piccole luci che diano speranza. Cos\u00ec, a guidare la ricerca delle lucciole (<em>l\u00f9signis<\/em>, in friulano), si \u00e8 scelto il motto dell\u2019<em>Academiuta<\/em> <em>di lenga furlana<\/em>, di cui nel 2020 ricorrevano i 75 anni dalla fondazione: <em>Cristian furlanut plen di vecja salut<\/em>. L\u2019Academiuta fu un\u2019entusiasmante esperienza educativa e poetica per gli allievi del giovanissimo maestro Pasolini, un fiore nato fra le macerie della seconda guerra mondiale. Il percorso di <em>L\u00f9signis<\/em> nella primavera 2021 prover\u00e0 a verificarne l\u2019attualit\u00e0 per capire se da una \u201csaggezza antica\u201d possa germogliare oggi un\u2019umanit\u00e0 nuova\u201d.<\/p>\n<p> \tSi parte <strong>sabato 8 maggio alle 18<\/strong> con <em>Vengo dai ruderi<\/em>, evento dal vivo nel Teatro Pier Paolo Pasolini (via Piave 16 a Casarsa della Delizia) con prenotazione obbligatoria e trasmesso in diretta sulla pagina Facebook Eventi a Casarsa della Delizia. La professoressa <strong>Antonella Tredicine<\/strong>, autrice di <em>Pier Paolo Pasolini, \u201cscolaro dello scandalo\u201d<\/em> (Ombre Corte, Verona 2015) nonch\u00e9 di altri saggi pasoliniani, si collegher\u00e0 per ripercorrere l&#39;avventura poetica e pedagogica dell\u2019<em>Academiuta<\/em> <em>di Lenga Furlana<\/em>, una delle creature didattiche di Pasolini maggiormente feconda di semi culturali. Introduzione musicale a cura della fisarmonica di <strong>Nicola Milan<\/strong> e del violino di <strong>Elena Blessano<\/strong>.\u00a0<\/p>\n<p> \tL\u2019evento \u00e8 inserito nella Settimana della Cultura Friulana organizzata dalla Societ\u00e0 Filologica Friulana: per l\u2019occasione, sempre sabato 8 maggio dalle 15 alle 16, il Centro studi Pier Paolo Pasolini, grazie alla disponibilit\u00e0 della presidente <strong>Flavia Leonarduzzi<\/strong>, aprir\u00e0 nella sua sede di via Guido Alberto Pasolini 4 a Casarsa della Delizia, in anteprima con una visita guidata la mostra <em>L\u2019Academiuta e il suo \u00abtrepido desiderio di poesia\u00bb<\/em>. <em>Gli anni friulani di Pasolini<\/em>, la quale sar\u00e0 inaugurata il giorno successivo.<\/p>\n<p> \tInoltre dalla serata di venerd\u00ec 7 maggio sar\u00e0 disponibile sulla pagina Facebook di Eventi a Casarsa della Delizia una visita virtuale condotta dal professor <strong>Giuseppe Mariuz<\/strong> che,\u00a0partendo dal Centro Studi Pasolini di Casarsa, toccher\u00e0 i \u201cluoghi\u201d dell\u2019esperienza educativa e poetica del giovane maestro Pasolini.\u00a0Insieme a lui si visiter\u00e0 Versutta, l\u2019Universit\u00e0 \u201cdai mus\u201d e il cinema di San Giovanni. Il video \u00e8 un invito a visitare di persona i luoghi sempre raggiungibili con una passeggiata nel territorio casarsese.<\/p>\n<p> \t<em>L\u00f9signis<\/em> nella primavera 2021 proseguir\u00e0 fino al 30 maggio con ulteriori incontri e visite in bicicletta nel territorio alla ricerca delle memorie pasoliniane, per un totale di 8 eventi.\u00a0<\/p>\n<p> \t<img decoding=\"async\" alt=\"\" src=\"\/ckeditor_assets\/pictures\/1246\/content_lowLusignis_8_maggio_-_web.jpg\" style=\"width: 600px; height: 1273px;\" title=\"\"><\/p>\n<p> \tLa rassegna si svolge con il sostegno dalla Regione Friuli Venezia Giulia e la collaborazione del Centro Studi Pier Paolo Pasolini di Casarsa della Delizia e della Pro Loco di Casarsa della Delizia.<\/p>\n<p> \tSignificativa, tra le altre, la collaborazione con il Centro studi David Maria Turoldo per un parallelismo tra i due grandi amici e cantori del Friuli pre industriale. Le altre collaborazioni sono con Comune di Sedegliano, Par San Zuan, compagnia La Meglio Cimici\u00f9,\u00a0Associazione Armonie e i Servi di Maria.\u00a0<\/p>\n<p> \tPrenotazione richiesta per tutti gli eventi visti i posti limitati (Ufficio cultura Comune di Casarsa della Delizia, telefono 0434 873981 email\u00a0<a href=\"mailto:cultura@comune.casarsadelladelizia.pn.it\" target=\"_blank\" rel=\"noopener\">cultura@comune.<wbr \/>casarsadelladelizia.pn.it<\/a>).<\/p>\n<p> \t\u00a0<\/p>\n","protected":false},"excerpt":{"rendered":"<p>Torna la rassegna L\u00f9signis<\/p>\n","protected":false},"author":28,"featured_media":38912,"comment_status":"closed","ping_status":"closed","sticky":false,"template":"","format":"standard","meta":{"dwc-title":[],"dwc-content":[],"footnotes":""},"categories":[37],"tags":[],"class_list":["post-38911","post","type-post","status-publish","format-standard","has-post-thumbnail","hentry","category-cultura-e-spettacolo"],"rttpg_featured_image_url":{"full":["https:\/\/imagazine.it\/wp-content\/uploads\/2024\/01\/39805-1.webp",1000,659,false],"landscape":["https:\/\/imagazine.it\/wp-content\/uploads\/2024\/01\/39805-1.webp",1000,659,false],"portraits":["https:\/\/imagazine.it\/wp-content\/uploads\/2024\/01\/39805-1.webp",1000,659,false],"thumbnail":["https:\/\/imagazine.it\/wp-content\/uploads\/2024\/01\/39805-1-150x150.webp",150,150,true],"medium":["https:\/\/imagazine.it\/wp-content\/uploads\/2024\/01\/39805-1-300x198.webp",300,198,true],"large":["https:\/\/imagazine.it\/wp-content\/uploads\/2024\/01\/39805-1.webp",640,422,false],"thumblist":["https:\/\/imagazine.it\/wp-content\/uploads\/2024\/01\/39805-1.webp",300,198,false],"thumbrelated":["https:\/\/imagazine.it\/wp-content\/uploads\/2024\/01\/39805-1.webp",500,330,false],"meccarouselthumb":["https:\/\/imagazine.it\/wp-content\/uploads\/2024\/01\/39805-1.webp",474,312,false],"gridsquare":["https:\/\/imagazine.it\/wp-content\/uploads\/2024\/01\/39805-1.webp",391,258,false],"tileview":["https:\/\/imagazine.it\/wp-content\/uploads\/2024\/01\/39805-1.webp",300,198,false],"1536x1536":["https:\/\/imagazine.it\/wp-content\/uploads\/2024\/01\/39805-1.webp",1000,659,false],"2048x2048":["https:\/\/imagazine.it\/wp-content\/uploads\/2024\/01\/39805-1.webp",1000,659,false],"newsup-slider-full":["https:\/\/imagazine.it\/wp-content\/uploads\/2024\/01\/39805-1.webp",1000,659,false],"newsup-featured":["https:\/\/imagazine.it\/wp-content\/uploads\/2024\/01\/39805-1.webp",1000,659,false],"newsup-medium":["https:\/\/imagazine.it\/wp-content\/uploads\/2024\/01\/39805-1-720x380.webp",720,380,true],"tptn_thumbnail":["https:\/\/imagazine.it\/wp-content\/uploads\/2024\/01\/39805-1.webp",250,165,false],"sow-carousel-default":["https:\/\/imagazine.it\/wp-content\/uploads\/2024\/01\/39805-1-272x182.webp",272,182,true]},"rttpg_author":{"display_name":"redazione","author_link":"https:\/\/imagazine.it\/home_desk\/author\/redazione\/"},"rttpg_comment":0,"rttpg_category":"<a href=\"https:\/\/imagazine.it\/home_desk\/category\/cultura-e-spettacolo\/\" rel=\"category tag\">CULTURA&amp;SPETTACOLO<\/a>","rttpg_excerpt":"Torna la rassegna L\u00f9signis","_links":{"self":[{"href":"https:\/\/imagazine.it\/home_desk\/wp-json\/wp\/v2\/posts\/38911","targetHints":{"allow":["GET"]}}],"collection":[{"href":"https:\/\/imagazine.it\/home_desk\/wp-json\/wp\/v2\/posts"}],"about":[{"href":"https:\/\/imagazine.it\/home_desk\/wp-json\/wp\/v2\/types\/post"}],"author":[{"embeddable":true,"href":"https:\/\/imagazine.it\/home_desk\/wp-json\/wp\/v2\/users\/28"}],"replies":[{"embeddable":true,"href":"https:\/\/imagazine.it\/home_desk\/wp-json\/wp\/v2\/comments?post=38911"}],"version-history":[{"count":0,"href":"https:\/\/imagazine.it\/home_desk\/wp-json\/wp\/v2\/posts\/38911\/revisions"}],"wp:featuredmedia":[{"embeddable":true,"href":"https:\/\/imagazine.it\/home_desk\/wp-json\/wp\/v2\/media\/38912"}],"wp:attachment":[{"href":"https:\/\/imagazine.it\/home_desk\/wp-json\/wp\/v2\/media?parent=38911"}],"wp:term":[{"taxonomy":"category","embeddable":true,"href":"https:\/\/imagazine.it\/home_desk\/wp-json\/wp\/v2\/categories?post=38911"},{"taxonomy":"post_tag","embeddable":true,"href":"https:\/\/imagazine.it\/home_desk\/wp-json\/wp\/v2\/tags?post=38911"}],"curies":[{"name":"wp","href":"https:\/\/api.w.org\/{rel}","templated":true}]}}