{"id":38905,"date":"2021-05-06T00:00:00","date_gmt":"2021-05-05T23:00:00","guid":{"rendered":"https:\/\/imagazine.it\/?p=38905"},"modified":"2021-05-06T00:00:00","modified_gmt":"2021-05-05T23:00:00","slug":"rotatoria-fuori-dal-casello-di-palmanova-chiesti-tempi-rapidi","status":"publish","type":"post","link":"https:\/\/imagazine.it\/home_desk\/rotatoria-fuori-dal-casello-di-palmanova-chiesti-tempi-rapidi\/","title":{"rendered":"Rotatoria fuori dal casello di Palmanova: chiesti tempi rapidi"},"content":{"rendered":"<p> \t<strong>\u201c\u00c8 necessario risolvere il problema dell\u2019intersezione tra la SR 352 e il casello di Palmanova<\/strong>, che si trova in Comune di Bagnaria Arsa\u201d, commenta il sindaco di Bagnaria Arsa,\u00a0<strong>Cristiano Tiussi<\/strong>.<\/p>\n<p> \t\u201cNessuno pi\u00f9 dei residenti nel nostro Comune &#8211; segnala il primo cittafino &#8211; subisce le conseguenze del congestionamento di traffico che si crea in corrispondenza dell\u2019attuale incrocio semaforico, soprattutto d\u2019estate.\u00a0<strong>Quest\u2019opera \u00e8 gi\u00e0 inserita in una programmazione infrastrutturale<\/strong>,\u00a0<strong>ovvero quella della terza corsia<\/strong>\u00a0<strong>autostradale<\/strong>, che prevede anche lo spostamento del casello di Palmanova\u201d.<\/p>\n<p> \t\u201cDopo numerosi incontri preliminari &#8211; ricorda Tiussi &#8211; con la struttura tecnica cui fa capo l\u2019intervento sulla terza corsia,\u00a0<strong>i lavori propedeutici alla realizzazione della rotatoria erano iniziati a settembre 2019<\/strong>, dopo gli espropri nell\u2019area (compreso anche quello della storica sede di una nota azienda vitivinicola, per far posto al nuovo casello), per\u00a0<strong>poi essere purtroppo sospesi<\/strong>\u201d.<\/p>\n<p> \t\u201cProprio in virt\u00f9 di queste incertezze e difficolt\u00e0 &#8211; sottolinea il sindaco di Bagnaria &#8211; e consci della valenza territoriale, anzi regionale, della rotatoria, abbiamo\u00a0<strong>rappresentato la problematica all\u2019assessore regionale alle Infrastrutture, Graziano Pizzimenti<\/strong>, al quale abbiamo chiesto di stralciare la rotatoria stessa dal progetto esecutivo complessivo della terza corsia,\u00a0<strong>per poterlo avviare rapidamente con la procedura ordinaria<\/strong>\u201d.<\/p>\n<p> \t\u201cCos\u00ec, a inizio marzo, questa necessit\u00e0 &#8211; spiega Tiussi &#8211; \u00e8 stata condivisa, in una lettera inviata all\u2019assessore, assieme\u00a0<strong>ai sindaci di Palmanova, Aiello del Friuli, Bicinicco, Cervignano del Friuli, Gonars, Santa Maria La Longa, San Vito al Torre, Torviscosa e Visco<\/strong>: tutti convinti dell\u2019importanza di risolvere quanto prima il problema per le ripercussioni che il traffico provoca anche nei territori vicini, tanto pi\u00f9 considerando che negli ultimi anni tutte le intersezioni a raso sulla SR 352 tra Cervignano e Palmanova sono state sistemate e che a breve avranno inizio a Sevegliano i lavori della rotatoria del Taj, all\u2019incrocio con la SP 65 Ungarica\u201d.<\/p>\n<p> \tIl consigliere regionale di Progetto FVG, <strong>Mauro Di Bert<\/strong>, ha impegnato con un ordine del giorno\u00a0la Giunta regionale \u201ca prevedere nella futura programmazione infrastrutturale la realizzazione di una rotatoria in sostituzione dell\u2019attuale incrocio semaforico posto all\u2019uscita del casello autostradale di Palmanova\u201d (cs ACON del 30-04-2020).<\/p>\n<p> \t\u201cCi fa piacere &#8211; conclude Tiussi &#8211; che il consigliere Di Bert abbia compreso la necessit\u00e0 dell\u2019intervento. Dunque ben venga la proposta se potr\u00e0\u00a0<strong>contribuire ad accelerare l\u2019iter per la realizzazione della rotatoria in corrispondenza del casello A4<\/strong>\u00a0e a risolvere l\u2019annoso nodo di traffico automobilistico che investe questo tratto stradale\u201d.<\/p>\n","protected":false},"excerpt":{"rendered":"<p>Dopo l&#8217;ordine del giorno in Giunta regionale<\/p>\n","protected":false},"author":28,"featured_media":38906,"comment_status":"closed","ping_status":"closed","sticky":false,"template":"","format":"standard","meta":{"dwc-title":[],"dwc-content":[],"footnotes":""},"categories":[5],"tags":[],"class_list":["post-38905","post","type-post","status-publish","format-standard","has-post-thumbnail","hentry","category-attualita"],"rttpg_featured_image_url":{"full":["https:\/\/imagazine.it\/wp-content\/uploads\/2024\/01\/39791-1.webp",800,440,false],"landscape":["https:\/\/imagazine.it\/wp-content\/uploads\/2024\/01\/39791-1.webp",800,440,false],"portraits":["https:\/\/imagazine.it\/wp-content\/uploads\/2024\/01\/39791-1.webp",800,440,false],"thumbnail":["https:\/\/imagazine.it\/wp-content\/uploads\/2024\/01\/39791-1-150x150.webp",150,150,true],"medium":["https:\/\/imagazine.it\/wp-content\/uploads\/2024\/01\/39791-1-300x165.webp",300,165,true],"large":["https:\/\/imagazine.it\/wp-content\/uploads\/2024\/01\/39791-1.webp",640,352,false],"thumblist":["https:\/\/imagazine.it\/wp-content\/uploads\/2024\/01\/39791-1.webp",300,165,false],"thumbrelated":["https:\/\/imagazine.it\/wp-content\/uploads\/2024\/01\/39791-1.webp",500,275,false],"meccarouselthumb":["https:\/\/imagazine.it\/wp-content\/uploads\/2024\/01\/39791-1.webp",474,261,false],"gridsquare":["https:\/\/imagazine.it\/wp-content\/uploads\/2024\/01\/39791-1.webp",391,215,false],"tileview":["https:\/\/imagazine.it\/wp-content\/uploads\/2024\/01\/39791-1.webp",300,165,false],"1536x1536":["https:\/\/imagazine.it\/wp-content\/uploads\/2024\/01\/39791-1.webp",800,440,false],"2048x2048":["https:\/\/imagazine.it\/wp-content\/uploads\/2024\/01\/39791-1.webp",800,440,false],"newsup-slider-full":["https:\/\/imagazine.it\/wp-content\/uploads\/2024\/01\/39791-1.webp",800,440,false],"newsup-featured":["https:\/\/imagazine.it\/wp-content\/uploads\/2024\/01\/39791-1.webp",800,440,false],"newsup-medium":["https:\/\/imagazine.it\/wp-content\/uploads\/2024\/01\/39791-1-720x380.webp",720,380,true],"tptn_thumbnail":["https:\/\/imagazine.it\/wp-content\/uploads\/2024\/01\/39791-1.webp",250,138,false],"sow-carousel-default":["https:\/\/imagazine.it\/wp-content\/uploads\/2024\/01\/39791-1-272x182.webp",272,182,true]},"rttpg_author":{"display_name":"redazione","author_link":"https:\/\/imagazine.it\/home_desk\/author\/redazione\/"},"rttpg_comment":0,"rttpg_category":"<a href=\"https:\/\/imagazine.it\/home_desk\/category\/attualita\/\" rel=\"category tag\">ATTUALIT\u00c0<\/a>","rttpg_excerpt":"Dopo l'ordine del giorno in Giunta regionale","_links":{"self":[{"href":"https:\/\/imagazine.it\/home_desk\/wp-json\/wp\/v2\/posts\/38905","targetHints":{"allow":["GET"]}}],"collection":[{"href":"https:\/\/imagazine.it\/home_desk\/wp-json\/wp\/v2\/posts"}],"about":[{"href":"https:\/\/imagazine.it\/home_desk\/wp-json\/wp\/v2\/types\/post"}],"author":[{"embeddable":true,"href":"https:\/\/imagazine.it\/home_desk\/wp-json\/wp\/v2\/users\/28"}],"replies":[{"embeddable":true,"href":"https:\/\/imagazine.it\/home_desk\/wp-json\/wp\/v2\/comments?post=38905"}],"version-history":[{"count":0,"href":"https:\/\/imagazine.it\/home_desk\/wp-json\/wp\/v2\/posts\/38905\/revisions"}],"wp:featuredmedia":[{"embeddable":true,"href":"https:\/\/imagazine.it\/home_desk\/wp-json\/wp\/v2\/media\/38906"}],"wp:attachment":[{"href":"https:\/\/imagazine.it\/home_desk\/wp-json\/wp\/v2\/media?parent=38905"}],"wp:term":[{"taxonomy":"category","embeddable":true,"href":"https:\/\/imagazine.it\/home_desk\/wp-json\/wp\/v2\/categories?post=38905"},{"taxonomy":"post_tag","embeddable":true,"href":"https:\/\/imagazine.it\/home_desk\/wp-json\/wp\/v2\/tags?post=38905"}],"curies":[{"name":"wp","href":"https:\/\/api.w.org\/{rel}","templated":true}]}}