{"id":38903,"date":"2021-05-06T00:00:00","date_gmt":"2021-05-05T23:00:00","guid":{"rendered":"https:\/\/imagazine.it\/?p=38903"},"modified":"2021-05-06T00:00:00","modified_gmt":"2021-05-05T23:00:00","slug":"barcolana-e-portopiccolo-nuova-partnership-di-sviluppo-strategico","status":"publish","type":"post","link":"https:\/\/imagazine.it\/home_desk\/barcolana-e-portopiccolo-nuova-partnership-di-sviluppo-strategico\/","title":{"rendered":"Barcolana e Portopiccolo, nuova partnership di sviluppo strategico"},"content":{"rendered":"<p> \t<strong>Barcolana, Portopiccolo, Societ\u00e0 Velica di Barcola e Grignano e Yacht Club Portopiccolo <\/strong>hanno siglato una <strong>partnership di sviluppo strategico<\/strong>\u00a0che si pone l\u2019obiettivo di promuovere il sito turistico e sviluppare progetti comuni nel mondo della vela con l\u2019obiettivo di potenziare, in un\u2019ottica ecosostenibile, l\u2019<em>incoming<\/em> nautico di carattere sportivo e diportistico in Alto Adriatico.\u00a0<\/p>\n<p> \t\u201cBarcolana \u00e8 sempre pronta a fare squadra\u00a0\u2013 spiega il\u00a0presidente della Societ\u00e0 Velica di Barcola e Grignano,<strong> Mitja Gialuz<\/strong>\u00a0\u2013\u00a0e la partnership che lega la regata, il nostro circolo con Portopiccolo e il suo Yacht Club permetter\u00e0 di sviluppare un progetto comune sul fronte della promozione internazionale, creare progetti di vela e <em>incoming<\/em> sportivo utilizzando come base nautica lo Yacht Club Portopiccolo. Barcolana sar\u00e0 un ambasciatore dei progetti turistici di Portopiccolo, e proporr\u00e0 e organizzer\u00e0 insieme allo Yacht Club e ai suoi partner i contenuti e la promozione velica\u201d.\u00a0<\/p>\n<p> \t<strong>L\u2019accordo comprende anche una Gold partnership tra Barcolana e Portopiccolo<\/strong>, che entra cos\u00ec tra i nuovi sponsor dell\u2019edizione 53 dell\u2019evento.<\/p>\n<p> \t\u201cNon appena potremo ripartire con i nostri progetti di internazionalizzazione\u00a0\u2013 aggiunge\u00a0<strong>Gialuz<\/strong>\u00a0\u2013\u00a0questa partnership sar\u00e0 importante sul fronte dell\u2019ospitalit\u00e0 e delle relazioni esterne. Portopiccolo \u00e8 una destinazione turistica di straordinaria qualit\u00e0, un biglietto da visita per tutto il territorio\u201d.<br \/> \tLa partnership si \u00e8 attivata le scorse settimane e ha gi\u00e0 numerose attivit\u00e0 in calendario.<\/p>\n<p> \tBarcolana organizzer\u00e0 a Portopiccolo, il <strong>22 maggio<\/strong>, il proprio Sponsor meeting, l\u2019appuntamento che ogni anno riserva ai propri partner per presentare in anteprima le linee guida dell\u2019evento.<\/p>\n<p> \tSempre Portopiccolo sar\u00e0 la sede di uno degli eventi di presentazione della regata nel corso della stagione, mentre Societ\u00e0 Velica di Barcola e Grignano e Yacht Club Portopiccolo collaboreranno nell\u2019organizzazione della regata Maxi che precede la Barcolana.<\/p>\n<p> \tAncora, situazione sanitaria permettendo, Portopiccolo sar\u00e0 uno dei partner di Barcolana nelle presentazioni all\u2019estero dell\u2019evento, e la marina di Portopiccolo con lo Yacht Club e la Club House diventeranno sede di alcuni dei corsi vela per adulti organizzati dalla Accademia Barcolana di Mare e di Vela, che arricchir\u00e0 cos\u00ec il proprio calendario.<\/p>\n<p> \t\u201cSiamo orgogliosi di questa partnership tra Portopiccolo e Barcolana\u00a0\u2013 dichiara\u00a0<strong>Gabriele Magotti<\/strong>, Ceo di Portopiccolo Management \u2013\u00a0che rappresenta una vera e propria istituzione per la nostra regione. Abbiamo sempre visto Portopiccolo come un centro turistico che doveva essere perfettamente integrato nel suo territorio. Da subito abbiamo lavorato con questa prospettiva in mente, consapevoli che dalle sue radici Portopiccolo trae forza e valore aggiunto turistico e di riflesso il borgo ricambia il territorio che lo ospita divenendo un punto fondamentale per l\u2019economia, il lavoro, gli incontri, gli eventi, lo sport e il benessere in generale\u201d.<\/p>\n<p> \tLo Yacht Club Portopiccolo avr\u00e0 un ruolo centrale nella partnership: guidato da un nuovo consiglio direttivo, la cui presidenza \u00e8 stata affidata a <strong>Roberto Antonione<\/strong>, il Club affiancher\u00e0 ai propri tradizionali eventi ulteriori attivit\u00e0 organizzate in sinergia con Barcolana: \u201c<em>Lo Yacht Club Portopiccolo<\/em>\u00a0\u2013 conferma Antonione\u00a0\u2013\u00a0\u00e8 un circolo che punta a crescere, ad aumentare l\u2019attivit\u00e0 e il numero di soci. La partnership con Barcolana permetter\u00e0 di promuovere il sito e di sviluppare un know how comune che creer\u00e0 occasioni di sviluppo e promozione. Si tratta di una sinergia positiva, che guarda al futuro\u201d.<\/p>\n","protected":false},"excerpt":{"rendered":"<p>Coinvolte Societ\u00e0 Velica di Barcola e Grignano e Yacht Club<\/p>\n","protected":false},"author":28,"featured_media":38904,"comment_status":"closed","ping_status":"closed","sticky":false,"template":"","format":"standard","meta":{"dwc-title":[],"dwc-content":[],"footnotes":""},"categories":[38],"tags":[],"class_list":["post-38903","post","type-post","status-publish","format-standard","has-post-thumbnail","hentry","category-sport"],"rttpg_featured_image_url":{"full":["https:\/\/imagazine.it\/wp-content\/uploads\/2024\/01\/39789-1.webp",1000,667,false],"landscape":["https:\/\/imagazine.it\/wp-content\/uploads\/2024\/01\/39789-1.webp",1000,667,false],"portraits":["https:\/\/imagazine.it\/wp-content\/uploads\/2024\/01\/39789-1.webp",1000,667,false],"thumbnail":["https:\/\/imagazine.it\/wp-content\/uploads\/2024\/01\/39789-1-150x150.webp",150,150,true],"medium":["https:\/\/imagazine.it\/wp-content\/uploads\/2024\/01\/39789-1-300x200.webp",300,200,true],"large":["https:\/\/imagazine.it\/wp-content\/uploads\/2024\/01\/39789-1.webp",640,427,false],"thumblist":["https:\/\/imagazine.it\/wp-content\/uploads\/2024\/01\/39789-1.webp",300,200,false],"thumbrelated":["https:\/\/imagazine.it\/wp-content\/uploads\/2024\/01\/39789-1.webp",500,334,false],"meccarouselthumb":["https:\/\/imagazine.it\/wp-content\/uploads\/2024\/01\/39789-1.webp",474,316,false],"gridsquare":["https:\/\/imagazine.it\/wp-content\/uploads\/2024\/01\/39789-1.webp",391,260,false],"tileview":["https:\/\/imagazine.it\/wp-content\/uploads\/2024\/01\/39789-1.webp",300,200,false],"1536x1536":["https:\/\/imagazine.it\/wp-content\/uploads\/2024\/01\/39789-1.webp",1000,667,false],"2048x2048":["https:\/\/imagazine.it\/wp-content\/uploads\/2024\/01\/39789-1.webp",1000,667,false],"newsup-slider-full":["https:\/\/imagazine.it\/wp-content\/uploads\/2024\/01\/39789-1.webp",1000,667,false],"newsup-featured":["https:\/\/imagazine.it\/wp-content\/uploads\/2024\/01\/39789-1.webp",1000,667,false],"newsup-medium":["https:\/\/imagazine.it\/wp-content\/uploads\/2024\/01\/39789-1-720x380.webp",720,380,true],"tptn_thumbnail":["https:\/\/imagazine.it\/wp-content\/uploads\/2024\/01\/39789-1.webp",250,167,false],"sow-carousel-default":["https:\/\/imagazine.it\/wp-content\/uploads\/2024\/01\/39789-1-272x182.webp",272,182,true]},"rttpg_author":{"display_name":"redazione","author_link":"https:\/\/imagazine.it\/home_desk\/author\/redazione\/"},"rttpg_comment":0,"rttpg_category":"<a href=\"https:\/\/imagazine.it\/home_desk\/category\/sport\/\" rel=\"category tag\">SPORT<\/a>","rttpg_excerpt":"Coinvolte Societ\u00e0 Velica di Barcola e Grignano e Yacht Club","_links":{"self":[{"href":"https:\/\/imagazine.it\/home_desk\/wp-json\/wp\/v2\/posts\/38903","targetHints":{"allow":["GET"]}}],"collection":[{"href":"https:\/\/imagazine.it\/home_desk\/wp-json\/wp\/v2\/posts"}],"about":[{"href":"https:\/\/imagazine.it\/home_desk\/wp-json\/wp\/v2\/types\/post"}],"author":[{"embeddable":true,"href":"https:\/\/imagazine.it\/home_desk\/wp-json\/wp\/v2\/users\/28"}],"replies":[{"embeddable":true,"href":"https:\/\/imagazine.it\/home_desk\/wp-json\/wp\/v2\/comments?post=38903"}],"version-history":[{"count":0,"href":"https:\/\/imagazine.it\/home_desk\/wp-json\/wp\/v2\/posts\/38903\/revisions"}],"wp:featuredmedia":[{"embeddable":true,"href":"https:\/\/imagazine.it\/home_desk\/wp-json\/wp\/v2\/media\/38904"}],"wp:attachment":[{"href":"https:\/\/imagazine.it\/home_desk\/wp-json\/wp\/v2\/media?parent=38903"}],"wp:term":[{"taxonomy":"category","embeddable":true,"href":"https:\/\/imagazine.it\/home_desk\/wp-json\/wp\/v2\/categories?post=38903"},{"taxonomy":"post_tag","embeddable":true,"href":"https:\/\/imagazine.it\/home_desk\/wp-json\/wp\/v2\/tags?post=38903"}],"curies":[{"name":"wp","href":"https:\/\/api.w.org\/{rel}","templated":true}]}}