{"id":38901,"date":"2021-05-06T00:00:00","date_gmt":"2021-05-05T23:00:00","guid":{"rendered":"https:\/\/imagazine.it\/?p=38901"},"modified":"2021-05-06T00:00:00","modified_gmt":"2021-05-05T23:00:00","slug":"monfalcone-arriva-la-fibra-ottica-ultraveloce","status":"publish","type":"post","link":"https:\/\/imagazine.it\/home_desk\/monfalcone-arriva-la-fibra-ottica-ultraveloce\/","title":{"rendered":"Monfalcone, arriva la fibra ottica ultraveloce"},"content":{"rendered":"<p> \tTIM ha avviato a <strong>Monfalcone<\/strong> un piano di cablaggio che, con un investimento stimato di circa\u00a0<strong>3,5<\/strong>\u00a0<strong>milioni<\/strong>\u00a0<strong>di euro<\/strong>\u00a0e in sinergia con l\u2019Amministrazione comunale, porta la fibra ottica fino alle abitazioni per rendere disponibili collegamenti ultraveloci fino a 1 Gigabit\/s.<\/p>\n<p> \tLa citt\u00e0 bisiaca, infatti, \u00e8 stata inserita nel programma nazionale di copertura di FiberCop, la nuova societ\u00e0 del Gruppo TIM che ha l\u2019obiettivo di realizzare la rete di accesso secondaria in fibra ottica nelle aree nere e grigie del Paese per sviluppare soluzioni FTTH (Fiber To The Home) secondo il modello del co-investimento \u2018aperto\u2019 previsto dal nuovo Codice Europeo delle Comunicazioni Elettroniche.\u00a0\u202f\u202f\u00a0<\/p>\n<p> \tGli interventi per la realizzazione della nuova rete sono gi\u00e0 iniziati in molte zone della citt\u00e0, in modo da rendere i servizi progressivamente disponibili, con l\u2019obiettivo di collegare circa\u00a0<strong>11.000<\/strong>\u00a0<strong>unit\u00e0 immobiliari\u00a0<\/strong>alla conclusione del piano.\u202f\u00a0\u00a0<\/p>\n<p> \tPer la posa della fibra ottica saranno utilizzate, laddove possibile, le infrastrutture gi\u00e0 esistenti. Nel caso sia necessario effettuare scavi, questi saranno realizzati adottando tecniche innovative a basso impatto ambientale, con interventi sulla sede stradale di circa 10-15 centimetri.<\/p>\n<p> \tTIM operer\u00e0 in partnership con l\u2019Amministrazione comunale per limitare il disagio ai cittadini e procedere speditamente con la realizzazione della nuova rete.\u00a0<\/p>\n<p> \tGrazie a questo piano, Monfalcone sar\u00e0 dotata di una rete in fibra ottica ancora pi\u00f9 performante di quella che oggi \u00e8 a disposizione di cittadini e imprese grazie alla tecnologia FTTCab, che rende disponibili collegamenti fino a 200 megabit per\u00a0<strong>13.000 unit\u00e0 immobiliari<\/strong>, pari al\u00a0<strong>93%<\/strong>\u00a0delle linee del comune.\u00a0\u00a0<\/p>\n<p> \tLa nuova rete super-veloce consentir\u00e0 di accelerare i processi di digitalizzazione sul territorio, a beneficio di cittadini, imprese e pubblica amministrazione, e di assecondare al meglio le esigenze professionali anche legate allo <em>smart working<\/em> e alla didattica a distanza.\u00a0\u00a0<\/p>\n<p> \t\u201cIl rinnovamento della rete dati cittadina con la fibra ottica ultraveloce <em>\u2013<\/em>\u00a0dichiara la sindaca<strong> Anna Maria Cisint<\/strong>\u00a0<em>\u2013<\/em> significa semplificare la vita dei nostri cittadini. La pandemia ha evidenziato l\u2019importanza di possedere reti tecnologicamente affidabili, strumento indispensabile per ottenere servizi, per il lavoro e per la scuola dei nostri figli, senza dimenticare le opportunit\u00e0 di sviluppo delle nostre imprese in termini di competitivit\u00e0\u201d.<\/p>\n<p> \t\u201cIl piano di cablaggio di TIM <em>\u2013<\/em> aggiunge l\u2019assessore all\u2019innovazione<strong> Paolo Venni<\/strong>\u00a0<em>\u2013<\/em> non riguarder\u00e0 solo il rinnovamento della rete esistente ma anche la sua estensione: verranno cablate con la fibra ultra veloce alcune zone di Monfalcone che non sono mai state raggiunte dalla fibra come, ad esempio, Marina Julia\u201d.<\/p>\n<p> \t\u201cGrazie agli ingenti investimenti fatti da TIM a Monfalcone e alla proficua collaborazione con l\u2019Amministrazione comunale \u2013\u00a0sottolinea\u00a0<strong>Luca Zara,<\/strong>\u00a0<strong>Responsabile Field Operations Friuli Venezia Giulia di TIM <\/strong>\u2013 siamo molto contenti di comunicare che la citt\u00e0 rientra in questo ambizioso progetto<strong>.<\/strong>\u00a0Si tratta di un\u2019infrastruttura in grado di erogare volumi di traffico sempre maggiori e con una qualit\u00e0 elevatissima che consentir\u00e0 a Monfalcone di fare un passo importante sulla strada dell\u2019innovazione. A beneficiarne saranno le imprese locali che avranno accesso a tutti i servizi digitali necessari allo sviluppo del proprio business e i cittadini per i quali disporre di collegamenti ultraveloci \u00e8 un aspetto fondamentale per migliorare la qualit\u00e0 della vita\u201d.<\/p>\n","protected":false},"excerpt":{"rendered":"<p>L&#8217;annuncio da parte di TIM<\/p>\n","protected":false},"author":28,"featured_media":38902,"comment_status":"closed","ping_status":"closed","sticky":false,"template":"","format":"standard","meta":{"dwc-title":[],"dwc-content":[],"footnotes":""},"categories":[5],"tags":[],"class_list":["post-38901","post","type-post","status-publish","format-standard","has-post-thumbnail","hentry","category-attualita"],"rttpg_featured_image_url":{"full":["https:\/\/imagazine.it\/wp-content\/uploads\/2024\/01\/39788-1.webp",1000,750,false],"landscape":["https:\/\/imagazine.it\/wp-content\/uploads\/2024\/01\/39788-1.webp",1000,750,false],"portraits":["https:\/\/imagazine.it\/wp-content\/uploads\/2024\/01\/39788-1.webp",1000,750,false],"thumbnail":["https:\/\/imagazine.it\/wp-content\/uploads\/2024\/01\/39788-1-150x150.webp",150,150,true],"medium":["https:\/\/imagazine.it\/wp-content\/uploads\/2024\/01\/39788-1-300x225.webp",300,225,true],"large":["https:\/\/imagazine.it\/wp-content\/uploads\/2024\/01\/39788-1.webp",640,480,false],"thumblist":["https:\/\/imagazine.it\/wp-content\/uploads\/2024\/01\/39788-1.webp",300,225,false],"thumbrelated":["https:\/\/imagazine.it\/wp-content\/uploads\/2024\/01\/39788-1.webp",500,375,false],"meccarouselthumb":["https:\/\/imagazine.it\/wp-content\/uploads\/2024\/01\/39788-1.webp",432,324,false],"gridsquare":["https:\/\/imagazine.it\/wp-content\/uploads\/2024\/01\/39788-1.webp",347,260,false],"tileview":["https:\/\/imagazine.it\/wp-content\/uploads\/2024\/01\/39788-1.webp",300,225,false],"1536x1536":["https:\/\/imagazine.it\/wp-content\/uploads\/2024\/01\/39788-1.webp",1000,750,false],"2048x2048":["https:\/\/imagazine.it\/wp-content\/uploads\/2024\/01\/39788-1.webp",1000,750,false],"newsup-slider-full":["https:\/\/imagazine.it\/wp-content\/uploads\/2024\/01\/39788-1-1000x720.webp",1000,720,true],"newsup-featured":["https:\/\/imagazine.it\/wp-content\/uploads\/2024\/01\/39788-1.webp",1000,750,false],"newsup-medium":["https:\/\/imagazine.it\/wp-content\/uploads\/2024\/01\/39788-1-720x380.webp",720,380,true],"tptn_thumbnail":["https:\/\/imagazine.it\/wp-content\/uploads\/2024\/01\/39788-1.webp",250,188,false],"sow-carousel-default":["https:\/\/imagazine.it\/wp-content\/uploads\/2024\/01\/39788-1-272x182.webp",272,182,true]},"rttpg_author":{"display_name":"redazione","author_link":"https:\/\/imagazine.it\/home_desk\/author\/redazione\/"},"rttpg_comment":0,"rttpg_category":"<a href=\"https:\/\/imagazine.it\/home_desk\/category\/attualita\/\" rel=\"category tag\">ATTUALIT\u00c0<\/a>","rttpg_excerpt":"L'annuncio da parte di TIM","_links":{"self":[{"href":"https:\/\/imagazine.it\/home_desk\/wp-json\/wp\/v2\/posts\/38901","targetHints":{"allow":["GET"]}}],"collection":[{"href":"https:\/\/imagazine.it\/home_desk\/wp-json\/wp\/v2\/posts"}],"about":[{"href":"https:\/\/imagazine.it\/home_desk\/wp-json\/wp\/v2\/types\/post"}],"author":[{"embeddable":true,"href":"https:\/\/imagazine.it\/home_desk\/wp-json\/wp\/v2\/users\/28"}],"replies":[{"embeddable":true,"href":"https:\/\/imagazine.it\/home_desk\/wp-json\/wp\/v2\/comments?post=38901"}],"version-history":[{"count":0,"href":"https:\/\/imagazine.it\/home_desk\/wp-json\/wp\/v2\/posts\/38901\/revisions"}],"wp:featuredmedia":[{"embeddable":true,"href":"https:\/\/imagazine.it\/home_desk\/wp-json\/wp\/v2\/media\/38902"}],"wp:attachment":[{"href":"https:\/\/imagazine.it\/home_desk\/wp-json\/wp\/v2\/media?parent=38901"}],"wp:term":[{"taxonomy":"category","embeddable":true,"href":"https:\/\/imagazine.it\/home_desk\/wp-json\/wp\/v2\/categories?post=38901"},{"taxonomy":"post_tag","embeddable":true,"href":"https:\/\/imagazine.it\/home_desk\/wp-json\/wp\/v2\/tags?post=38901"}],"curies":[{"name":"wp","href":"https:\/\/api.w.org\/{rel}","templated":true}]}}