{"id":38895,"date":"2021-05-05T00:00:00","date_gmt":"2021-05-04T23:00:00","guid":{"rendered":"https:\/\/imagazine.it\/?p=38895"},"modified":"2021-05-05T00:00:00","modified_gmt":"2021-05-04T23:00:00","slug":"campolongo-tapogliano-riconoscimento-per-gabriella-del-negro","status":"publish","type":"post","link":"https:\/\/imagazine.it\/home_desk\/campolongo-tapogliano-riconoscimento-per-gabriella-del-negro\/","title":{"rendered":"Campolongo Tapogliano, riconoscimento per Gabriella Del Negro"},"content":{"rendered":"<p> \tSi \u00e8 tenuta presso il Salone del palazzo municipale di <strong>Campolongo Tapogliano<\/strong>, senza pubblico e nel rispetto delle norme anti contagio, una piccola cerimonia in occasione del pensionamento della responsabile dell&#39;ufficio postale comunale, <strong>Gabriella Del Negro<\/strong>.<\/p>\n<p> \tDopo 38 anni di servizio per Poste Italiane, di cui 15 nello sportello di Campolongo, il sindaco <strong>Alberto Urban<\/strong> ha omaggiato la signora Del Negro con una targa, a nome dell\u2019amministrazione comunale e di tutta la comunit\u00e0.<\/p>\n<p> \t\u201cLa passione e la dedizione di Gabriella sono qualcosa di raro, \u00e8 sempre stata disponibile con tutti, la sua cortesia e efficienza sono state una garanzia: la comunit\u00e0 le \u00e8 riconoscente\u201d, ha affermato il primo cittadino.<\/p>\n<p> \tPresente anche il responsabile della Filiale di Udine, <strong>Gianfranco Bedendo<\/strong>, che si \u00e8 detto \u201cfelice e grato di questa occasione, simbolo dell\u2019ottimo lavoro svolto da Gabriella\u201d.<\/p>\n","protected":false},"excerpt":{"rendered":"<p>Cerimonia in municipio<\/p>\n","protected":false},"author":22,"featured_media":38896,"comment_status":"closed","ping_status":"closed","sticky":false,"template":"","format":"standard","meta":{"dwc-title":[],"dwc-content":[],"footnotes":""},"categories":[5],"tags":[],"class_list":["post-38895","post","type-post","status-publish","format-standard","has-post-thumbnail","hentry","category-attualita"],"rttpg_featured_image_url":{"full":["https:\/\/imagazine.it\/wp-content\/uploads\/2024\/01\/39784-1.webp",800,547,false],"landscape":["https:\/\/imagazine.it\/wp-content\/uploads\/2024\/01\/39784-1.webp",800,547,false],"portraits":["https:\/\/imagazine.it\/wp-content\/uploads\/2024\/01\/39784-1.webp",800,547,false],"thumbnail":["https:\/\/imagazine.it\/wp-content\/uploads\/2024\/01\/39784-1-150x150.webp",150,150,true],"medium":["https:\/\/imagazine.it\/wp-content\/uploads\/2024\/01\/39784-1-300x205.webp",300,205,true],"large":["https:\/\/imagazine.it\/wp-content\/uploads\/2024\/01\/39784-1.webp",640,438,false],"thumblist":["https:\/\/imagazine.it\/wp-content\/uploads\/2024\/01\/39784-1.webp",300,205,false],"thumbrelated":["https:\/\/imagazine.it\/wp-content\/uploads\/2024\/01\/39784-1.webp",500,342,false],"meccarouselthumb":["https:\/\/imagazine.it\/wp-content\/uploads\/2024\/01\/39784-1.webp",474,324,false],"gridsquare":["https:\/\/imagazine.it\/wp-content\/uploads\/2024\/01\/39784-1.webp",380,260,false],"tileview":["https:\/\/imagazine.it\/wp-content\/uploads\/2024\/01\/39784-1.webp",300,205,false],"1536x1536":["https:\/\/imagazine.it\/wp-content\/uploads\/2024\/01\/39784-1.webp",800,547,false],"2048x2048":["https:\/\/imagazine.it\/wp-content\/uploads\/2024\/01\/39784-1.webp",800,547,false],"newsup-slider-full":["https:\/\/imagazine.it\/wp-content\/uploads\/2024\/01\/39784-1.webp",800,547,false],"newsup-featured":["https:\/\/imagazine.it\/wp-content\/uploads\/2024\/01\/39784-1.webp",800,547,false],"newsup-medium":["https:\/\/imagazine.it\/wp-content\/uploads\/2024\/01\/39784-1-720x380.webp",720,380,true],"tptn_thumbnail":["https:\/\/imagazine.it\/wp-content\/uploads\/2024\/01\/39784-1.webp",250,171,false],"sow-carousel-default":["https:\/\/imagazine.it\/wp-content\/uploads\/2024\/01\/39784-1-272x182.webp",272,182,true]},"rttpg_author":{"display_name":"Livio Nonis","author_link":"https:\/\/imagazine.it\/home_desk\/author\/nonis\/"},"rttpg_comment":0,"rttpg_category":"<a href=\"https:\/\/imagazine.it\/home_desk\/category\/attualita\/\" rel=\"category tag\">ATTUALIT\u00c0<\/a>","rttpg_excerpt":"Cerimonia in municipio","_links":{"self":[{"href":"https:\/\/imagazine.it\/home_desk\/wp-json\/wp\/v2\/posts\/38895","targetHints":{"allow":["GET"]}}],"collection":[{"href":"https:\/\/imagazine.it\/home_desk\/wp-json\/wp\/v2\/posts"}],"about":[{"href":"https:\/\/imagazine.it\/home_desk\/wp-json\/wp\/v2\/types\/post"}],"author":[{"embeddable":true,"href":"https:\/\/imagazine.it\/home_desk\/wp-json\/wp\/v2\/users\/22"}],"replies":[{"embeddable":true,"href":"https:\/\/imagazine.it\/home_desk\/wp-json\/wp\/v2\/comments?post=38895"}],"version-history":[{"count":0,"href":"https:\/\/imagazine.it\/home_desk\/wp-json\/wp\/v2\/posts\/38895\/revisions"}],"wp:featuredmedia":[{"embeddable":true,"href":"https:\/\/imagazine.it\/home_desk\/wp-json\/wp\/v2\/media\/38896"}],"wp:attachment":[{"href":"https:\/\/imagazine.it\/home_desk\/wp-json\/wp\/v2\/media?parent=38895"}],"wp:term":[{"taxonomy":"category","embeddable":true,"href":"https:\/\/imagazine.it\/home_desk\/wp-json\/wp\/v2\/categories?post=38895"},{"taxonomy":"post_tag","embeddable":true,"href":"https:\/\/imagazine.it\/home_desk\/wp-json\/wp\/v2\/tags?post=38895"}],"curies":[{"name":"wp","href":"https:\/\/api.w.org\/{rel}","templated":true}]}}