{"id":38893,"date":"2021-05-05T00:00:00","date_gmt":"2021-05-04T23:00:00","guid":{"rendered":"https:\/\/imagazine.it\/?p=38893"},"modified":"2021-05-05T00:00:00","modified_gmt":"2021-05-04T23:00:00","slug":"pordenone-la-leggenda-del-violoncello-per-la-ripartenza-del-verdi","status":"publish","type":"post","link":"https:\/\/imagazine.it\/home_desk\/pordenone-la-leggenda-del-violoncello-per-la-ripartenza-del-verdi\/","title":{"rendered":"Pordenone, la leggenda del violoncello per la ripartenza del Verdi"},"content":{"rendered":"<p> \tIl <strong>Teatro Verdi di Pordenone<\/strong> annuncia la sua apertura nel segno di \u201c<strong>Save the love<\/strong>\u201d. <strong>Due giornate di festa<\/strong> con la grande musica per \u201criabbracciare\u201d il pubblico.<\/p>\n<p> \tDue <strong>concerti<\/strong> <strong>offerti gratuitamente<\/strong> con protagonista il lettone <strong>Misha Maisky<\/strong>, leggenda vivente del violoncello, che si esibir\u00e0 per due serate in cui il programma musicale prevede <strong>l\u2019integrale delle \u201c<em>Suites\u201d<\/em> di Bach per violoncello solo<\/strong>.<\/p>\n<p> \tLe luci del Verdi si riaccenderanno, infatti, nelle serate del <strong>27 e 28 maggio<\/strong>, a<strong> un anno dalla prima esibizione in diretta streaming dal palco del Teatro a platea vuota<\/strong> &#8211; che vide impegnato il M\u00b0 Maurizio Baglini &#8211; e nel <strong>sedicesimo anniversario della sua inaugurazione.<\/strong><\/p>\n<p> \tMa la giornata di <strong>gioved\u00ec 27 maggio<\/strong> sar\u00e0 anche al centro di un altro evento slittato di 12 mesi: la sesta edizione del <strong>Premio Pordenone Musica, indirizzato al M\u00b0 Michele dall\u2019Ongaro<\/strong> e dedicata alla memoria dei <strong>Giulia Tamai Zacchi<\/strong>, ispiratrice insieme a <strong>Giampaolo Zuzzi<\/strong> di questo riconoscimento.<\/p>\n<p> \t\u00abCon la riapertura dell\u2019attivit\u00e0 dal vivo festeggiamo anche i 16 anni dall\u2019inaugurazione del Teatro Verdi in una data che diviene, a sua volta, un nuovo anniversario: quello della ripartenza, che speriamo segni definitivamente una <strong>\u201cseconda vita\u201d del teatro post-Covid<\/strong>\u00bb, spiega il presidente<strong> Giovanni Lessio<\/strong>. \u00abCoraggiosamente, come abbiamo fatto per tutto quest\u2019ultimo anno che non ci ha mai visti fermare la programmazione, ripartiamo con le attivit\u00e0 in presenza e lo facciamo con un pieno di proposte che attraverseranno tutto il periodo estivo fino alla ripresa dei cartelloni autunnali confermando, ancora una volta, di voler essere un punto di riferimento per la comunit\u00e0 lungo tutto l\u2019arco dell\u2019anno\u00bb.<\/p>\n<p> \t\u00abIl Verdi \u2013 ha affermato il sindaco di Pordenone <strong>Alessandro Ciriani<\/strong> \u2013 \u00e8 diventato punto di riferimento nazionale e internazionale, contribuendo a esportare il nome di Pordenone all\u2019estero. Se la citt\u00e0 non \u00e8 pi\u00f9 Cenerentola lo deve anche al suo teatro. Ma accanto al cartellone internazionale ha saputo valorizzare l\u2019offerta culturale locale. In pi\u00f9 il teatro ora si sdoppia e pu\u00f2 utilizzare l\u2019adiacente piazza della Pescheria per eventi all\u2019aperto, riqualificata dal Comune. Una sorta di teatro fuori dal teatro, con la cultura che vive anche all\u2019esterno delle strutture culturali. Grazie a questa ricca offerta che segna la ripartenza degli eventi, possiamo definire il Verdi un vaccino anti depressivo contro la paura da pandemia. La dirigenza e lo staff del teatro hanno fatto un grande lavoro e \u2013 ha concluso &#8211; squadra che vince non si cambia\u00bb.<\/p>\n<p> \t\u00abIl Teatro Verdi di Pordenone \u2013 rileva l\u2019assessore regionale alla cultura, <strong>Tiziana\u00a0Gibelli<\/strong>\u00a0\u2013 \u00e8 la testimonianza di come se si vuole, si pu\u00f2. In questi mesi di emergenza legata alla pandemia, che ha segnato profondamente il mondo dei teatri, degli spettacoli e della cultura in generale, infatti, il Verdi \u00e8 riuscito a proseguire con la sua programmazione reinventandosi ed utilizzando le tecnologie. In questo modo il pubblico e gli abbonati hanno potuto seguire gli spettacoli in streaming comodamente da casa. Ora, per\u00f2, finalmente si riparte ed il calendario del Teatro Verdi si presenta non solo ricco di eventi, ma ancora una volta innovativo, grazie alla scelta di realizzare un cartellone all\u2019aperto che consente di ospitare un pubblico pi\u00f9 ampio. Un sedicesimo compleanno che sar\u00e0 anche la festa di tutto il pubblico che potr\u00e0 nuovamente godere delle emozioni che solo uno spettacolo dal vivo pu\u00f2 dare\u00bb.<\/p>\n<p> \tLa <strong>sesta edizione<\/strong> del Premio internazionale istituto dal <strong>Verdi<\/strong> con il <strong>Comune di Pordenone<\/strong> per premiare musicisti, didatti e musicologi che dedicano la loro attivit\u00e0 alle nuove generazioni, era stata attribuita al <strong>compositore e divulgatore Michele dall\u2019Ongaro<\/strong>. Sar\u00e0 possibile incontrare adesso dal vivo questa figura di primo piano del panorama musicale nazionale, attuale <strong>Presidente-Sovrintendente dell\u2019Accademia nazionale di Santa Cecilia<\/strong>, \u201cuomo di grandi intuizioni e intelligenza critica\u201d \u2013 come recita la motivazione del Premio \u2013 \u201ccustode di memorie con lo sguardo rivolto alla contemporaneit\u00e0 e al futuro\u201d.<\/p>\n<p> \tA precedere il concerto serale di Misha Maisky e la <strong>consegna al premiato del Sigillo della Citt\u00e0<\/strong>, \u00e8 in programma alle 17 l\u2019<strong>incontro-concerto <\/strong>con il consulente musicale del Verdi e pianista di fama internazionale <strong>Maurizio Baglini. <\/strong>Attesa l\u2019esecuzione della suite composta da dall\u2019Ongaro nel 1989 <em>Autodaf\u00e8, <\/em>qui impreziosita da un sesto episodio scritto per l\u2019occasione che sar\u00e0 suonato da Baglini <strong>in prima assoluta<\/strong>.<\/p>\n<p> \t<strong>Per assistere<\/strong> agli eventi di <strong>gioved\u00ec 27 e venerd\u00ec 28 maggio<\/strong>, gli ingressi omaggio potranno essere ritirati alla <strong>Biglietteria aperta dal 10 maggio<\/strong> (tel 0434 247624 <a href=\"mailto:biglietteria@teatroverdipordenone.it\">biglietteria@teatroverdipordenone.it<\/a>) oppure prenotati e stampati direttamente dal sito <u><a href=\"http:\/\/www.teatroverdipordenone.it\" target=\"_blank\" rel=\"noopener\"><span style=\"color:#0000ff;\"><strong>www.teatroverdipordenone.it<\/strong><\/span><\/a><\/u><\/p>\n<p> \tLe <strong>attivit\u00e0 estive del Verdi<\/strong> proseguiranno con <strong>oltre 15 appuntamenti<\/strong> che troveranno spazio anche nell\u2019area esterna al teatro: il pubblico potr\u00e0 cos\u00ec assistere quest\u2019anno al primo cartellone \u201copen air\u201d del Teatro.<\/p>\n","protected":false},"excerpt":{"rendered":"<p>Due concerti il 27 e 28 maggio<\/p>\n","protected":false},"author":28,"featured_media":38894,"comment_status":"closed","ping_status":"closed","sticky":false,"template":"","format":"standard","meta":{"dwc-title":[],"dwc-content":[],"footnotes":""},"categories":[37],"tags":[],"class_list":["post-38893","post","type-post","status-publish","format-standard","has-post-thumbnail","hentry","category-cultura-e-spettacolo"],"rttpg_featured_image_url":{"full":["https:\/\/imagazine.it\/wp-content\/uploads\/2024\/01\/39783-1.webp",1000,790,false],"landscape":["https:\/\/imagazine.it\/wp-content\/uploads\/2024\/01\/39783-1.webp",1000,790,false],"portraits":["https:\/\/imagazine.it\/wp-content\/uploads\/2024\/01\/39783-1.webp",1000,790,false],"thumbnail":["https:\/\/imagazine.it\/wp-content\/uploads\/2024\/01\/39783-1-150x150.webp",150,150,true],"medium":["https:\/\/imagazine.it\/wp-content\/uploads\/2024\/01\/39783-1-300x237.webp",300,237,true],"large":["https:\/\/imagazine.it\/wp-content\/uploads\/2024\/01\/39783-1.webp",640,506,false],"thumblist":["https:\/\/imagazine.it\/wp-content\/uploads\/2024\/01\/39783-1.webp",300,237,false],"thumbrelated":["https:\/\/imagazine.it\/wp-content\/uploads\/2024\/01\/39783-1.webp",500,395,false],"meccarouselthumb":["https:\/\/imagazine.it\/wp-content\/uploads\/2024\/01\/39783-1.webp",410,324,false],"gridsquare":["https:\/\/imagazine.it\/wp-content\/uploads\/2024\/01\/39783-1.webp",329,260,false],"tileview":["https:\/\/imagazine.it\/wp-content\/uploads\/2024\/01\/39783-1.webp",300,237,false],"1536x1536":["https:\/\/imagazine.it\/wp-content\/uploads\/2024\/01\/39783-1.webp",1000,790,false],"2048x2048":["https:\/\/imagazine.it\/wp-content\/uploads\/2024\/01\/39783-1.webp",1000,790,false],"newsup-slider-full":["https:\/\/imagazine.it\/wp-content\/uploads\/2024\/01\/39783-1-1000x720.webp",1000,720,true],"newsup-featured":["https:\/\/imagazine.it\/wp-content\/uploads\/2024\/01\/39783-1.webp",1000,790,false],"newsup-medium":["https:\/\/imagazine.it\/wp-content\/uploads\/2024\/01\/39783-1-720x380.webp",720,380,true],"tptn_thumbnail":["https:\/\/imagazine.it\/wp-content\/uploads\/2024\/01\/39783-1.webp",250,198,false],"sow-carousel-default":["https:\/\/imagazine.it\/wp-content\/uploads\/2024\/01\/39783-1-272x182.webp",272,182,true]},"rttpg_author":{"display_name":"redazione","author_link":"https:\/\/imagazine.it\/home_desk\/author\/redazione\/"},"rttpg_comment":0,"rttpg_category":"<a href=\"https:\/\/imagazine.it\/home_desk\/category\/cultura-e-spettacolo\/\" rel=\"category tag\">CULTURA&amp;SPETTACOLO<\/a>","rttpg_excerpt":"Due concerti il 27 e 28 maggio","_links":{"self":[{"href":"https:\/\/imagazine.it\/home_desk\/wp-json\/wp\/v2\/posts\/38893","targetHints":{"allow":["GET"]}}],"collection":[{"href":"https:\/\/imagazine.it\/home_desk\/wp-json\/wp\/v2\/posts"}],"about":[{"href":"https:\/\/imagazine.it\/home_desk\/wp-json\/wp\/v2\/types\/post"}],"author":[{"embeddable":true,"href":"https:\/\/imagazine.it\/home_desk\/wp-json\/wp\/v2\/users\/28"}],"replies":[{"embeddable":true,"href":"https:\/\/imagazine.it\/home_desk\/wp-json\/wp\/v2\/comments?post=38893"}],"version-history":[{"count":0,"href":"https:\/\/imagazine.it\/home_desk\/wp-json\/wp\/v2\/posts\/38893\/revisions"}],"wp:featuredmedia":[{"embeddable":true,"href":"https:\/\/imagazine.it\/home_desk\/wp-json\/wp\/v2\/media\/38894"}],"wp:attachment":[{"href":"https:\/\/imagazine.it\/home_desk\/wp-json\/wp\/v2\/media?parent=38893"}],"wp:term":[{"taxonomy":"category","embeddable":true,"href":"https:\/\/imagazine.it\/home_desk\/wp-json\/wp\/v2\/categories?post=38893"},{"taxonomy":"post_tag","embeddable":true,"href":"https:\/\/imagazine.it\/home_desk\/wp-json\/wp\/v2\/tags?post=38893"}],"curies":[{"name":"wp","href":"https:\/\/api.w.org\/{rel}","templated":true}]}}