{"id":38891,"date":"2021-05-05T00:00:00","date_gmt":"2021-05-04T23:00:00","guid":{"rendered":"https:\/\/imagazine.it\/?p=38891"},"modified":"2021-05-05T00:00:00","modified_gmt":"2021-05-04T23:00:00","slug":"lignano-nel-2022-i-lavori-per-terrazza-a-mare","status":"publish","type":"post","link":"https:\/\/imagazine.it\/home_desk\/lignano-nel-2022-i-lavori-per-terrazza-a-mare\/","title":{"rendered":"Lignano, nel 2022 i lavori per Terrazza a Mare"},"content":{"rendered":"<p> \tFissato il cronoprogramma per i lavori di ristrutturazione e valorizzazione della <strong>Terrazza a Mare di Lignano Sabbiadoro<\/strong>, progettata dall&#39;architetto Aldo Bernardis nel 1972 e quindi prossima al cinquantesimo anniversario.<\/p>\n<p> \tA marzo 2022 verr\u00e0 presentato il progetto definitivo e a fine anno presumibilmente affidati i lavori, con l&#39;obiettivo dell&#39;inaugurazione per la stagione balneare 2024.<\/p>\n<p> \tI dettagli del progetto, che ha gi\u00e0 copertura finanziaria con fondi della Regione, sono stati approfonditi nel corso di un incontro nel municipio di Lignano Sabbiadoro tra l&#39;assessore regionale alle Attivit\u00e0 produttive e Turismo, <strong>Sergio Emidio Bini<\/strong>, e il sindaco <strong>Luca Fanotto<\/strong>, presenti anche l&#39;assessore comunale al Turismo, <strong>Massimo Brini<\/strong>, e <strong>Manuel Rodeano<\/strong>, presidente di Lisagest, concessionaria della struttura.<\/p>\n<p> \t&#8220;Con la legge di stabilit\u00e0 2021 l&#39;Amministrazione regionale &#8211; ha ricordato Bini &#8211; \u00e8 intervenuta a sostegno della riqualificazione dei beni pubblici di particolare interesse turistico, promuovendo la realizzazione di investimenti intersettoriali: per la Terrazza a Mare di Lignano \u00e8 stata prevista la spesa complessiva di 8 milioni di euro (un milione per il 2021, 3 milioni per il 2022 e 4 milioni per il 2023) e, nell&#39;ambito delle azioni di intervento, la Regione \u00e8 autorizzata a stipulare con il Comune di Lignano Sabbiadoro un accordo di programma per definire modalit\u00e0 di programmazione ed esecuzione dell&#39;intervento pubblico di riqualificazione e messa in sicurezza della Terrazza a Mare&#8221;.<\/p>\n<p> \tLa Regione e il Comune hanno concordato sulla strategicit\u00e0 di un intervento che, oltre a rendere staticamente sicura la struttura, potr\u00e0 rendere Terrazza a Mare un contenitore di eventi anche d&#39;inverno.<\/p>\n<p> \tBini ha sottolineato come &#8220;l&#39;obiettivo del progetto \u00e8 quello di riportare Terrazza a Mare a svolgere la funzione di elemento identitario locale e regionale e punto turistico attrattivo della citt\u00e0, aumentandone gli spazi a disposizione, migliorandone l&#39;accessibilit\u00e0 e la sicurezza e promuovendo attivit\u00e0 culturali, commerciali e di svago.<\/p>\n<p> \tL&#39;importanza del progetto di riqualificazione non risiede solo nel fatto che Terrazza a Mare rappresenta un&#39;opera di particolare valenza architettonica per la regione, ma anche perch\u00e9 &#8211; ha spiegato Bini &#8211; l&#39;immagine generata dal disegno di Bernardis ha catturato su di s\u00e9 l&#39;attenzione nazionale: la Terrazza a Mare risulta infatti essere uno dei pochi edifici successivi alla Seconda Guerra Mondiale raffigurata in un francobollo delle Poste Italiane (1988)&#8221;.<\/p>\n<p> \tIl complesso dalla sua realizzazione ha ricoperto molteplici usi, che nel tempo hanno parzialmente mutato il suo ruolo primario identitario-simbolico per la localit\u00e0 marittima. L&#39;attuale edificio ha sostituito le precedenti due versioni: la prima risalente agli inizi del Novecento su disegno del veneziano Giovanni Antonio Vendrasco e la seconda, successiva al primo conflitto bellico, portata a compimento nel 1924 su progetto dell&#39;architetto udinese Provino Valle.<\/p>\n<p> \tNegli ultimi anni, attraverso degli interventi manutentivi, sono state apportate all&#39;edificio a firma Bernardis alcune migliorie, ma ora si rendono necessarie delle azioni pi\u00f9 consistenti per valorizzare l&#39;opera architettonica e di conseguenza l&#39;attrattivit\u00e0 turistica.<\/p>\n<p> \tUn primo intervento consister\u00e0 nell&#39;equilibrare il rapporto tra le parti pavimentate esterne e le ampie superfici coperte: estendere le aree aperte garantir\u00e0 infatti di disporre di nuovi spazi in grado di funzionare con flessibilit\u00e0 per l&#39;intera giornata, permettendo, inoltre, di accogliere spettacoli pubblici, organizzare eventi espositivi e favorire un pi\u00f9 adeguato e rapido scambio da e per l&#39;arenile.<\/p>\n<p> \tNecessarie sono anche le operazioni di consolidamento e risanamento delle strutture della Terrazza: gli interventi sono rivolti alla messa in sicurezza dell&#39;intradosso dei piloni di sostegno e al rinforzo strutturale laddove siano previsti ampliamenti interni (soppalco) e frontali (vetrata fronte-mare).<\/p>\n<p> \tIl progetto sull&#39;edificio andr\u00e0 inoltre integrato da un altro sistema di interventi per favorire l&#39;accesso tramite mobilit\u00e0 lenta ai servizi connessi a tale luogo simbolo, con particolare attenzione ad itinerari ciclopedonali che daranno valore aggiunto alla fruibilit\u00e0 delle strutture cittadine connettendole alla rete preesistente e garantendo una maggiore percezione del paesaggio circostante, in particolare quello lagunare.<\/p>\n<p> \tModalit\u00e0 di affidamento dell&#39;incarico progettuale e della direzione lavori sono stati concordati nel corso dell&#39;incontro e prevedranno una regia regionale, con la collaborazione dell&#39;Ufficio tecnico comunale.<\/p>\n<p> \t&#8220;Questo progetto, inoltre, \u00e8 fase di candidatura assieme ad altri luoghi simbolo del Friuli Venezia Giulia, strategici per l&#39;attrattivit\u00e0 &#8211; ha reso noto Bini &#8211; nell&#39;ambito della programmazione Por-Fesr 21-27&#8221;.<\/p>\n","protected":false},"excerpt":{"rendered":"<p>Incontro istituzionale in municipio<\/p>\n","protected":false},"author":28,"featured_media":38892,"comment_status":"closed","ping_status":"closed","sticky":false,"template":"","format":"standard","meta":{"dwc-title":[],"dwc-content":[],"footnotes":""},"categories":[5],"tags":[],"class_list":["post-38891","post","type-post","status-publish","format-standard","has-post-thumbnail","hentry","category-attualita"],"rttpg_featured_image_url":{"full":["https:\/\/imagazine.it\/wp-content\/uploads\/2024\/01\/39781-1.webp",1000,750,false],"landscape":["https:\/\/imagazine.it\/wp-content\/uploads\/2024\/01\/39781-1.webp",1000,750,false],"portraits":["https:\/\/imagazine.it\/wp-content\/uploads\/2024\/01\/39781-1.webp",1000,750,false],"thumbnail":["https:\/\/imagazine.it\/wp-content\/uploads\/2024\/01\/39781-1-150x150.webp",150,150,true],"medium":["https:\/\/imagazine.it\/wp-content\/uploads\/2024\/01\/39781-1-300x225.webp",300,225,true],"large":["https:\/\/imagazine.it\/wp-content\/uploads\/2024\/01\/39781-1.webp",640,480,false],"thumblist":["https:\/\/imagazine.it\/wp-content\/uploads\/2024\/01\/39781-1.webp",300,225,false],"thumbrelated":["https:\/\/imagazine.it\/wp-content\/uploads\/2024\/01\/39781-1.webp",500,375,false],"meccarouselthumb":["https:\/\/imagazine.it\/wp-content\/uploads\/2024\/01\/39781-1.webp",432,324,false],"gridsquare":["https:\/\/imagazine.it\/wp-content\/uploads\/2024\/01\/39781-1.webp",347,260,false],"tileview":["https:\/\/imagazine.it\/wp-content\/uploads\/2024\/01\/39781-1.webp",300,225,false],"1536x1536":["https:\/\/imagazine.it\/wp-content\/uploads\/2024\/01\/39781-1.webp",1000,750,false],"2048x2048":["https:\/\/imagazine.it\/wp-content\/uploads\/2024\/01\/39781-1.webp",1000,750,false],"newsup-slider-full":["https:\/\/imagazine.it\/wp-content\/uploads\/2024\/01\/39781-1-1000x720.webp",1000,720,true],"newsup-featured":["https:\/\/imagazine.it\/wp-content\/uploads\/2024\/01\/39781-1.webp",1000,750,false],"newsup-medium":["https:\/\/imagazine.it\/wp-content\/uploads\/2024\/01\/39781-1-720x380.webp",720,380,true],"tptn_thumbnail":["https:\/\/imagazine.it\/wp-content\/uploads\/2024\/01\/39781-1.webp",250,188,false],"sow-carousel-default":["https:\/\/imagazine.it\/wp-content\/uploads\/2024\/01\/39781-1-272x182.webp",272,182,true]},"rttpg_author":{"display_name":"redazione","author_link":"https:\/\/imagazine.it\/home_desk\/author\/redazione\/"},"rttpg_comment":0,"rttpg_category":"<a href=\"https:\/\/imagazine.it\/home_desk\/category\/attualita\/\" rel=\"category tag\">ATTUALIT\u00c0<\/a>","rttpg_excerpt":"Incontro istituzionale in municipio","_links":{"self":[{"href":"https:\/\/imagazine.it\/home_desk\/wp-json\/wp\/v2\/posts\/38891","targetHints":{"allow":["GET"]}}],"collection":[{"href":"https:\/\/imagazine.it\/home_desk\/wp-json\/wp\/v2\/posts"}],"about":[{"href":"https:\/\/imagazine.it\/home_desk\/wp-json\/wp\/v2\/types\/post"}],"author":[{"embeddable":true,"href":"https:\/\/imagazine.it\/home_desk\/wp-json\/wp\/v2\/users\/28"}],"replies":[{"embeddable":true,"href":"https:\/\/imagazine.it\/home_desk\/wp-json\/wp\/v2\/comments?post=38891"}],"version-history":[{"count":0,"href":"https:\/\/imagazine.it\/home_desk\/wp-json\/wp\/v2\/posts\/38891\/revisions"}],"wp:featuredmedia":[{"embeddable":true,"href":"https:\/\/imagazine.it\/home_desk\/wp-json\/wp\/v2\/media\/38892"}],"wp:attachment":[{"href":"https:\/\/imagazine.it\/home_desk\/wp-json\/wp\/v2\/media?parent=38891"}],"wp:term":[{"taxonomy":"category","embeddable":true,"href":"https:\/\/imagazine.it\/home_desk\/wp-json\/wp\/v2\/categories?post=38891"},{"taxonomy":"post_tag","embeddable":true,"href":"https:\/\/imagazine.it\/home_desk\/wp-json\/wp\/v2\/tags?post=38891"}],"curies":[{"name":"wp","href":"https:\/\/api.w.org\/{rel}","templated":true}]}}