{"id":38879,"date":"2021-05-05T00:00:00","date_gmt":"2021-05-04T23:00:00","guid":{"rendered":"https:\/\/imagazine.it\/?p=38879"},"modified":"2021-05-05T00:00:00","modified_gmt":"2021-05-04T23:00:00","slug":"turismo-europeo-palmanova-al-meeting-internazionale","status":"publish","type":"post","link":"https:\/\/imagazine.it\/home_desk\/turismo-europeo-palmanova-al-meeting-internazionale\/","title":{"rendered":"Turismo Europeo, Palmanova al meeting internazionale"},"content":{"rendered":"<p> \tSi \u00e8 da poco conclusa la\u00a0<strong>cinque giorni di incontri internazionali della rete ERRIN<\/strong>, partner del Progetto europeo <em>Cultural Heritage in Action<\/em>.\u00a0<strong>L\u2019Amministrazione comunale di Palmanova ha partecipato, come sito UNESCO<\/strong>, rispondendo all\u2019invito arrivato dalla Regione FVG, a tre giornate di lavoro.<\/p>\n<p> \tUn dibattito e lavoro di condivisione che si \u00e8 svolto a distanza, online, mettendo in collegamento municipalit\u00e0, enti e istituzioni culturali e turistiche provenienti da\u00a0<strong>Finlandia, Bulgaria, Francia, Danimarca, Belgio, Croazia, Spagna, Irlanda, Olanda, Slovenia, Germania oltre che dall\u2019Italia.<\/strong><\/p>\n<p> \t\u201cPer il nostro paese eravamo presenti noi di Palmanova e i rappresentanti del Parco Archeologico del Colosseo. \u00c8 stato molto interessante, oltre che un onore, presentare Palmanova a un pubblico cos\u00ec qualificato,\u00a0<strong>condividendo le esperienze di sviluppo\u00a0con le migliori realt\u00e0 storico culturali europee<\/strong>. Abbiamo voluto rimarcare come la dimensione partecipativa, attraverso il rapporto con il variegato mondo dell\u2019associazionismo, rappresenti un fondamentale ponte tra cittadini e amministrazioni locali\u201d, commenta la vicesindaco e assessore comunale alla cultura\u00a0<strong>Adriana Danielis<\/strong>.\u00a0<\/p>\n<p> \tTre mattinate dedicate alla partecipazione e al <em>peer learning<\/em>, una metodologia di scambio di idee e buone pratiche, alla condivisione delle esperienze di gestione del patrimonio anche attraverso il lavoro a gruppi sulla gestione e\u00a0la\u00a0<strong>comunicazione del patrimonio, sull\u2019inclusione sociale e sul coinvolgimento delle comunit\u00e0 maggiormente vulnerabili<\/strong>\u00a0tramite iniziative progettuali di coinvolgimento attivo della popolazione.<\/p>\n<p> \tA ospitare virtualmente l\u2019incontro la Scozia con il suo progetto di\u00a0<strong>valorizzazione del Vallo di Antonino che, dalla zona di Glasgow, interessa la regione per circa una sessantina di\u00a0chilometri\u00a0<\/strong>con i\u00a0resti di una fortificazione costruita durante la massima espansione dell&#39;Impero romano, nel II secolo d.C. Il progetto di sviluppo dell\u2019area e di coinvolgimento delle comunit\u00e0 locali per creare cultura ed economia, anche attraverso l\u2019uso di mezzi digitali e tecnologici, \u00e8 stato il punto di partenza della discussione e delle progettualit\u00e0 sinora realizzate.<\/p>\n<p> \t\u201cIl digitale &#8211; \u00a0conclude l\u2019assessore\u00a0<strong>Danielis<\/strong> &#8211; \u00e8 senz\u2019altro uno strumento di innovazione che durante la pandemia \u00e8 stato utilizzato estensivamente in tutte le realt\u00e0 europee con cui ci siamo confrontati. Tale strumento, \u00e8 un pensiero che abbiamo condiviso, non rappresenta tuttavia una soluzione esclusiva ma una potenzialit\u00e0 complementare per integrare il tradizionale rapporto di participazione al bene culturale. Per fare questo si rende necessario un ulteriore passo avanti come la formazione digitale, in misura sempre pi\u00f9 ampia tra le fasce di popolazione. Certamente la nuova frontiera sar\u00e0 quella di\u00a0<strong>puntare sull\u2019uso integrato di ambiente digitale e non, per incrementare e migliorare la fruizione del patrimonio culturale<\/strong>\u201d.<\/p>\n","protected":false},"excerpt":{"rendered":"<p>In rappresentanza dell&#8217;Italia<\/p>\n","protected":false},"author":28,"featured_media":38880,"comment_status":"closed","ping_status":"closed","sticky":false,"template":"","format":"standard","meta":{"dwc-title":[],"dwc-content":[],"footnotes":""},"categories":[5],"tags":[],"class_list":["post-38879","post","type-post","status-publish","format-standard","has-post-thumbnail","hentry","category-attualita"],"rttpg_featured_image_url":{"full":["https:\/\/imagazine.it\/wp-content\/uploads\/2024\/01\/39751-1.webp",1000,563,false],"landscape":["https:\/\/imagazine.it\/wp-content\/uploads\/2024\/01\/39751-1.webp",1000,563,false],"portraits":["https:\/\/imagazine.it\/wp-content\/uploads\/2024\/01\/39751-1.webp",1000,563,false],"thumbnail":["https:\/\/imagazine.it\/wp-content\/uploads\/2024\/01\/39751-1-150x150.webp",150,150,true],"medium":["https:\/\/imagazine.it\/wp-content\/uploads\/2024\/01\/39751-1-300x169.webp",300,169,true],"large":["https:\/\/imagazine.it\/wp-content\/uploads\/2024\/01\/39751-1.webp",640,360,false],"thumblist":["https:\/\/imagazine.it\/wp-content\/uploads\/2024\/01\/39751-1.webp",300,169,false],"thumbrelated":["https:\/\/imagazine.it\/wp-content\/uploads\/2024\/01\/39751-1.webp",500,282,false],"meccarouselthumb":["https:\/\/imagazine.it\/wp-content\/uploads\/2024\/01\/39751-1.webp",474,267,false],"gridsquare":["https:\/\/imagazine.it\/wp-content\/uploads\/2024\/01\/39751-1.webp",391,220,false],"tileview":["https:\/\/imagazine.it\/wp-content\/uploads\/2024\/01\/39751-1.webp",300,169,false],"1536x1536":["https:\/\/imagazine.it\/wp-content\/uploads\/2024\/01\/39751-1.webp",1000,563,false],"2048x2048":["https:\/\/imagazine.it\/wp-content\/uploads\/2024\/01\/39751-1.webp",1000,563,false],"newsup-slider-full":["https:\/\/imagazine.it\/wp-content\/uploads\/2024\/01\/39751-1.webp",1000,563,false],"newsup-featured":["https:\/\/imagazine.it\/wp-content\/uploads\/2024\/01\/39751-1.webp",1000,563,false],"newsup-medium":["https:\/\/imagazine.it\/wp-content\/uploads\/2024\/01\/39751-1-720x380.webp",720,380,true],"tptn_thumbnail":["https:\/\/imagazine.it\/wp-content\/uploads\/2024\/01\/39751-1.webp",250,141,false],"sow-carousel-default":["https:\/\/imagazine.it\/wp-content\/uploads\/2024\/01\/39751-1-272x182.webp",272,182,true]},"rttpg_author":{"display_name":"redazione","author_link":"https:\/\/imagazine.it\/home_desk\/author\/redazione\/"},"rttpg_comment":0,"rttpg_category":"<a href=\"https:\/\/imagazine.it\/home_desk\/category\/attualita\/\" rel=\"category tag\">ATTUALIT\u00c0<\/a>","rttpg_excerpt":"In rappresentanza dell'Italia","_links":{"self":[{"href":"https:\/\/imagazine.it\/home_desk\/wp-json\/wp\/v2\/posts\/38879","targetHints":{"allow":["GET"]}}],"collection":[{"href":"https:\/\/imagazine.it\/home_desk\/wp-json\/wp\/v2\/posts"}],"about":[{"href":"https:\/\/imagazine.it\/home_desk\/wp-json\/wp\/v2\/types\/post"}],"author":[{"embeddable":true,"href":"https:\/\/imagazine.it\/home_desk\/wp-json\/wp\/v2\/users\/28"}],"replies":[{"embeddable":true,"href":"https:\/\/imagazine.it\/home_desk\/wp-json\/wp\/v2\/comments?post=38879"}],"version-history":[{"count":0,"href":"https:\/\/imagazine.it\/home_desk\/wp-json\/wp\/v2\/posts\/38879\/revisions"}],"wp:featuredmedia":[{"embeddable":true,"href":"https:\/\/imagazine.it\/home_desk\/wp-json\/wp\/v2\/media\/38880"}],"wp:attachment":[{"href":"https:\/\/imagazine.it\/home_desk\/wp-json\/wp\/v2\/media?parent=38879"}],"wp:term":[{"taxonomy":"category","embeddable":true,"href":"https:\/\/imagazine.it\/home_desk\/wp-json\/wp\/v2\/categories?post=38879"},{"taxonomy":"post_tag","embeddable":true,"href":"https:\/\/imagazine.it\/home_desk\/wp-json\/wp\/v2\/tags?post=38879"}],"curies":[{"name":"wp","href":"https:\/\/api.w.org\/{rel}","templated":true}]}}