{"id":38877,"date":"2021-05-04T00:00:00","date_gmt":"2021-05-03T23:00:00","guid":{"rendered":"https:\/\/imagazine.it\/?p=38877"},"modified":"2021-05-04T00:00:00","modified_gmt":"2021-05-03T23:00:00","slug":"vaccino-in-fvg-apertura-prenotazioni-per-fascia-55-59","status":"publish","type":"post","link":"https:\/\/imagazine.it\/home_desk\/vaccino-in-fvg-apertura-prenotazioni-per-fascia-55-59\/","title":{"rendered":"Vaccino, in FVG apertura prenotazioni per fascia 55-59"},"content":{"rendered":"<p> \tSi apriranno <strong>luned\u00ec 10 maggio<\/strong> le agende per le prenotazioni delle vaccinazioni anti Covid-19 per i <strong>cittadini nella fascia d&#39;et\u00e0 55-59 senza patologie croniche<\/strong>.<\/p>\n<p> \tLe prenotazioni a loro riservate potranno essere effettuate attraverso il call center regionale (0434 223522), gli sportelli Cup, le farmacie abilitate e la web app.<\/p>\n<p> \tAnche le <strong>persone delle altre fasce d&#39;et\u00e0<\/strong> che gi\u00e0 si sono prenotate in precedenza <strong>potranno, se lo vorranno, chiedere di anticipare la data di vaccinazione<\/strong>.<\/p>\n<p> \tLo comunica il vicegovernatore con delega alla Salute del Friuli Venezia Giulia, <strong>Riccardo Riccardi<\/strong>.<\/p>\n<p> \t&#8220;La disponibilit\u00e0 di dosi e la capacit\u00e0 di somministrazione del Servizio sanitario ci consentono di aprire la campagna vaccinale anche ad altre fasce d&#39;et\u00e0&#8221;, ha spiegato Riccardi, invitando la popolazione a vaccinarsi, &#8220;unico strumento per sconfiggere il virus&#8221;.<\/p>\n<p> \tInoltre, secondo quanto disposto dal commissario straordinario si apre la vaccinazione al &#8220;personale dell&#39;Agenzia delle Accise, Dogane e Monopoli non ancora sottoposto alla prima somministrazione che svolge ex lege, con funzioni di polizia giudiziaria, esclusive attivit\u00e0 negli spazi doganali, costantemente impiegato in servizi essenziali anche per il contrasto del fenomeno pandemico&#8221;.<\/p>\n<p> \tTale categoria pu\u00f2 prenotarsi secondo le medesime modalit\u00e0 previste per le forze di polizia.<\/p>\n","protected":false},"excerpt":{"rendered":"<p>Da luned\u00ec 10 maggio<\/p>\n","protected":false},"author":28,"featured_media":38878,"comment_status":"closed","ping_status":"closed","sticky":false,"template":"","format":"standard","meta":{"dwc-title":[],"dwc-content":[],"footnotes":""},"categories":[5],"tags":[],"class_list":["post-38877","post","type-post","status-publish","format-standard","has-post-thumbnail","hentry","category-attualita"],"rttpg_featured_image_url":{"full":["https:\/\/imagazine.it\/wp-content\/uploads\/2024\/01\/39750-1.webp",1000,669,false],"landscape":["https:\/\/imagazine.it\/wp-content\/uploads\/2024\/01\/39750-1.webp",1000,669,false],"portraits":["https:\/\/imagazine.it\/wp-content\/uploads\/2024\/01\/39750-1.webp",1000,669,false],"thumbnail":["https:\/\/imagazine.it\/wp-content\/uploads\/2024\/01\/39750-1-150x150.webp",150,150,true],"medium":["https:\/\/imagazine.it\/wp-content\/uploads\/2024\/01\/39750-1-300x201.webp",300,201,true],"large":["https:\/\/imagazine.it\/wp-content\/uploads\/2024\/01\/39750-1.webp",640,428,false],"thumblist":["https:\/\/imagazine.it\/wp-content\/uploads\/2024\/01\/39750-1.webp",300,201,false],"thumbrelated":["https:\/\/imagazine.it\/wp-content\/uploads\/2024\/01\/39750-1.webp",500,335,false],"meccarouselthumb":["https:\/\/imagazine.it\/wp-content\/uploads\/2024\/01\/39750-1.webp",474,317,false],"gridsquare":["https:\/\/imagazine.it\/wp-content\/uploads\/2024\/01\/39750-1.webp",389,260,false],"tileview":["https:\/\/imagazine.it\/wp-content\/uploads\/2024\/01\/39750-1.webp",300,201,false],"1536x1536":["https:\/\/imagazine.it\/wp-content\/uploads\/2024\/01\/39750-1.webp",1000,669,false],"2048x2048":["https:\/\/imagazine.it\/wp-content\/uploads\/2024\/01\/39750-1.webp",1000,669,false],"newsup-slider-full":["https:\/\/imagazine.it\/wp-content\/uploads\/2024\/01\/39750-1.webp",1000,669,false],"newsup-featured":["https:\/\/imagazine.it\/wp-content\/uploads\/2024\/01\/39750-1.webp",1000,669,false],"newsup-medium":["https:\/\/imagazine.it\/wp-content\/uploads\/2024\/01\/39750-1-720x380.webp",720,380,true],"tptn_thumbnail":["https:\/\/imagazine.it\/wp-content\/uploads\/2024\/01\/39750-1.webp",250,167,false],"sow-carousel-default":["https:\/\/imagazine.it\/wp-content\/uploads\/2024\/01\/39750-1-272x182.webp",272,182,true]},"rttpg_author":{"display_name":"redazione","author_link":"https:\/\/imagazine.it\/home_desk\/author\/redazione\/"},"rttpg_comment":0,"rttpg_category":"<a href=\"https:\/\/imagazine.it\/home_desk\/category\/attualita\/\" rel=\"category tag\">ATTUALIT\u00c0<\/a>","rttpg_excerpt":"Da luned\u00ec 10 maggio","_links":{"self":[{"href":"https:\/\/imagazine.it\/home_desk\/wp-json\/wp\/v2\/posts\/38877","targetHints":{"allow":["GET"]}}],"collection":[{"href":"https:\/\/imagazine.it\/home_desk\/wp-json\/wp\/v2\/posts"}],"about":[{"href":"https:\/\/imagazine.it\/home_desk\/wp-json\/wp\/v2\/types\/post"}],"author":[{"embeddable":true,"href":"https:\/\/imagazine.it\/home_desk\/wp-json\/wp\/v2\/users\/28"}],"replies":[{"embeddable":true,"href":"https:\/\/imagazine.it\/home_desk\/wp-json\/wp\/v2\/comments?post=38877"}],"version-history":[{"count":0,"href":"https:\/\/imagazine.it\/home_desk\/wp-json\/wp\/v2\/posts\/38877\/revisions"}],"wp:featuredmedia":[{"embeddable":true,"href":"https:\/\/imagazine.it\/home_desk\/wp-json\/wp\/v2\/media\/38878"}],"wp:attachment":[{"href":"https:\/\/imagazine.it\/home_desk\/wp-json\/wp\/v2\/media?parent=38877"}],"wp:term":[{"taxonomy":"category","embeddable":true,"href":"https:\/\/imagazine.it\/home_desk\/wp-json\/wp\/v2\/categories?post=38877"},{"taxonomy":"post_tag","embeddable":true,"href":"https:\/\/imagazine.it\/home_desk\/wp-json\/wp\/v2\/tags?post=38877"}],"curies":[{"name":"wp","href":"https:\/\/api.w.org\/{rel}","templated":true}]}}