{"id":38871,"date":"2021-05-04T00:00:00","date_gmt":"2021-05-03T23:00:00","guid":{"rendered":"https:\/\/imagazine.it\/?p=38871"},"modified":"2021-05-04T00:00:00","modified_gmt":"2021-05-03T23:00:00","slug":"giro-ditalia-quanto-pubblico-sulle-strade-in-fvg","status":"publish","type":"post","link":"https:\/\/imagazine.it\/home_desk\/giro-ditalia-quanto-pubblico-sulle-strade-in-fvg\/","title":{"rendered":"Giro d&#8217;Italia, quanto pubblico sulle strade in FVG?"},"content":{"rendered":"<p> \tPresentate oggi a Gorizia le tre tappe del Giro d\u2019Italia.<\/p>\n<p> \tSi incomincer\u00e0 <strong>sabato 22<\/strong> <strong>maggio<\/strong> con la <strong>Cittadella-Monte Zoncolan<\/strong>, mentre il giorno successivo sar\u00e0 la volta della tappa tutta regionale con <strong>partenza da Grado e arrivo a Gorizia<\/strong>. La presenza in Friuli Venezia Giulia del Giro d&#39;Italia si chiuder\u00e0 il <strong>luned\u00ec 24 maggio<\/strong> con il via da <strong>Sacile<\/strong> del &#8220;tappone&#8221; dolomitico che si chiuder\u00e0 sotto il traguardo posto a Cortina.<\/p>\n<p> \tAlla presenza dei sindaci di Gorizia, <strong>Rodolfo Ziberna<\/strong>, di Grado, <strong>Dario Raugna<\/strong>, del primo cittadino di Sutrio, <strong>Manlio Mattia<\/strong>, e di quelli di Sacile e Nova Gorica <strong>Carlo Spagnol<\/strong> e <strong>Klemen <\/strong><strong>Miklavi\u010d<\/strong>, il governatore del Friuli Venezia Giulia <strong>Massimiliano Fedriga<\/strong> ha posto in evidenza il valore di una manifestazione sportiva che, in questa specifica edizione, &#8220;tirer\u00e0 la volata&#8221; a un altro evento internazionale.<\/p>\n<p> \t&#8220;La tappa Grado-Gorizia &#8211; ha affermato Fedriga &#8211; \u00e8 importante innanzitutto perch\u00e9 consentir\u00e0 di presentare al pubblico collegato con 180 Paesi di tutto il mondo, un luogo poco conosciuto della nostra regione ma molto suggestivo qual \u00e8 la laguna gradese. Inoltre l&#39;arrivo posto in piazza della Vittoria nel capoluogo isontino rappresenter\u00e0 l&#39;evento per promuovere la Capitale europea della Cultura, che vedr\u00e0 lavorare insieme Gorizia e Nova Gorica per l&#39;evento calendarizzato nel 2025. Questa collaborazione transfrontaliera \u00e8 rispecchiata anche nel Giro, che sconfiner\u00e0 nel circuito del Collio Brda, altra eccellenza che si candida ad essere patrimonio dell&#39;umanit\u00e0&#8221;.<\/p>\n<p> \tIl patron della manifestazione, <strong>Enzo Cainero<\/strong>, ha illustrato le tappe che toccheranno nell&#39;arco di tre giorni gran parte del Friuli Venezia Giulia. Nella prima frazione la gara entrer\u00e0 in regione attraverso la &#8220;porta&#8221; di <strong>Caneva<\/strong>, per abbandonare la <strong>Destra Tagliamento<\/strong> sulla forcella del <strong>monte Rest<\/strong>. Quindi il passaggio in Friuli e l&#39;arrivo a <strong>Sutrio<\/strong>, da dove inizier\u00e0 la scalata dello <strong>Zoncolan<\/strong> dal versante percorso per la prima volta nel 2003.<\/p>\n<p> \tIl giorno successivo, dopo la partenza da <strong>Grado<\/strong>, i corridori attraverseranno <strong>Aquileia<\/strong> e si immetteranno poi nel territorio isontino; quindi \u00e8 previsto lo sconfinamento a <strong>Brda<\/strong>, dove verr\u00e0 percorso per due volte un circuito al termine del quale i ciclisti scenderanno per passare a <strong>Nova Gorica<\/strong> e concludere la gara in <strong>piazza della Vittoria a Gorizia<\/strong>.<\/p>\n<p> \tInfine l&#39;ultima frazione in Friuli Venezia Giulia prender\u00e0 il via da <strong>Sacile<\/strong> luned\u00ec 24 maggio.<\/p>\n<p> \tCome spiegato da Cainero, l&#39;organizzazione sta lavorando per definire in che modo il pubblico potr\u00e0 seguire la gara non solo lungo il tracciato ma anche alle partenze e arrivi. Il 15 maggio, al termine di una triplice riunione con le Prefetture di Gorizia, Udine e Pordenone, tenendo conto della situazione epidemiologica del momento in Friuli Venezia Giulia, potranno essere date indicazioni precise al riguardo.<\/p>\n<p> \tSi prefigura comunque un ingresso contingentato per garantire la sicurezza di tutti, spettatori e partecipanti alla manifestazione.<\/p>\n","protected":false},"excerpt":{"rendered":"<p>Presentate oggi le tre tappe in regione<\/p>\n","protected":false},"author":28,"featured_media":38872,"comment_status":"closed","ping_status":"closed","sticky":false,"template":"","format":"standard","meta":{"dwc-title":[],"dwc-content":[],"footnotes":""},"categories":[38],"tags":[],"class_list":["post-38871","post","type-post","status-publish","format-standard","has-post-thumbnail","hentry","category-sport"],"rttpg_featured_image_url":{"full":["https:\/\/imagazine.it\/wp-content\/uploads\/2024\/01\/39739-1.webp",1000,749,false],"landscape":["https:\/\/imagazine.it\/wp-content\/uploads\/2024\/01\/39739-1.webp",1000,749,false],"portraits":["https:\/\/imagazine.it\/wp-content\/uploads\/2024\/01\/39739-1.webp",1000,749,false],"thumbnail":["https:\/\/imagazine.it\/wp-content\/uploads\/2024\/01\/39739-1-150x150.webp",150,150,true],"medium":["https:\/\/imagazine.it\/wp-content\/uploads\/2024\/01\/39739-1-300x225.webp",300,225,true],"large":["https:\/\/imagazine.it\/wp-content\/uploads\/2024\/01\/39739-1.webp",640,479,false],"thumblist":["https:\/\/imagazine.it\/wp-content\/uploads\/2024\/01\/39739-1.webp",300,225,false],"thumbrelated":["https:\/\/imagazine.it\/wp-content\/uploads\/2024\/01\/39739-1.webp",500,375,false],"meccarouselthumb":["https:\/\/imagazine.it\/wp-content\/uploads\/2024\/01\/39739-1.webp",433,324,false],"gridsquare":["https:\/\/imagazine.it\/wp-content\/uploads\/2024\/01\/39739-1.webp",347,260,false],"tileview":["https:\/\/imagazine.it\/wp-content\/uploads\/2024\/01\/39739-1.webp",300,225,false],"1536x1536":["https:\/\/imagazine.it\/wp-content\/uploads\/2024\/01\/39739-1.webp",1000,749,false],"2048x2048":["https:\/\/imagazine.it\/wp-content\/uploads\/2024\/01\/39739-1.webp",1000,749,false],"newsup-slider-full":["https:\/\/imagazine.it\/wp-content\/uploads\/2024\/01\/39739-1-1000x720.webp",1000,720,true],"newsup-featured":["https:\/\/imagazine.it\/wp-content\/uploads\/2024\/01\/39739-1.webp",1000,749,false],"newsup-medium":["https:\/\/imagazine.it\/wp-content\/uploads\/2024\/01\/39739-1-720x380.webp",720,380,true],"tptn_thumbnail":["https:\/\/imagazine.it\/wp-content\/uploads\/2024\/01\/39739-1.webp",250,187,false],"sow-carousel-default":["https:\/\/imagazine.it\/wp-content\/uploads\/2024\/01\/39739-1-272x182.webp",272,182,true]},"rttpg_author":{"display_name":"redazione","author_link":"https:\/\/imagazine.it\/home_desk\/author\/redazione\/"},"rttpg_comment":0,"rttpg_category":"<a href=\"https:\/\/imagazine.it\/home_desk\/category\/sport\/\" rel=\"category tag\">SPORT<\/a>","rttpg_excerpt":"Presentate oggi le tre tappe in regione","_links":{"self":[{"href":"https:\/\/imagazine.it\/home_desk\/wp-json\/wp\/v2\/posts\/38871","targetHints":{"allow":["GET"]}}],"collection":[{"href":"https:\/\/imagazine.it\/home_desk\/wp-json\/wp\/v2\/posts"}],"about":[{"href":"https:\/\/imagazine.it\/home_desk\/wp-json\/wp\/v2\/types\/post"}],"author":[{"embeddable":true,"href":"https:\/\/imagazine.it\/home_desk\/wp-json\/wp\/v2\/users\/28"}],"replies":[{"embeddable":true,"href":"https:\/\/imagazine.it\/home_desk\/wp-json\/wp\/v2\/comments?post=38871"}],"version-history":[{"count":0,"href":"https:\/\/imagazine.it\/home_desk\/wp-json\/wp\/v2\/posts\/38871\/revisions"}],"wp:featuredmedia":[{"embeddable":true,"href":"https:\/\/imagazine.it\/home_desk\/wp-json\/wp\/v2\/media\/38872"}],"wp:attachment":[{"href":"https:\/\/imagazine.it\/home_desk\/wp-json\/wp\/v2\/media?parent=38871"}],"wp:term":[{"taxonomy":"category","embeddable":true,"href":"https:\/\/imagazine.it\/home_desk\/wp-json\/wp\/v2\/categories?post=38871"},{"taxonomy":"post_tag","embeddable":true,"href":"https:\/\/imagazine.it\/home_desk\/wp-json\/wp\/v2\/tags?post=38871"}],"curies":[{"name":"wp","href":"https:\/\/api.w.org\/{rel}","templated":true}]}}