{"id":38863,"date":"2021-05-04T00:00:00","date_gmt":"2021-05-03T23:00:00","guid":{"rendered":"https:\/\/imagazine.it\/?p=38863"},"modified":"2021-05-04T00:00:00","modified_gmt":"2021-05-03T23:00:00","slug":"teatro-il-circuito-ert-riapre-il-sipario","status":"publish","type":"post","link":"https:\/\/imagazine.it\/home_desk\/teatro-il-circuito-ert-riapre-il-sipario\/","title":{"rendered":"Teatro, il Circuito ERT riapre il sipario"},"content":{"rendered":"<p> \tAnche per il Circuito ERT \u00e8 giunto il momento di aprire le porte dei suoi 27 teatri, dopo diversi mesi in cui l\u2019attivit\u00e0 si \u00e8 svolta \u2013 con la rassegna <em>Circuito Aperto <\/em>e la videorubrica web<em> Il Teatro a Casa Tua <\/em>\u2013 solamente in streaming.<\/p>\n<p> \tLa data da circoletto rosso sul calendario \u00e8 quella di <strong>gioved\u00ec 13 maggio<\/strong> quando l\u2019Auditorium Comunale di Lestizza ospiter\u00e0 <strong>Gioele Dix<\/strong> e il suo <strong><em>Vorrei essere figlio di un uomo felice<\/em><\/strong>. A partire da quel giorno il calendario si divider\u00e0 tra recuperi degli spettacoli delle stagioni 2019\/2020 non andati in scena a partire dal marzo 2020 e nuovi appuntamenti 2021: singole proposte o mini-stagioni che si protrarranno fino a luglio inoltrato.<\/p>\n<p> \tIn questa prima fase e fino a quando non interverranno modifiche all\u2019orario del coprifuoco serale <strong>l\u2019inizio degli spettacoli<\/strong> <strong>in tutti i teatri \u00e8 previsto alle ore 19.30<\/strong>.<\/p>\n<p> \t\u201c<em>Finalmente ripartiamo con un programma serrato<\/em> \u2013 spiega il direttore dell\u2019ERT, <strong>Renato Manzoni<\/strong> \u2013 <em>che vedr\u00e0, giocoforza, alternarsi date di recupero delle stagioni 2019\/2020 dedicate agli abbonati e in cui ci sar\u00e0 anche qualche posto disponibile per lo sbigliettamento e nuovi spettacoli 2021 per i quali gli abbonati alla stagione precedente avranno delle prelazioni per l\u2019acquisto ma nei quali sar\u00e0 dato maggiore spazio alla vendita dei biglietti. Per noi \u00e8 una ripartenza importante e i protocolli di sicurezza devono rassicurare il pubblico sul fatto che il Teatro sia un luogo sicuro. Naturalmente siamo consapevoli che l\u2019orario delle 19.30 non \u00e8 ideale ma speriamo a breve di poterlo modificare per permettere davvero a tutti gli appassionati di godere nuovamente delle emozioni dello spettacolo dal vivo<\/em>\u201d.<\/p>\n<p> \tIn ottemperanza alle regole del Decreto Legge 52 varato il 22 aprile scorso, l\u2019attivit\u00e0 in presenza \u00e8 permessa esclusivamente in <strong>zona gialla<\/strong> e con il <strong>50% di posti occupati in sala<\/strong>, di conseguenza la quasi totalit\u00e0 degli spettacoli verr\u00e0 presentata in <strong>doppia replica<\/strong>, quasi sempre in serate successive, mentre in alcuni casi \u2013 solamente la domenica \u2013 a una replica pomeridiana seguir\u00e0 una serale.<\/p>\n<p> \tI primi spettacoli ad andare in scena saranno, oltre al monologo di Gioele Dix, <strong><em>Fieste<\/em><\/strong> con il Teatro Incerto (Lignano e Artegna), <strong><em>La Scimmia<\/em><\/strong> di Giuliana Musso (Sedegliano, Talmassons, Spilimbergo, Colugna) e <strong><em>La parrucca<\/em><\/strong> con Maria Amelia Monti (Cordenons e Palmanova). Da fine maggio a inizio luglio i Teatri ERT, tra gli altri, ospiteranno <strong><em>Il rompiballe<\/em><\/strong> con la coppia Paolo Triestino-Giancarlo Ratti, due spettacoli di e con Dario Ballantini (Da <strong><em>Balla a Dalla<\/em><\/strong> e <strong><em>Ballantini&#038;Petrolini<\/em><\/strong>) e la commedia <strong><em>La casa di famiglia<\/em><\/strong>, la cui tourn\u00e9e nel marzo 2020 era stata interrotta dalla pandemia proprio quando la compagnia romana si trovava in Friuli Venezia Giulia.<\/p>\n<p> \tTra le nuove proposte 2021 spiccano una serie di appuntamenti firmati Stivalaccio Teatro, la compagnia che ha ridato vita alla Commedia dell\u2019Arte ottenendo grande successo di pubblico e critica in Italia e non solo. I saltimbanchi veneti saranno in scena con <strong><em>Romeo e Giulietta<\/em><\/strong> e con <strong><em>Don Chisciotte \u2013 Tragicommedia dell\u2019Arte<\/em><\/strong> da met\u00e0 maggio fino a fine giugno. Dopo averne visto un assaggio online su <em>Circuito Aperto<\/em>, finalmente il pubblico regionale potr\u00e0 gustarsi l\u2019intero <strong><em>Guarnerius<\/em><\/strong>, il nuovo lavoro prodotto dal CSS Udine e firmato a quattro mani dal trio del Teatro Incerto e da Angelo Floramo (prima data ad Orsaria il 5 giugno). Grande attesa a Sacile, Gemona e Tolmezzo (date dal 1. giugno) per Giuseppe Giacobazzi e il suo <strong><em>Noi. Mille volti e una bugia<\/em><\/strong>, e per Natalino Balasso e il suo nuovo lavoro, <strong><em>Vocabolario Balasso <\/em><\/strong>che sar\u00e0 a Spilimbergo e Orsaria. Non mancheranno due grandi amici del Circuito, i Papu, che porteranno <strong><em>I penultimi \u2013 l\u2019epopea dei minatori friulani in Belgio<\/em><\/strong> a Grado e San Daniele. Le risate saranno garantite anche da Paolo Hendel con <strong><em>La giovinezza \u00e8 sopravvalutata<\/em><\/strong>, dal trasformista Ennio Marchetto con <strong><em>The Living Paper Cartoon<\/em><\/strong>, da Enrico Bertolino con <strong><em>Instant-Distant Theatre<\/em><\/strong> e dagli Oblivion con <strong><em>Oblivion Rhapsody<\/em><\/strong>.<\/p>\n<p> \tPresentata la scorsa settimana la rassegna Off Label (l\u2019inizio \u00e8 fissato per questa domenica allo spazio Lo Studio di Udine con <strong><em>CaBe, a VHS Elegy<\/em><\/strong> di Giulia Bean) che si inserisce nella consolidata collaborazione tra ERT e Compagnia Arearea, la danza avr\u00e0 il suo spazio anche in stagione con recuperi e nuove proposte. Tra i titoli in programma il tango di <strong><em>Noches de Buenos Aires<\/em><\/strong> (a Gradisca e Cividale) e l\u2019eVolution Dance Theater di Anthony Heinl con l\u2019applauditissimo <strong><em>Night Garden<\/em><\/strong> (Azzano Decimo) e una lunga tourn\u00e9e del nuovo <strong><em>Blu Infinito<\/em><\/strong>; <strong><em>Boomerang, gli illusionisti della danza <\/em><\/strong>saranno a Cordenons ed Artegna, mentre l\u2019attesissimo <strong><em>Preludes<\/em><\/strong> con l\u2019\u00e9toile Anbeta Toromani e Costanza Principe al pianoforte verr\u00e0 ospitato a Cormons, Gradisca e Latisana.<\/p>\n<p> \tLa musica sar\u00e0 presente in questa prima fase con il recupero di <strong><em>Lucio incontra Lucio<\/em><\/strong>, spettacolo musicale che Sebastiano Somma ha dedicato a Dalla e Battisti (Cividale, Gemona, Cordenons, Lignano e Maniago) e l\u2019omaggio alle musiche da cinema del Coro Polifonico di Ruda con <strong><em>Beautiful that way<\/em><\/strong> (Artegna), mentre la novit\u00e0 \u00e8 rappresentata dai concerti della nuova FVG Orchestra che porter\u00e0 l\u2019<strong><em>Omaggio a Morricone <\/em><\/strong>a Cividale, Maniago e Latisana. In estate ci sar\u00e0 il consueto appuntamento con <strong><em>San Vito Jazz <\/em><\/strong>il cui calendario 2021 verr\u00e0 presentato con una conferenza stampa a fine mese. \u00a0<\/p>\n<p> \tDetto del 50% di capienza, i nuovi protocolli anti-Covid prevedono la prenotazione obbligatoria del posto, la misurazione della temperatura all\u2019ingresso del Teatro, l\u2019utilizzo da parte del pubblico della mascherina chirurgica o della FFP2.<\/p>\n<p> \tTutti gli appuntamenti del Circuito ERT sono disponibili al nuovo sito <strong><u><a href=\"http:\/\/www.ertfvg.it\/\" target=\"_blank\" rel=\"noopener\"><span style=\"color:#0000ff;\">www.ertfvg.it<\/span><\/a><\/u><\/strong> dove il pubblico trover\u00e0 tutte le informazioni sulle modalit\u00e0 di accesso ai teatri. Nel nuovo sito, realizzato in collaborazione con l\u2019azienda udinese Ensoul, si potranno trovare anche tutte le puntate de <em>Il Teatro a Casa Tua<\/em>, gli spettacoli di <em>Circuito Aperto<\/em> e tante novit\u00e0. Informazioni anche nei canali Facebook e Twitter ERTFVG.<\/p>\n","protected":false},"excerpt":{"rendered":"<p>Dal 13 maggio<\/p>\n","protected":false},"author":28,"featured_media":38864,"comment_status":"closed","ping_status":"closed","sticky":false,"template":"","format":"standard","meta":{"dwc-title":[],"dwc-content":[],"footnotes":""},"categories":[37],"tags":[],"class_list":["post-38863","post","type-post","status-publish","format-standard","has-post-thumbnail","hentry","category-cultura-e-spettacolo"],"rttpg_featured_image_url":{"full":["https:\/\/imagazine.it\/wp-content\/uploads\/2024\/01\/39732-1.webp",1000,563,false],"landscape":["https:\/\/imagazine.it\/wp-content\/uploads\/2024\/01\/39732-1.webp",1000,563,false],"portraits":["https:\/\/imagazine.it\/wp-content\/uploads\/2024\/01\/39732-1.webp",1000,563,false],"thumbnail":["https:\/\/imagazine.it\/wp-content\/uploads\/2024\/01\/39732-1-150x150.webp",150,150,true],"medium":["https:\/\/imagazine.it\/wp-content\/uploads\/2024\/01\/39732-1-300x169.webp",300,169,true],"large":["https:\/\/imagazine.it\/wp-content\/uploads\/2024\/01\/39732-1.webp",640,360,false],"thumblist":["https:\/\/imagazine.it\/wp-content\/uploads\/2024\/01\/39732-1.webp",300,169,false],"thumbrelated":["https:\/\/imagazine.it\/wp-content\/uploads\/2024\/01\/39732-1.webp",500,282,false],"meccarouselthumb":["https:\/\/imagazine.it\/wp-content\/uploads\/2024\/01\/39732-1.webp",474,267,false],"gridsquare":["https:\/\/imagazine.it\/wp-content\/uploads\/2024\/01\/39732-1.webp",391,220,false],"tileview":["https:\/\/imagazine.it\/wp-content\/uploads\/2024\/01\/39732-1.webp",300,169,false],"1536x1536":["https:\/\/imagazine.it\/wp-content\/uploads\/2024\/01\/39732-1.webp",1000,563,false],"2048x2048":["https:\/\/imagazine.it\/wp-content\/uploads\/2024\/01\/39732-1.webp",1000,563,false],"newsup-slider-full":["https:\/\/imagazine.it\/wp-content\/uploads\/2024\/01\/39732-1.webp",1000,563,false],"newsup-featured":["https:\/\/imagazine.it\/wp-content\/uploads\/2024\/01\/39732-1.webp",1000,563,false],"newsup-medium":["https:\/\/imagazine.it\/wp-content\/uploads\/2024\/01\/39732-1-720x380.webp",720,380,true],"tptn_thumbnail":["https:\/\/imagazine.it\/wp-content\/uploads\/2024\/01\/39732-1.webp",250,141,false],"sow-carousel-default":["https:\/\/imagazine.it\/wp-content\/uploads\/2024\/01\/39732-1-272x182.webp",272,182,true]},"rttpg_author":{"display_name":"redazione","author_link":"https:\/\/imagazine.it\/home_desk\/author\/redazione\/"},"rttpg_comment":0,"rttpg_category":"<a href=\"https:\/\/imagazine.it\/home_desk\/category\/cultura-e-spettacolo\/\" rel=\"category tag\">CULTURA&amp;SPETTACOLO<\/a>","rttpg_excerpt":"Dal 13 maggio","_links":{"self":[{"href":"https:\/\/imagazine.it\/home_desk\/wp-json\/wp\/v2\/posts\/38863","targetHints":{"allow":["GET"]}}],"collection":[{"href":"https:\/\/imagazine.it\/home_desk\/wp-json\/wp\/v2\/posts"}],"about":[{"href":"https:\/\/imagazine.it\/home_desk\/wp-json\/wp\/v2\/types\/post"}],"author":[{"embeddable":true,"href":"https:\/\/imagazine.it\/home_desk\/wp-json\/wp\/v2\/users\/28"}],"replies":[{"embeddable":true,"href":"https:\/\/imagazine.it\/home_desk\/wp-json\/wp\/v2\/comments?post=38863"}],"version-history":[{"count":0,"href":"https:\/\/imagazine.it\/home_desk\/wp-json\/wp\/v2\/posts\/38863\/revisions"}],"wp:featuredmedia":[{"embeddable":true,"href":"https:\/\/imagazine.it\/home_desk\/wp-json\/wp\/v2\/media\/38864"}],"wp:attachment":[{"href":"https:\/\/imagazine.it\/home_desk\/wp-json\/wp\/v2\/media?parent=38863"}],"wp:term":[{"taxonomy":"category","embeddable":true,"href":"https:\/\/imagazine.it\/home_desk\/wp-json\/wp\/v2\/categories?post=38863"},{"taxonomy":"post_tag","embeddable":true,"href":"https:\/\/imagazine.it\/home_desk\/wp-json\/wp\/v2\/tags?post=38863"}],"curies":[{"name":"wp","href":"https:\/\/api.w.org\/{rel}","templated":true}]}}