{"id":38855,"date":"2021-05-04T00:00:00","date_gmt":"2021-05-03T23:00:00","guid":{"rendered":"https:\/\/imagazine.it\/?p=38855"},"modified":"2021-05-04T00:00:00","modified_gmt":"2021-05-03T23:00:00","slug":"gorizia-dalla-seconda-meta-di-maggio-ospedale-covid-free","status":"publish","type":"post","link":"https:\/\/imagazine.it\/home_desk\/gorizia-dalla-seconda-meta-di-maggio-ospedale-covid-free\/","title":{"rendered":"Gorizia, dalla seconda met\u00e0 di maggio ospedale &#8220;Covid free&#8221;"},"content":{"rendered":"<p> \tProsegue il piano di progressiva riconversione dei posti letto dell&#39;<strong>Ospedale<\/strong> <strong>San Giovanni di Dio di Gorizia<\/strong> da Covid in non Covid: sono state eseguite tutte le attivit\u00e0 di sanificazione per riaprire in sicurezza i 15 posti di Medicina per pazienti non Covid.<\/p>\n<p> \tLo comunica l&#39;Azienda Sanitaria Universitaria Giuliano Isontina.<\/p>\n<p> \tInoltre da oggi verr\u00e0 sanificata e messa a norma tutta l\u2019area della Terapia Intensiva e Semintensiva Covid, per la riapertura da domani come reparti non Covid (TI e UTIC).<\/p>\n<p> \tSeguiranno venerd\u00ec la riapertura dell\u2019Urologia e il ritorno a Gorizia dell\u2019attivit\u00e0 chirurgica in urgenza nel fine settimana. Anche l\u2019attivit\u00e0 chirurgica in elezione riprender\u00e0 progressivamente da luned\u00ec 10 maggio.<\/p>\n<p> \tIn base all\u2019andamento epidemiologico, seguiranno altre attivit\u00e0 di riconversione dei reparti per arrivare indicativamente nella seconda met\u00e0 del mese di maggio ad avere l\u2019ospedale di Gorizia interamente \u201cCovid free\u201d.<\/p>\n","protected":false},"excerpt":{"rendered":"<p>Prosegue la riconversione dei reparti<\/p>\n","protected":false},"author":28,"featured_media":38856,"comment_status":"closed","ping_status":"closed","sticky":false,"template":"","format":"standard","meta":{"dwc-title":[],"dwc-content":[],"footnotes":""},"categories":[5],"tags":[],"class_list":["post-38855","post","type-post","status-publish","format-standard","has-post-thumbnail","hentry","category-attualita"],"rttpg_featured_image_url":{"full":["https:\/\/imagazine.it\/wp-content\/uploads\/2024\/01\/39713-1.webp",1000,649,false],"landscape":["https:\/\/imagazine.it\/wp-content\/uploads\/2024\/01\/39713-1.webp",1000,649,false],"portraits":["https:\/\/imagazine.it\/wp-content\/uploads\/2024\/01\/39713-1.webp",1000,649,false],"thumbnail":["https:\/\/imagazine.it\/wp-content\/uploads\/2024\/01\/39713-1-150x150.webp",150,150,true],"medium":["https:\/\/imagazine.it\/wp-content\/uploads\/2024\/01\/39713-1-300x195.webp",300,195,true],"large":["https:\/\/imagazine.it\/wp-content\/uploads\/2024\/01\/39713-1.webp",640,415,false],"thumblist":["https:\/\/imagazine.it\/wp-content\/uploads\/2024\/01\/39713-1.webp",300,195,false],"thumbrelated":["https:\/\/imagazine.it\/wp-content\/uploads\/2024\/01\/39713-1.webp",500,325,false],"meccarouselthumb":["https:\/\/imagazine.it\/wp-content\/uploads\/2024\/01\/39713-1.webp",474,308,false],"gridsquare":["https:\/\/imagazine.it\/wp-content\/uploads\/2024\/01\/39713-1.webp",391,254,false],"tileview":["https:\/\/imagazine.it\/wp-content\/uploads\/2024\/01\/39713-1.webp",300,195,false],"1536x1536":["https:\/\/imagazine.it\/wp-content\/uploads\/2024\/01\/39713-1.webp",1000,649,false],"2048x2048":["https:\/\/imagazine.it\/wp-content\/uploads\/2024\/01\/39713-1.webp",1000,649,false],"newsup-slider-full":["https:\/\/imagazine.it\/wp-content\/uploads\/2024\/01\/39713-1.webp",1000,649,false],"newsup-featured":["https:\/\/imagazine.it\/wp-content\/uploads\/2024\/01\/39713-1.webp",1000,649,false],"newsup-medium":["https:\/\/imagazine.it\/wp-content\/uploads\/2024\/01\/39713-1-720x380.webp",720,380,true],"tptn_thumbnail":["https:\/\/imagazine.it\/wp-content\/uploads\/2024\/01\/39713-1.webp",250,162,false],"sow-carousel-default":["https:\/\/imagazine.it\/wp-content\/uploads\/2024\/01\/39713-1-272x182.webp",272,182,true]},"rttpg_author":{"display_name":"redazione","author_link":"https:\/\/imagazine.it\/home_desk\/author\/redazione\/"},"rttpg_comment":0,"rttpg_category":"<a href=\"https:\/\/imagazine.it\/home_desk\/category\/attualita\/\" rel=\"category tag\">ATTUALIT\u00c0<\/a>","rttpg_excerpt":"Prosegue la riconversione dei reparti","_links":{"self":[{"href":"https:\/\/imagazine.it\/home_desk\/wp-json\/wp\/v2\/posts\/38855","targetHints":{"allow":["GET"]}}],"collection":[{"href":"https:\/\/imagazine.it\/home_desk\/wp-json\/wp\/v2\/posts"}],"about":[{"href":"https:\/\/imagazine.it\/home_desk\/wp-json\/wp\/v2\/types\/post"}],"author":[{"embeddable":true,"href":"https:\/\/imagazine.it\/home_desk\/wp-json\/wp\/v2\/users\/28"}],"replies":[{"embeddable":true,"href":"https:\/\/imagazine.it\/home_desk\/wp-json\/wp\/v2\/comments?post=38855"}],"version-history":[{"count":0,"href":"https:\/\/imagazine.it\/home_desk\/wp-json\/wp\/v2\/posts\/38855\/revisions"}],"wp:featuredmedia":[{"embeddable":true,"href":"https:\/\/imagazine.it\/home_desk\/wp-json\/wp\/v2\/media\/38856"}],"wp:attachment":[{"href":"https:\/\/imagazine.it\/home_desk\/wp-json\/wp\/v2\/media?parent=38855"}],"wp:term":[{"taxonomy":"category","embeddable":true,"href":"https:\/\/imagazine.it\/home_desk\/wp-json\/wp\/v2\/categories?post=38855"},{"taxonomy":"post_tag","embeddable":true,"href":"https:\/\/imagazine.it\/home_desk\/wp-json\/wp\/v2\/tags?post=38855"}],"curies":[{"name":"wp","href":"https:\/\/api.w.org\/{rel}","templated":true}]}}