{"id":38851,"date":"2021-05-03T00:00:00","date_gmt":"2021-05-02T23:00:00","guid":{"rendered":"https:\/\/imagazine.it\/?p=38851"},"modified":"2021-05-03T00:00:00","modified_gmt":"2021-05-02T23:00:00","slug":"sapori-pro-loco-slitta-ancora-appuntamento-al-2022","status":"publish","type":"post","link":"https:\/\/imagazine.it\/home_desk\/sapori-pro-loco-slitta-ancora-appuntamento-al-2022\/","title":{"rendered":"Sapori Pro Loco slitta ancora: appuntamento al 2022"},"content":{"rendered":"<p> \tSoddisfazione da parte del <strong>Comitato regionale del Friuli Venezia Giulia dell&#39;Unione nazionale Pro Loco d&#39;Italia<\/strong> per la decisione, per il disegno di legge approvato dal consiglio regionale del Friuli Venezia Giulia che stanzia un <strong>contributo massimo di 1.500 euro<\/strong>, per le realt\u00e0, comprese le Pro Loco, che organizzano eventi e che devono ancora fare i conti con lo stop dovuto al Covid-19.\u00a0<\/p>\n<p> \tE mentre si attendo dal Governo le linee guida per la ripresa delle sagre e altri festeggiamenti, \u00e8 operativo lo Sportello SOS eventi di Villa Manin, primo in Italia a essere gestito da un Comitato regionale Pro Loco. Un servizio a disposizione delle associazioni del Terzo settore Friuli Venezia Giulia per offrire consulenze e supporto circa gli adempimenti amministrativi necessari per l\u2019organizzazione di eventi, anche per quanto riguarda gli aspetti legati alle disposizioni di sicurezza sanitaria e la compilazione e trasmissione delle pratiche telematiche allo Sportello Unico per le Attivit\u00e0 Produttive (Suap).<\/p>\n<p> \tLa struttura, gestita dal Comitato regionale del Friuli Venezia Giulia dell&#39;Unione nazionale Pro Loco d&#39;Italia, \u00e8 stato reso possibile dalla Legge regionale n. 7\/2019, che prevede misure per la valorizzazione e la promozione delle sagre e feste locali e delle fiere tradizionali, anch&#39;essa un unicum a livello nazionale.<\/p>\n<p> \t&#8220;Dopo questi mesi di emergenza sanitaria &#8211; dichiara il presidente del Comitato, <strong>Valter Pezzarini<\/strong> &#8211; abbiamo comunit\u00e0 che devono essere ricostruite nei legami interpersonali. Il tessuto sociale si \u00e8 indebolito e non si pu\u00f2 far finta di niente pensando che tutto sia come prima: per certi versi siamo in un nuovo mondo, che avr\u00e0 bisogno anche di nuovi approcci pure nell&#39;organizzazione di eventi. Le feste, svolte in sicurezza e con criterio, saranno un importante primo passo verso la rinascita. Lo sto dicendo anche alle nostre Pro Loco aderenti che ci contattano per capire come fare per i prossimi mesi: privilegiate eventi dalle dimensioni ridotte e prettamente all&#39;aria aperta, seguendo le indicazioni che tempo per tempo saranno emanate dagli organi competenti. Sar\u00e0 un&#39;estate di appuntamenti paesani nel vero senso del termine, ma da questi possiamo ripartire con forza dopo il lungo stop. Grazie alla Regione per i contributi al Terzo settore, che proseguono l&#39;attenzione rivolta al nostro mondo con l&#39;istituzione dello sportello Sos Eventi&#8221;.<\/p>\n<p> \tI mesi estivi sono quelli che, stando a quanto successo lo scorso anno con la riduzione dell&#39;epidemia (effetto su cui incideranno pure i vaccini ora), permetteranno con pi\u00f9 successo di svolgere gli eventi. Per questo da parte del Comitato si \u00e8 deciso di non caricare ulteriormente un calendario gi\u00e0 pieno.<\/p>\n<p> \t&#8220;Abbiamo deciso &#8211; conclude Pezzarini &#8211; con senso di responsabilit\u00e0 di non effettuare neanche quest&#39;anno la nostra manifestazione <strong>Sapori Pro Loco<\/strong>, dando appuntamento alla sua tradizionale collocazione di <strong>maggio nel 2022<\/strong>. Spostarla in estate e chiedere ai volontari delle singole Pro Loco di essere presenti a Villa Manin quando invece nei loro paesi c&#39;\u00e8 un grande bisogno di loro proprio per ricostruire il senso di comunit\u00e0, non ci sembrava un progetto plausibile. Meglio programmare Sapori Pro Loco per il prossimo anno, nella speranza di esserci lasciati l&#39;emergenza sanitaria alle spalle&#8221;.<\/p>\n","protected":false},"excerpt":{"rendered":"<p>Attivato intanto lo sportello &#8220;SOS eventi&#8221;<\/p>\n","protected":false},"author":28,"featured_media":38852,"comment_status":"closed","ping_status":"closed","sticky":false,"template":"","format":"standard","meta":{"dwc-title":[],"dwc-content":[],"footnotes":""},"categories":[5],"tags":[],"class_list":["post-38851","post","type-post","status-publish","format-standard","has-post-thumbnail","hentry","category-attualita"],"rttpg_featured_image_url":{"full":["https:\/\/imagazine.it\/wp-content\/uploads\/2024\/01\/39702-1.webp",750,500,false],"landscape":["https:\/\/imagazine.it\/wp-content\/uploads\/2024\/01\/39702-1.webp",750,500,false],"portraits":["https:\/\/imagazine.it\/wp-content\/uploads\/2024\/01\/39702-1.webp",750,500,false],"thumbnail":["https:\/\/imagazine.it\/wp-content\/uploads\/2024\/01\/39702-1-150x150.webp",150,150,true],"medium":["https:\/\/imagazine.it\/wp-content\/uploads\/2024\/01\/39702-1-300x200.webp",300,200,true],"large":["https:\/\/imagazine.it\/wp-content\/uploads\/2024\/01\/39702-1.webp",640,427,false],"thumblist":["https:\/\/imagazine.it\/wp-content\/uploads\/2024\/01\/39702-1.webp",300,200,false],"thumbrelated":["https:\/\/imagazine.it\/wp-content\/uploads\/2024\/01\/39702-1.webp",500,333,false],"meccarouselthumb":["https:\/\/imagazine.it\/wp-content\/uploads\/2024\/01\/39702-1.webp",474,316,false],"gridsquare":["https:\/\/imagazine.it\/wp-content\/uploads\/2024\/01\/39702-1.webp",391,260,false],"tileview":["https:\/\/imagazine.it\/wp-content\/uploads\/2024\/01\/39702-1.webp",300,200,false],"1536x1536":["https:\/\/imagazine.it\/wp-content\/uploads\/2024\/01\/39702-1.webp",750,500,false],"2048x2048":["https:\/\/imagazine.it\/wp-content\/uploads\/2024\/01\/39702-1.webp",750,500,false],"newsup-slider-full":["https:\/\/imagazine.it\/wp-content\/uploads\/2024\/01\/39702-1.webp",750,500,false],"newsup-featured":["https:\/\/imagazine.it\/wp-content\/uploads\/2024\/01\/39702-1.webp",750,500,false],"newsup-medium":["https:\/\/imagazine.it\/wp-content\/uploads\/2024\/01\/39702-1-720x380.webp",720,380,true],"tptn_thumbnail":["https:\/\/imagazine.it\/wp-content\/uploads\/2024\/01\/39702-1.webp",250,167,false],"sow-carousel-default":["https:\/\/imagazine.it\/wp-content\/uploads\/2024\/01\/39702-1-272x182.webp",272,182,true]},"rttpg_author":{"display_name":"redazione","author_link":"https:\/\/imagazine.it\/home_desk\/author\/redazione\/"},"rttpg_comment":0,"rttpg_category":"<a href=\"https:\/\/imagazine.it\/home_desk\/category\/attualita\/\" rel=\"category tag\">ATTUALIT\u00c0<\/a>","rttpg_excerpt":"Attivato intanto lo sportello \"SOS eventi\"","_links":{"self":[{"href":"https:\/\/imagazine.it\/home_desk\/wp-json\/wp\/v2\/posts\/38851","targetHints":{"allow":["GET"]}}],"collection":[{"href":"https:\/\/imagazine.it\/home_desk\/wp-json\/wp\/v2\/posts"}],"about":[{"href":"https:\/\/imagazine.it\/home_desk\/wp-json\/wp\/v2\/types\/post"}],"author":[{"embeddable":true,"href":"https:\/\/imagazine.it\/home_desk\/wp-json\/wp\/v2\/users\/28"}],"replies":[{"embeddable":true,"href":"https:\/\/imagazine.it\/home_desk\/wp-json\/wp\/v2\/comments?post=38851"}],"version-history":[{"count":0,"href":"https:\/\/imagazine.it\/home_desk\/wp-json\/wp\/v2\/posts\/38851\/revisions"}],"wp:featuredmedia":[{"embeddable":true,"href":"https:\/\/imagazine.it\/home_desk\/wp-json\/wp\/v2\/media\/38852"}],"wp:attachment":[{"href":"https:\/\/imagazine.it\/home_desk\/wp-json\/wp\/v2\/media?parent=38851"}],"wp:term":[{"taxonomy":"category","embeddable":true,"href":"https:\/\/imagazine.it\/home_desk\/wp-json\/wp\/v2\/categories?post=38851"},{"taxonomy":"post_tag","embeddable":true,"href":"https:\/\/imagazine.it\/home_desk\/wp-json\/wp\/v2\/tags?post=38851"}],"curies":[{"name":"wp","href":"https:\/\/api.w.org\/{rel}","templated":true}]}}