{"id":38843,"date":"2021-05-02T00:00:00","date_gmt":"2021-05-01T23:00:00","guid":{"rendered":"https:\/\/imagazine.it\/?p=38843"},"modified":"2021-05-02T00:00:00","modified_gmt":"2021-05-01T23:00:00","slug":"liberta-di-stampa-ronchi-punto-di-riferimento-nazionale","status":"publish","type":"post","link":"https:\/\/imagazine.it\/home_desk\/liberta-di-stampa-ronchi-punto-di-riferimento-nazionale\/","title":{"rendered":"Libert\u00e0 di stampa, Ronchi punto di riferimento nazionale"},"content":{"rendered":"<p> \tIn occasione della <strong>Giornata Mondiale della Libert\u00e0 di Stampa<\/strong>, l\u2019associazione culturale<strong> Leali delle Notizie di Ronchi dei Legionari <\/strong>ha inaugurato questa mattina in Piazzetta Francesco Giuseppe la propria<strong> Biblioteca dedicata a Cosimo Cristina e la Passeggiata della Libert\u00e0 di Stampa e di Espressione <\/strong>con 21 storie di operatori dell\u2019informazione che sono morti mentre svolgevano il proprio lavoro.<\/p>\n<p> \t\u00ab<em>Ronchi <\/em>\u2013 ha affermato <strong>Cristiano Degano<\/strong>, presidente dell\u2019Ordine dei Giornalisti del Friuli Venezia Giulia \u2013 <em>\u00e8 diventata ormai non solo un punto di riferimento della libert\u00e0 di stampa e di espressione locale e regionale, ma anche nazionale<\/em>. <em>Alcuni operatori dell\u2019informazione della nostra regione come Marco Luchetta, Ota, Marco d\u2019Angelo, Mirian Hrovatin hanno cercato di raccontare la verit\u00e0 e di illuminare gli angoli pi\u00f9 oscuri di cosa succedeva nel mondo. Fare il giornalista non \u00e8 solo un lavoro, ma \u00e8 soprattutto un impegno civile. Dal 2015 Leali delle Notizie con pochi mezzi \u00e8 riuscita a organizzare sempre pi\u00f9 incontri importanti e ad accogliere ospiti di un certo spessore con il Festival del Giornalismo e i suoi eventi. Le Panchine della Libert\u00e0 di Stampa, il murale e il premio intitolato a Daphne Caruana Galizia dimostrano l\u2019impegno dell\u2019associazione nell\u2019organizzare delle attivit\u00e0 in favore della libert\u00e0 di stampa e di espressione<\/em>\u00bb.<\/p>\n<p> \t<strong>Leali delle Notizie<\/strong>, proprio grazie alle sue attivit\u00e0, \u00e8 riuscita a creare negli anni <strong>una rete a livello nazionale<\/strong> con l\u2019<strong>Ordine dei Giornalisti<\/strong>, la <strong>Federazione Nazionale della Stampa Italiana<\/strong>, <strong>Articolo 21<\/strong> con l\u2019obiettivo di continuare a sviluppare le proprie <strong>iniziative sulla libert\u00e0 di stampa e di espressione e su una buona informazione<\/strong>. L\u2019associazione continua inoltre a organizzare eventi sul <strong>tema della criminalit\u00e0 organizzata<\/strong>, in quanto <strong>la mafia coinvolge tutto il territorio nazionale<\/strong> e <strong>persino il Nord Est<\/strong>, nel quale si sono verificati <strong>episodi intimidatori<\/strong> nei confronti di giornalisti che hanno lavorato anche per media e testate del <strong>Friuli Venezia Giulia<\/strong>.<\/p>\n<p> \t\u00ab<em>Noi oggi ricordiamo chi ha perso la vita facendo il proprio lavoro nel mondo dell\u2019informazione. Alcuni giornalisti sono stati uccisi dalla mafia, altri sono rimasti vittime di guerre o di conflitti, ma tutti loro realizzavano i propri reportage seguendo un ideale<\/em> \u2013 ha sottolineato il presidente di Leali delle Notizie,<strong> Luca Perrino<\/strong> \u2013. <em>La Passeggiata di Leali delle Notizie non vuole solo ricordare alcuni dei giornalisti che sono stati uccisi nell\u2019ultimo secolo mentre svolgevano il proprio mestiere, ma si vuole tenere a mente quanto sia importante la libert\u00e0 di stampa e di espressione all\u2019interno di una democrazia<\/em>\u00bb.\u00a0<\/p>\n<p> \t<strong>La Passeggiata della Libert\u00e0 di Stampa e di Espressione<\/strong> \u00e8 un <strong>percorso<\/strong> che si sviluppa in diversi punti del <strong>centro di Ronchi dei Legionari<\/strong> e che riguarda <strong>21 storie di operatori dell\u2019informazione uccisi mentre svolgevano il loro lavoro<\/strong>. <strong>21<\/strong> come <strong>l\u2019articolo 21 della Costituzione<\/strong>, in cui si <strong>afferma il principio della libert\u00e0 di manifestare il proprio pensiero<\/strong>.<\/p>\n<p> \tOgni pannello \u00e8 dotato di un <strong>QR code<\/strong> attraverso il quale \u00e8 possibile leggere <strong>la storia di un giornalista<\/strong> che, <strong>con le proprie inchieste, non ha avuto paura di raccontare i fatti pi\u00f9 scomodi nemmeno davanti a minacce estreme<\/strong>.<\/p>\n<p> \tIl percorso incomincia dalla <strong>pensilina<\/strong> dei mezzi di trasporto in <strong>via Dante<\/strong> dove \u00e8 situato il <strong>murale di Daphne Caruana Galizia<\/strong> e si sviluppa poi in <strong>via Mazzini<\/strong>, <strong>piazza Oberdan<\/strong>, <strong>via Roma<\/strong>, <strong>piazza Concordia<\/strong>, <strong>via dei Campi<\/strong> e <strong>lungo il parco della citt\u00e0. <\/strong>La passeggiata si conclude in <strong>piazzetta Martire delle Foibe<\/strong>, vicino all\u2019auditorium e alla sede di Leali delle Notizie, dove si trova l\u2019<strong>ultimo pannello <\/strong>dedicato a <strong>Jamal Khashoggi<\/strong> e realizzato su concessione di <strong>Mauro Biani<\/strong>, <strong>vignettista di <em>La Repubblica<\/em><\/strong>. \u00c8 possibile dunque recarsi durante la settimana nella sede dell\u2019associazione per prendere una <strong>mappa<\/strong> della <strong>Passeggiata della Libert\u00e0 di Stampa e di Espressione<\/strong> e scoprire cos\u00ec le <strong>storie di libert\u00e0 violata<\/strong>.<\/p>\n<p> \t\u00ab<em>Leali delle Notizie <\/em>\u2013 ha dichiarato il consigliere regionale<strong> Antonio Calligaris<\/strong> \u2013 <em>ha aiutato a far emergere Ronchi come comune dei diritti. La mafia, i regimi totalitari o le dittature di ordine dinastico come l\u2019Arabia Saudita adottano la massima di Stalin secondo cui se si elimina l\u2019uomo si elimina pure il problema<\/em>. <em>Grazie all\u2019esercizio della memoria il problema non \u00e8 eleminato e nemmeno l\u2019uomo ed \u00e8 questo il grande messaggio di Leali delle Notizie sulla libert\u00e0<\/em>\u00bb.<\/p>\n<p> \tI giornalisti che tracciano il percorso della <strong>Passeggiata di Leali delle Notizie<\/strong> lungo il <strong>centro di Ronchi dei Legionari<\/strong> sono solo una piccola parte di tutti quegli operatori dell\u2019informazione che sono stati uccisi nel mondo. <strong>L\u2019intenzione dell\u2019associazione \u00e8 infatti quella di ampliare il percorso installando nuovi pannelli grazie all\u2019appoggio dell\u2019amministrazione comunale di Ronchi dei Legionari<\/strong>.<\/p>\n<p> \t\u00ab<em>Il 25 aprile <\/em>\u2013 ha ricordato il sindaco di Ronchi,<strong> Livio Vecchiet<\/strong> \u2013<em> abbiamo ricordato il valore della democrazia e della libert\u00e0 in cui rientra anche la libert\u00e0 di stampa e di espressione di tutti i cittadini<\/em>. <em>In una societ\u00e0 civile ci sono tante cose che non vanno; molti giornalisti le denunciano e per questo vengono minacciati e a volte pure uccisi. Un\u2019amministrazione comunale democratica deve sempre portare avanti il valore della libert\u00e0 di stampa e il Comune di Ronchi continuer\u00e0 a sostenere le iniziative di Leali delle Notizie a favore della comunit\u00e0 e della libert\u00e0<\/em>\u00bb.<\/p>\n<p> \tOltre all\u2019inaugurazione della Biblioteca e della Passeggiata, gli attori <strong>Giulio Morgan<\/strong>, <strong>Sara Alzetta<\/strong> e <strong>Antonio Schiavulli<\/strong> hanno eseguito delle <strong>letture sceniche<\/strong> sulle vicende di alcuni <strong>giornalisti del percorso sulla libert\u00e0 di stampa dell\u2019associazione<\/strong>.<\/p>\n","protected":false},"excerpt":{"rendered":"<p>La conferma dai vertici dell&#8217;Ordine dei Giornalisti<\/p>\n","protected":false},"author":28,"featured_media":38844,"comment_status":"closed","ping_status":"closed","sticky":false,"template":"","format":"standard","meta":{"dwc-title":[],"dwc-content":[],"footnotes":""},"categories":[5],"tags":[],"class_list":["post-38843","post","type-post","status-publish","format-standard","has-post-thumbnail","hentry","category-attualita"],"rttpg_featured_image_url":{"full":["https:\/\/imagazine.it\/wp-content\/uploads\/2024\/01\/39694-1.webp",1000,750,false],"landscape":["https:\/\/imagazine.it\/wp-content\/uploads\/2024\/01\/39694-1.webp",1000,750,false],"portraits":["https:\/\/imagazine.it\/wp-content\/uploads\/2024\/01\/39694-1.webp",1000,750,false],"thumbnail":["https:\/\/imagazine.it\/wp-content\/uploads\/2024\/01\/39694-1-150x150.webp",150,150,true],"medium":["https:\/\/imagazine.it\/wp-content\/uploads\/2024\/01\/39694-1-300x225.webp",300,225,true],"large":["https:\/\/imagazine.it\/wp-content\/uploads\/2024\/01\/39694-1.webp",640,480,false],"thumblist":["https:\/\/imagazine.it\/wp-content\/uploads\/2024\/01\/39694-1.webp",300,225,false],"thumbrelated":["https:\/\/imagazine.it\/wp-content\/uploads\/2024\/01\/39694-1.webp",500,375,false],"meccarouselthumb":["https:\/\/imagazine.it\/wp-content\/uploads\/2024\/01\/39694-1.webp",432,324,false],"gridsquare":["https:\/\/imagazine.it\/wp-content\/uploads\/2024\/01\/39694-1.webp",347,260,false],"tileview":["https:\/\/imagazine.it\/wp-content\/uploads\/2024\/01\/39694-1.webp",300,225,false],"1536x1536":["https:\/\/imagazine.it\/wp-content\/uploads\/2024\/01\/39694-1.webp",1000,750,false],"2048x2048":["https:\/\/imagazine.it\/wp-content\/uploads\/2024\/01\/39694-1.webp",1000,750,false],"newsup-slider-full":["https:\/\/imagazine.it\/wp-content\/uploads\/2024\/01\/39694-1-1000x720.webp",1000,720,true],"newsup-featured":["https:\/\/imagazine.it\/wp-content\/uploads\/2024\/01\/39694-1.webp",1000,750,false],"newsup-medium":["https:\/\/imagazine.it\/wp-content\/uploads\/2024\/01\/39694-1-720x380.webp",720,380,true],"tptn_thumbnail":["https:\/\/imagazine.it\/wp-content\/uploads\/2024\/01\/39694-1.webp",250,188,false],"sow-carousel-default":["https:\/\/imagazine.it\/wp-content\/uploads\/2024\/01\/39694-1-272x182.webp",272,182,true]},"rttpg_author":{"display_name":"redazione","author_link":"https:\/\/imagazine.it\/home_desk\/author\/redazione\/"},"rttpg_comment":0,"rttpg_category":"<a href=\"https:\/\/imagazine.it\/home_desk\/category\/attualita\/\" rel=\"category tag\">ATTUALIT\u00c0<\/a>","rttpg_excerpt":"La conferma dai vertici dell'Ordine dei Giornalisti","_links":{"self":[{"href":"https:\/\/imagazine.it\/home_desk\/wp-json\/wp\/v2\/posts\/38843","targetHints":{"allow":["GET"]}}],"collection":[{"href":"https:\/\/imagazine.it\/home_desk\/wp-json\/wp\/v2\/posts"}],"about":[{"href":"https:\/\/imagazine.it\/home_desk\/wp-json\/wp\/v2\/types\/post"}],"author":[{"embeddable":true,"href":"https:\/\/imagazine.it\/home_desk\/wp-json\/wp\/v2\/users\/28"}],"replies":[{"embeddable":true,"href":"https:\/\/imagazine.it\/home_desk\/wp-json\/wp\/v2\/comments?post=38843"}],"version-history":[{"count":0,"href":"https:\/\/imagazine.it\/home_desk\/wp-json\/wp\/v2\/posts\/38843\/revisions"}],"wp:featuredmedia":[{"embeddable":true,"href":"https:\/\/imagazine.it\/home_desk\/wp-json\/wp\/v2\/media\/38844"}],"wp:attachment":[{"href":"https:\/\/imagazine.it\/home_desk\/wp-json\/wp\/v2\/media?parent=38843"}],"wp:term":[{"taxonomy":"category","embeddable":true,"href":"https:\/\/imagazine.it\/home_desk\/wp-json\/wp\/v2\/categories?post=38843"},{"taxonomy":"post_tag","embeddable":true,"href":"https:\/\/imagazine.it\/home_desk\/wp-json\/wp\/v2\/tags?post=38843"}],"curies":[{"name":"wp","href":"https:\/\/api.w.org\/{rel}","templated":true}]}}