{"id":38837,"date":"2021-05-03T00:00:00","date_gmt":"2021-05-02T23:00:00","guid":{"rendered":"https:\/\/imagazine.it\/?p=38837"},"modified":"2021-05-03T00:00:00","modified_gmt":"2021-05-02T23:00:00","slug":"larte-tessile-incanta-il-fvg","status":"publish","type":"post","link":"https:\/\/imagazine.it\/home_desk\/larte-tessile-incanta-il-fvg\/","title":{"rendered":"L&#8217;arte tessile incanta il FVG"},"content":{"rendered":"<p> \tDedicato al tema \u201cWE(H)AVE\u201d, all\u2019intreccio tra arte, cultura e tradizioni, il <strong>&#39;&#39;Premio Valcellina<\/strong>&#39;&#39;, <strong>Concorso Internazionale di Arte Tessile Contemporanea<\/strong>, organizzato e promosso dall&#39;Associazione Le Arti Tessili APS di Maniago, \u00e8 giunto all&#39;undicesima edizione registrando anche quest\u2019anno, nonostante la situazione pandemica, un\u2019ampia adesione da parte di artisti di \u201cfiber art\u201d di tutto il mondo: 59 giovani creativi provenienti da 18 Paesi.<\/p>\n<p> \tAttraverso il tema scelto, \u201c<em>We(h)ave<\/em>\u201d un gioco di parole tra il verbo \u201cto weave\u201d &#8211; \u201ctessere\u201d e l\u2019espressione \u201cwe have\u201d &#8211; \u201cabbiamo\u201d, i giovani artisti sono stati invitati a realizzare un&#39;opera che interpreti il presente, dialogando con la memoria storica per cercare visioni innovative e, attraverso la propria ricerca artistica, intuire visioni innovative per progettare e offrire una trasformazione culturale e sociale.<\/p>\n<p> \tLa prima giuria, composta da <strong>Eva Comuzzi<\/strong>, storica dell&#39;arte, <strong>Renata Pompas<\/strong>, giornalista, saggista, esperta in Fiber Art milanese e <strong>Lydia Predominato<\/strong>, fiber artista e curatrice, ha selezionato le 23 migliori opere che concorreranno all&#39;assegnazione dei premi in palio.<\/p>\n<p> \tA passare la prima selezione opere da Tawain come \u201cPieces of Jade\u201d di <strong>Chia-ling Li<\/strong> (in arte Jialing Lee) in cui l\u2019antica tecnica manuale di creare ventagli si mescola con strumenti digitali, ma anche tecniche innovative come l\u2019opera di crypto arte \u201cSoundweave\u201d interamente digitale del collettivo di italiani formato da <strong>Selene Torlino, Marco Taurino e Alessandro Rubei<\/strong> o ibride come \u201cIntimo \u201d dalla Cina di <strong>Jiying Liu<\/strong><strong>, Xu Yingbo e Peng Shaohua<\/strong> (Cina) in cui l\u2019opera \u00e8 integrata da una videoproiezione. Non mancano lavori pi\u00f9 tradizionali come l\u2019opera tessile \u201cSincretismo\u201d della messicana <strong>Alma Villa Hernandez<\/strong> e di ricamo a mano come \u201cInexpressible\u201d della lettone <strong>Katrina Leitena<\/strong>.<\/p>\n<p> \tMolta attenzione all\u2019ecologia, alla natura, al recupero di materiali di scarto e di antiche tecniche manifatturiere come in \u201cDrop\u201d dell\u2019artista ceca <strong>Anezka Kruzikova<\/strong> realizzato con telaio autoprodotto e il giardino tessile realizzato sempre con materiale di scarto dell\u2019italo iraniana <strong>Elham Mossllemi Aghili<\/strong> \u201cOntologia selvaggia\u201d.<\/p>\n<p> \tDa segnalare anche il \u201cGioco di infanzia\u201d dell\u2019artista cinese <strong>Kun Zhao<\/strong> sulle relazioni invisibili e l\u2019interessantissimo \u201cPaesaggio sociale\/\/Paesaggio Sonoro\u201d dell\u2019udinese <strong>Giulia Iacolutti<\/strong>, un\u2019opera d\u2019arte relazionale, realizzata in otto giorni durante la 25^ edizione della Stazione di Topol\u00f2, che ha visto coinvolti nel ricamo collettivo abitanti, passanti e ospiti del festival che hanno ricamato, basandosi sulle mappe catastali e sull\u2019analisi genealogica dal 1500 a oggi, lo schema urbanistico del paese, oggi in via di spopolamento.<\/p>\n<p> \tL\u2019attribuzione dei premi spetter\u00e0 sabato 8 maggio a una seconda giuria, composta da 5 esperti del settore: Eva Comuzzi, Renata Pompas, <strong>Anna Galtarossa<\/strong>, artista che lavora tra San Pietro in Cariano e New York, <strong>Massimo Premuda<\/strong>, presidente della Casa dell&#39;Arte TS, vicepresidente curatorio presso Museo Revoltella TS, curatore presso Museo d&#39;Arte Moderna &#8220;Ugo Car\u00e0&#8221; Muggia e curatore di DoubleRoom e la textile artist, storica del tessile e costume <strong>Thessy Schoenholzer Nichols<\/strong>.<\/p>\n<p> \tLa giuria valuter\u00e0 le opere pervenute e assegner\u00e0 i riconoscimenti: borse di studio in denaro, per un montepremi totale di 9.500 euro e la possibilit\u00e0 di frequentare gratuitamente un periodo di studio presso le Accademie e Istituzioni partner, nazionali ed internazionali.<\/p>\n<p> \t\u00abNonostante le difficolt\u00e0 del periodo intervenute a scombinare lo svolgimento della manifestazione &#8211; racconta <strong>Annamaria Poggioli<\/strong>, presidente dell\u2019Associazione Le Arti Tessili e responsabile del progetto Premio Valcellina &#8211; ci siamo messe in discussione focalizzando il nostro impegno nell&#39;onorare il Concorso con modalit\u00e0 nuove. Le opere finaliste saranno protagoniste di un evento streaming nel corso del quale il nostro consueto cerimoniale sar\u00e0 rispettato. Intercettare la contemporaneit\u00e0 in questo particolare frammento storico, significa anche questo\u00bb.<\/p>\n<p> \tIl 26 giugno, durante un evento in streaming, sar\u00e0 possibile visionare le opere allestite al Museo dell\u2019Arte Fabbrile e delle Coltellerie, di questa undicesima edizione realizzata con il contributo di Regione Friuli Venezia Giulia, Comune di Maniago e Fondazione Friuli, con il sostegno di Ecomuseo Lis Aganis, BCC Friulovest Banca, Maniago Savio Macchine Tessili di Pordenone e l\u2019Assoaciazione Il Capitello di Pordenone. L&#39;evento gode del sostegno e partenariato di numerose istituzioni tra cui l&#39; ETN European Textile Network.<\/p>\n<p> \tOpere ed artisti selezionati:\u00a0<\/p>\n<p> \t\u00a0<\/p>\n<p> \tInexpressible &#8211; Katrina Leitena &#8211; Lettonia\u00a0<\/p>\n<p> \tDeux Mille-fleurs\/Two Thousand Flowers &#8211; S\u00f8ren Krag Nielsen &#8211; Danimarca\u00a0<\/p>\n<p> \tRed Carpet &#8211; Lisa Martignoni &#8211; Italia\u00a0<\/p>\n<p> \tHuman blood &#8211; Ayako Matsumura &#8211; Giappone\u00a0<\/p>\n<p> \tThe River My Heart Seeks &#8211; Yu Jung Wu &#8211; Taiwan\u00a0<\/p>\n<p> \tOntologia selvaggia &#8211; Elham Mossllemi Aghili &#8211; Iran\u00a0<\/p>\n<p> \tSegni di resistenza &#8211; Reyhaneh Alikhani &#8211; Iran\u00a0<\/p>\n<p> \tDeep Inside and Far Beyond &#8211; Khrystsina Vysotskaya &#8211; Bielorussia\u00a0<\/p>\n<p> \tPieces of Jade &#8211;\u00a0Jialing Lee\u00a0 &#8211; Taiwan\u00a0<\/p>\n<p> \tIl giocco dell\u2019infanzia &#8211; Kun Zhao \u2013 Cina\u00a0<\/p>\n<p> \tINTIMO-intimo &#8211; Jiying Liu \/ Xu Yingbo \/ Peng Shaohua &#8211; Cina\u00a0<\/p>\n<p> \tTrame &#8211; Rossella Ferrero &#8211; Italia\u00a0<\/p>\n<p> \tMappa-Mundi &#8211; Livia Ugolini &#8211; Italia\u00a0<\/p>\n<p> \tLa bolla eterna &#8211; Haoyu Song &#8211; Cina\u00a0<\/p>\n<p> \tThe Organic life, Weaving &#8211; Eunsun An &#8211; Corea del Sud\u00a0<\/p>\n<p> \tPaesaggio sociale \/\/ Paesaggio Sonoro &#8211; Giulia Iaconutti &#8211; Italia\u00a0<\/p>\n<p> \tLe mal du pays &#8211; Nikola Filipovi\u0107 &#8211; Montenegro\u00a0<\/p>\n<p> \tWinter in Worpswede mit Otto Modersohn &#8211; Carlotta Mansi &#8211; Italia\u00a0<\/p>\n<p> \tSoundweave &#8211; Selene Torlino \/ Marco Taurino \/ Alessandro Rubei &#8211; Italia\u00a0<\/p>\n<p> \tSincretismo &#8211; Alma Villa Hernandez &#8211; Messico\u00a0<\/p>\n<p> \tDrop &#8211; Anezka Kruzikova \u2013 Repubblica Ceca\u00a0<\/p>\n<p> \tSoglia &#8211; Arianna Bassetto &#8211; Italia\u00a0<\/p>\n<p> \tRock (No.3) &#8211; Magdalena Kleszynska &#8211; Polonia<\/p>\n","protected":false},"excerpt":{"rendered":"<p>Premio Valcellina, sabato il vincitore<\/p>\n","protected":false},"author":28,"featured_media":38838,"comment_status":"closed","ping_status":"closed","sticky":false,"template":"","format":"standard","meta":{"dwc-title":[],"dwc-content":[],"footnotes":""},"categories":[37],"tags":[],"class_list":["post-38837","post","type-post","status-publish","format-standard","has-post-thumbnail","hentry","category-cultura-e-spettacolo"],"rttpg_featured_image_url":{"full":["https:\/\/imagazine.it\/wp-content\/uploads\/2024\/01\/39688-1.webp",1000,667,false],"landscape":["https:\/\/imagazine.it\/wp-content\/uploads\/2024\/01\/39688-1.webp",1000,667,false],"portraits":["https:\/\/imagazine.it\/wp-content\/uploads\/2024\/01\/39688-1.webp",1000,667,false],"thumbnail":["https:\/\/imagazine.it\/wp-content\/uploads\/2024\/01\/39688-1-150x150.webp",150,150,true],"medium":["https:\/\/imagazine.it\/wp-content\/uploads\/2024\/01\/39688-1-300x200.webp",300,200,true],"large":["https:\/\/imagazine.it\/wp-content\/uploads\/2024\/01\/39688-1.webp",640,427,false],"thumblist":["https:\/\/imagazine.it\/wp-content\/uploads\/2024\/01\/39688-1.webp",300,200,false],"thumbrelated":["https:\/\/imagazine.it\/wp-content\/uploads\/2024\/01\/39688-1.webp",500,334,false],"meccarouselthumb":["https:\/\/imagazine.it\/wp-content\/uploads\/2024\/01\/39688-1.webp",474,316,false],"gridsquare":["https:\/\/imagazine.it\/wp-content\/uploads\/2024\/01\/39688-1.webp",391,260,false],"tileview":["https:\/\/imagazine.it\/wp-content\/uploads\/2024\/01\/39688-1.webp",300,200,false],"1536x1536":["https:\/\/imagazine.it\/wp-content\/uploads\/2024\/01\/39688-1.webp",1000,667,false],"2048x2048":["https:\/\/imagazine.it\/wp-content\/uploads\/2024\/01\/39688-1.webp",1000,667,false],"newsup-slider-full":["https:\/\/imagazine.it\/wp-content\/uploads\/2024\/01\/39688-1.webp",1000,667,false],"newsup-featured":["https:\/\/imagazine.it\/wp-content\/uploads\/2024\/01\/39688-1.webp",1000,667,false],"newsup-medium":["https:\/\/imagazine.it\/wp-content\/uploads\/2024\/01\/39688-1-720x380.webp",720,380,true],"tptn_thumbnail":["https:\/\/imagazine.it\/wp-content\/uploads\/2024\/01\/39688-1.webp",250,167,false],"sow-carousel-default":["https:\/\/imagazine.it\/wp-content\/uploads\/2024\/01\/39688-1-272x182.webp",272,182,true]},"rttpg_author":{"display_name":"redazione","author_link":"https:\/\/imagazine.it\/home_desk\/author\/redazione\/"},"rttpg_comment":0,"rttpg_category":"<a href=\"https:\/\/imagazine.it\/home_desk\/category\/cultura-e-spettacolo\/\" rel=\"category tag\">CULTURA&amp;SPETTACOLO<\/a>","rttpg_excerpt":"Premio Valcellina, sabato il vincitore","_links":{"self":[{"href":"https:\/\/imagazine.it\/home_desk\/wp-json\/wp\/v2\/posts\/38837","targetHints":{"allow":["GET"]}}],"collection":[{"href":"https:\/\/imagazine.it\/home_desk\/wp-json\/wp\/v2\/posts"}],"about":[{"href":"https:\/\/imagazine.it\/home_desk\/wp-json\/wp\/v2\/types\/post"}],"author":[{"embeddable":true,"href":"https:\/\/imagazine.it\/home_desk\/wp-json\/wp\/v2\/users\/28"}],"replies":[{"embeddable":true,"href":"https:\/\/imagazine.it\/home_desk\/wp-json\/wp\/v2\/comments?post=38837"}],"version-history":[{"count":0,"href":"https:\/\/imagazine.it\/home_desk\/wp-json\/wp\/v2\/posts\/38837\/revisions"}],"wp:featuredmedia":[{"embeddable":true,"href":"https:\/\/imagazine.it\/home_desk\/wp-json\/wp\/v2\/media\/38838"}],"wp:attachment":[{"href":"https:\/\/imagazine.it\/home_desk\/wp-json\/wp\/v2\/media?parent=38837"}],"wp:term":[{"taxonomy":"category","embeddable":true,"href":"https:\/\/imagazine.it\/home_desk\/wp-json\/wp\/v2\/categories?post=38837"},{"taxonomy":"post_tag","embeddable":true,"href":"https:\/\/imagazine.it\/home_desk\/wp-json\/wp\/v2\/tags?post=38837"}],"curies":[{"name":"wp","href":"https:\/\/api.w.org\/{rel}","templated":true}]}}