{"id":38835,"date":"2021-05-03T00:00:00","date_gmt":"2021-05-02T23:00:00","guid":{"rendered":"https:\/\/imagazine.it\/?p=38835"},"modified":"2021-05-03T00:00:00","modified_gmt":"2021-05-02T23:00:00","slug":"a-trieste-la-prima-opera-di-nicola-piovani","status":"publish","type":"post","link":"https:\/\/imagazine.it\/home_desk\/a-trieste-la-prima-opera-di-nicola-piovani\/","title":{"rendered":"A Trieste la prima opera di Nicola Piovani"},"content":{"rendered":"<p> \tIl premio Oscar <strong>Nicola Piovani<\/strong> sceglie <strong>Trieste<\/strong> per la sua prima opera lirica, che prender\u00e0 vita al <strong>Teatro Verdi<\/strong> nelle prossime settimane.<\/p>\n<p> \tIl musicista \u00e8 arrivato in questi giorni in citt\u00e0 e ha gi\u00e0 iniziato le prove, un percorso a stretto contatto con il Verdi e con tutti i professionisti coinvolti, che sar\u00e0 anche raccontato attraverso un documentario.<\/p>\n<p> \t\u201c<em>Amorosa presenza<\/em>\u201d \u00e8 la sua prima opera composta, frutto di una lunga gestazione, che porter\u00e0 in scena la storia di due ragazzi degli anni Settanta innamorati dell\u2019amore, ma caratterizzata anche da imprevisti e colpi di scena. Un progetto rilevante per il teatro, che arriva nel momento della ripartenza dopo le chiusure legate al Covid-19 e che rappresenta un motivo in pi\u00f9 per guardare con positivit\u00e0 alla ripresa completa dell\u2019attivit\u00e0.<\/p>\n<p> \tPer Piovani \u00e8 un gradito ritorno a Trieste. Nel 2018 ha diretto il concerto &#8220;<em>Piovani dirige Piovani<\/em>&#8221; organizzato dalla Fondazione Teatro Lirico Giuseppe Verdi, insieme al Comune di Trieste.<\/p>\n<p> \tL\u2019opera: \u201c<em>Amorosa presenza<\/em>\u201d, in due atti, ha origini lontane. La prima idea risale al 1977, rimasta poi a lungo in un cassetto.<\/p>\n<p> \t\u00abVincenzo Cerami mi parl\u00f2 del romanzo che stava scrivendo &#8211; spiega Piovani &#8211; e mi sembr\u00f2 un soggetto perfetto per ricavarne un libretto d\u2019Opera. Avevamo una commissione verbale dal Teatro dell\u2019Opera di Atene e cominciammo a lavorare serratamente alla scaletta e al libretto dell\u2019opera. Quando eravamo a circa met\u00e0 del guado, la commissione greca si volatilizz\u00f2. Bussammo alla porta di qualche teatro italiano, ma lo facemmo con molta timidezza e troppo pudore\u00bb. Il progetto resta fermo, per tanti anni \u00abma quando ho raccontato questa storia in un\u2019intervista- prosegue- quando ho detto che se ne sarebbe riparlato \u201calla prossima reincarnazione\u201d, ho ricevuto una telefonata del direttore generale del Teatro Verdi <strong>Antonio Tasca<\/strong>, che mi proponeva di riprendere a Trieste quel progetto. Ho accettato e mi ci sono buttato a capofitto con molta euforia, ho ricominciato a lavorarci con l\u2019aiuto di Graziella e Aisha Cerami e, grazie al Teatro Verdi di Trieste, al sovrintendente <strong>Stefano Pace<\/strong>, al direttore artistico <strong>Paolo Rodda<\/strong> quest\u2019Opera vedr\u00e0 la luce durante la prossima stagione. Si racconta &#8211; aggiunge Piovani &#8211; che Giuseppe Verdi rispondesse, a chi gli chiedeva com\u2019era il suo prossimo lavoro, \u201cSperiamo che venghi bene\u201d, frase che riassume bene il mio sentimento nei confronti di questo \u201clavoro in corso\u201d\u00bb.<\/p>\n","protected":false},"excerpt":{"rendered":"<p>Prove iniziate nei giorni scorsi<\/p>\n","protected":false},"author":28,"featured_media":38836,"comment_status":"closed","ping_status":"closed","sticky":false,"template":"","format":"standard","meta":{"dwc-title":[],"dwc-content":[],"footnotes":""},"categories":[37],"tags":[],"class_list":["post-38835","post","type-post","status-publish","format-standard","has-post-thumbnail","hentry","category-cultura-e-spettacolo"],"rttpg_featured_image_url":{"full":["https:\/\/imagazine.it\/wp-content\/uploads\/2024\/01\/39680-1.webp",1000,667,false],"landscape":["https:\/\/imagazine.it\/wp-content\/uploads\/2024\/01\/39680-1.webp",1000,667,false],"portraits":["https:\/\/imagazine.it\/wp-content\/uploads\/2024\/01\/39680-1.webp",1000,667,false],"thumbnail":["https:\/\/imagazine.it\/wp-content\/uploads\/2024\/01\/39680-1-150x150.webp",150,150,true],"medium":["https:\/\/imagazine.it\/wp-content\/uploads\/2024\/01\/39680-1-300x200.webp",300,200,true],"large":["https:\/\/imagazine.it\/wp-content\/uploads\/2024\/01\/39680-1.webp",640,427,false],"thumblist":["https:\/\/imagazine.it\/wp-content\/uploads\/2024\/01\/39680-1.webp",300,200,false],"thumbrelated":["https:\/\/imagazine.it\/wp-content\/uploads\/2024\/01\/39680-1.webp",500,334,false],"meccarouselthumb":["https:\/\/imagazine.it\/wp-content\/uploads\/2024\/01\/39680-1.webp",474,316,false],"gridsquare":["https:\/\/imagazine.it\/wp-content\/uploads\/2024\/01\/39680-1.webp",391,260,false],"tileview":["https:\/\/imagazine.it\/wp-content\/uploads\/2024\/01\/39680-1.webp",300,200,false],"1536x1536":["https:\/\/imagazine.it\/wp-content\/uploads\/2024\/01\/39680-1.webp",1000,667,false],"2048x2048":["https:\/\/imagazine.it\/wp-content\/uploads\/2024\/01\/39680-1.webp",1000,667,false],"newsup-slider-full":["https:\/\/imagazine.it\/wp-content\/uploads\/2024\/01\/39680-1.webp",1000,667,false],"newsup-featured":["https:\/\/imagazine.it\/wp-content\/uploads\/2024\/01\/39680-1.webp",1000,667,false],"newsup-medium":["https:\/\/imagazine.it\/wp-content\/uploads\/2024\/01\/39680-1-720x380.webp",720,380,true],"tptn_thumbnail":["https:\/\/imagazine.it\/wp-content\/uploads\/2024\/01\/39680-1.webp",250,167,false],"sow-carousel-default":["https:\/\/imagazine.it\/wp-content\/uploads\/2024\/01\/39680-1-272x182.webp",272,182,true]},"rttpg_author":{"display_name":"redazione","author_link":"https:\/\/imagazine.it\/home_desk\/author\/redazione\/"},"rttpg_comment":0,"rttpg_category":"<a href=\"https:\/\/imagazine.it\/home_desk\/category\/cultura-e-spettacolo\/\" rel=\"category tag\">CULTURA&amp;SPETTACOLO<\/a>","rttpg_excerpt":"Prove iniziate nei giorni scorsi","_links":{"self":[{"href":"https:\/\/imagazine.it\/home_desk\/wp-json\/wp\/v2\/posts\/38835","targetHints":{"allow":["GET"]}}],"collection":[{"href":"https:\/\/imagazine.it\/home_desk\/wp-json\/wp\/v2\/posts"}],"about":[{"href":"https:\/\/imagazine.it\/home_desk\/wp-json\/wp\/v2\/types\/post"}],"author":[{"embeddable":true,"href":"https:\/\/imagazine.it\/home_desk\/wp-json\/wp\/v2\/users\/28"}],"replies":[{"embeddable":true,"href":"https:\/\/imagazine.it\/home_desk\/wp-json\/wp\/v2\/comments?post=38835"}],"version-history":[{"count":0,"href":"https:\/\/imagazine.it\/home_desk\/wp-json\/wp\/v2\/posts\/38835\/revisions"}],"wp:featuredmedia":[{"embeddable":true,"href":"https:\/\/imagazine.it\/home_desk\/wp-json\/wp\/v2\/media\/38836"}],"wp:attachment":[{"href":"https:\/\/imagazine.it\/home_desk\/wp-json\/wp\/v2\/media?parent=38835"}],"wp:term":[{"taxonomy":"category","embeddable":true,"href":"https:\/\/imagazine.it\/home_desk\/wp-json\/wp\/v2\/categories?post=38835"},{"taxonomy":"post_tag","embeddable":true,"href":"https:\/\/imagazine.it\/home_desk\/wp-json\/wp\/v2\/tags?post=38835"}],"curies":[{"name":"wp","href":"https:\/\/api.w.org\/{rel}","templated":true}]}}