{"id":38831,"date":"2021-05-03T00:00:00","date_gmt":"2021-05-02T23:00:00","guid":{"rendered":"https:\/\/imagazine.it\/?p=38831"},"modified":"2021-05-03T00:00:00","modified_gmt":"2021-05-02T23:00:00","slug":"cervignano-musica-danza-e-teatro-si-riprendono-il-pasolini","status":"publish","type":"post","link":"https:\/\/imagazine.it\/home_desk\/cervignano-musica-danza-e-teatro-si-riprendono-il-pasolini\/","title":{"rendered":"Cervignano: musica, danza e teatro si riprendono il Pasolini"},"content":{"rendered":"<p> \tDopo la ripresa delle proiezioni cinematografiche, da gioved\u00ec <strong>6 maggio<\/strong> al via al Teatro Pasolini di Cervignano del Friuli un calendario di sei appuntamenti con la riprogrammazione di alcuni momenti della <strong>stagione di prosa<\/strong>,<strong> danza <\/strong>(a cura di <strong>CSS Teatro stabile di innovazione del FVG<\/strong>) e<strong> musica <\/strong>(a cura di <strong>Euritmica<\/strong>), rivolti al pubblico e agli abbonati. Questi ultimi potranno accedervi utilizzando i voucher validi della propria tipologia di abbonamento (abbonati prosa e danza, abbonati musica e abbonati omnibus).<br \/> \tAi sei titoli riprogrammati in teatro seguiranno, <strong>nel corso dell\u2019estate altri 4 titoli al Parco Europa Unita<\/strong>, sempre fruibili dagli abbonati tramite i voucher residui.<\/p>\n<p> \tSi ricomincia con <strong><em>Fieste<\/em><\/strong>, l\u2019ultima commedia in lingua friulana del <strong>Teatro Incerto<\/strong> (inizio ore 20).<\/p>\n<p> \tSeguir\u00e0, il <strong>21 maggio <\/strong>(ore 20), <strong><em>In nome del padre<\/em><\/strong>, un\u2019indagine scenica di <strong>Mario Perrotta<\/strong> sulla figura del padre, scritta con la consulenza dello psicoanalista <strong>Massimo Recalcati<\/strong>.<\/p>\n<p> \tIl <strong>5 giugno<\/strong> (ore 20) la compagnia <strong>Arearea <\/strong>danzer\u00e0 <strong><em>Il Rovescio<\/em><\/strong>, una coreografia creata da <strong>Marta Bevilacqua<\/strong> per quattro danzatori: <strong>Alejandro Bonn, Angelica Margherita, Gioia Martinelli, Carolina Alessandra Valentini. <\/strong><\/p>\n<p> \tPer la prima volta nella storia del Teatro, uno spettacolo della stagione di prosa porter\u00e0 il pubblico del Pasolini in una location al di fuori del Teatro. \u00c8 quanto accadr\u00e0 per lo spettacolo <strong><em>Vanja a Cervignano<\/em><\/strong> che per tre giorni \u2013 il <strong>18-19-20 giugno (ore 19) <\/strong>\u2013 porter\u00e0 gruppi di 50 spettatori a replica negli spazi all\u2019aperto di <strong>Villa Vitas, a Strassoldo<\/strong>, per assistere all\u2019evolversi della vicenda al centro di \u201cZio Vanja\u201d di Cechov.<\/p>\n<p> \tIl <strong>27 maggio <\/strong>il programma musicale prosegue con l\u2019anteprima di una nuova produzione musicale dell\u2019associazione Euritmica: il <strong>trio Bearzatti-Colussi-Rinaldi<\/strong>, la voce di <strong>Claudia Grimaz <\/strong>e le parole di <strong>Valerio Marchi<\/strong>, in <strong><em>John Coltrane: \u201cA Love Supreme\u201d &#8211; Una musica tra terra e cielo\u2026 <\/em><\/strong><\/p>\n<p> \tIl <strong>10 giugno <\/strong>segna il ritorno di<strong> Cristina Don\u00e0 <\/strong>con il suo nuovo progetto <strong><em>Perpendicolare<\/em><\/strong><strong>. <\/strong>La performance \u00e8 un innesto tra il mondo musicale di Cristina e la danza del coreografo <strong>Daniele Ninarello<\/strong>, plasmati e cuciti insieme dal musicista e compositore <strong>Saverio Lanza<\/strong>.<\/p>\n<p> \t<strong>La biglietteria del Teatro Pasolini<\/strong>, in piazza Indipendenza, sar\u00e0 aperta con il seguente orario: marted\u00ec, mercoled\u00ec e venerd\u00ec ore 16-18, gioved\u00ec e sabato ore 10-12. Info: <u><a href=\"http:\/\/www.teatropasolini.it\/\" target=\"_blank\" rel=\"noopener\"><span style=\"color:#0000ff;\">www.teatropasolini.it<\/span><\/a><\/u><\/p>\n","protected":false},"excerpt":{"rendered":"<p>Riprogrammati sei spettacoli<\/p>\n","protected":false},"author":28,"featured_media":38832,"comment_status":"closed","ping_status":"closed","sticky":false,"template":"","format":"standard","meta":{"dwc-title":[],"dwc-content":[],"footnotes":""},"categories":[37],"tags":[],"class_list":["post-38831","post","type-post","status-publish","format-standard","has-post-thumbnail","hentry","category-cultura-e-spettacolo"],"rttpg_featured_image_url":{"full":["https:\/\/imagazine.it\/wp-content\/uploads\/2024\/01\/39654-1.webp",1000,667,false],"landscape":["https:\/\/imagazine.it\/wp-content\/uploads\/2024\/01\/39654-1.webp",1000,667,false],"portraits":["https:\/\/imagazine.it\/wp-content\/uploads\/2024\/01\/39654-1.webp",1000,667,false],"thumbnail":["https:\/\/imagazine.it\/wp-content\/uploads\/2024\/01\/39654-1-150x150.webp",150,150,true],"medium":["https:\/\/imagazine.it\/wp-content\/uploads\/2024\/01\/39654-1-300x200.webp",300,200,true],"large":["https:\/\/imagazine.it\/wp-content\/uploads\/2024\/01\/39654-1.webp",640,427,false],"thumblist":["https:\/\/imagazine.it\/wp-content\/uploads\/2024\/01\/39654-1.webp",300,200,false],"thumbrelated":["https:\/\/imagazine.it\/wp-content\/uploads\/2024\/01\/39654-1.webp",500,334,false],"meccarouselthumb":["https:\/\/imagazine.it\/wp-content\/uploads\/2024\/01\/39654-1.webp",474,316,false],"gridsquare":["https:\/\/imagazine.it\/wp-content\/uploads\/2024\/01\/39654-1.webp",391,260,false],"tileview":["https:\/\/imagazine.it\/wp-content\/uploads\/2024\/01\/39654-1.webp",300,200,false],"1536x1536":["https:\/\/imagazine.it\/wp-content\/uploads\/2024\/01\/39654-1.webp",1000,667,false],"2048x2048":["https:\/\/imagazine.it\/wp-content\/uploads\/2024\/01\/39654-1.webp",1000,667,false],"newsup-slider-full":["https:\/\/imagazine.it\/wp-content\/uploads\/2024\/01\/39654-1.webp",1000,667,false],"newsup-featured":["https:\/\/imagazine.it\/wp-content\/uploads\/2024\/01\/39654-1.webp",1000,667,false],"newsup-medium":["https:\/\/imagazine.it\/wp-content\/uploads\/2024\/01\/39654-1-720x380.webp",720,380,true],"tptn_thumbnail":["https:\/\/imagazine.it\/wp-content\/uploads\/2024\/01\/39654-1.webp",250,167,false],"sow-carousel-default":["https:\/\/imagazine.it\/wp-content\/uploads\/2024\/01\/39654-1-272x182.webp",272,182,true]},"rttpg_author":{"display_name":"redazione","author_link":"https:\/\/imagazine.it\/home_desk\/author\/redazione\/"},"rttpg_comment":0,"rttpg_category":"<a href=\"https:\/\/imagazine.it\/home_desk\/category\/cultura-e-spettacolo\/\" rel=\"category tag\">CULTURA&amp;SPETTACOLO<\/a>","rttpg_excerpt":"Riprogrammati sei spettacoli","_links":{"self":[{"href":"https:\/\/imagazine.it\/home_desk\/wp-json\/wp\/v2\/posts\/38831","targetHints":{"allow":["GET"]}}],"collection":[{"href":"https:\/\/imagazine.it\/home_desk\/wp-json\/wp\/v2\/posts"}],"about":[{"href":"https:\/\/imagazine.it\/home_desk\/wp-json\/wp\/v2\/types\/post"}],"author":[{"embeddable":true,"href":"https:\/\/imagazine.it\/home_desk\/wp-json\/wp\/v2\/users\/28"}],"replies":[{"embeddable":true,"href":"https:\/\/imagazine.it\/home_desk\/wp-json\/wp\/v2\/comments?post=38831"}],"version-history":[{"count":0,"href":"https:\/\/imagazine.it\/home_desk\/wp-json\/wp\/v2\/posts\/38831\/revisions"}],"wp:featuredmedia":[{"embeddable":true,"href":"https:\/\/imagazine.it\/home_desk\/wp-json\/wp\/v2\/media\/38832"}],"wp:attachment":[{"href":"https:\/\/imagazine.it\/home_desk\/wp-json\/wp\/v2\/media?parent=38831"}],"wp:term":[{"taxonomy":"category","embeddable":true,"href":"https:\/\/imagazine.it\/home_desk\/wp-json\/wp\/v2\/categories?post=38831"},{"taxonomy":"post_tag","embeddable":true,"href":"https:\/\/imagazine.it\/home_desk\/wp-json\/wp\/v2\/tags?post=38831"}],"curies":[{"name":"wp","href":"https:\/\/api.w.org\/{rel}","templated":true}]}}