{"id":38821,"date":"2021-04-30T00:00:00","date_gmt":"2021-04-29T23:00:00","guid":{"rendered":"https:\/\/imagazine.it\/?p=38821"},"modified":"2021-04-30T00:00:00","modified_gmt":"2021-04-29T23:00:00","slug":"casa-famiglia-per-anziani-al-posto-del-vecchio-albergo","status":"publish","type":"post","link":"https:\/\/imagazine.it\/home_desk\/casa-famiglia-per-anziani-al-posto-del-vecchio-albergo\/","title":{"rendered":"Casa famiglia per anziani al posto del vecchio albergo"},"content":{"rendered":"<p> \tDove c&#39;era un vecchio albergo ora sorger\u00e0 una moderna casa famiglia per anziani autosufficienti: \u00e8 questa la novit\u00e0 annunciata dalla cooperativa sociale Foenis (aderente a Confcooperative Pordenone) che da alcuni anni lavora al recupero di case private non utilizzate, per trasformarle in case per anziani.<\/p>\n<p> \tDopo averne aperte a Pordenone, Roveredo in Piano e Belluno, ora tocca ad <strong>Aviano<\/strong> a partire da maggio. Nasce infatti <strong>Casa Famiglia Alberina<\/strong>: questo il nome in onore della nonna dei proprietari dell&#39;immobile che ospita ancora in una sua parte l&#39;<em>Avian<\/em> <em>residence<\/em>. Si trova in via Dante 30, in una zona tranquilla in centro citt\u00e0.<\/p>\n<p> \tDisposta su tre livelli serviti da ascensore, prevede alcuni spazi comuni, come il salone, la cucina e i bagni di servizio e diverse camere da letto sia doppie che singole, tutte servite con bagni attrezzati. Il tutto con attenzione anche alla gestione degli spazi per evitare il contagio da coronavirus. Soddisfatta l&#39;amministrazione comunale.\u00a0<\/p>\n<p> \t\u201cIn questi anni ci siamo impegnati \u2013 spiega il presidente di Foenis, <strong>Piero Turchet<\/strong> \u2013 a favorire una visione della senilit\u00e0 in linea con i tempi, per rilanciare la persona anziana come parte attiva e valore aggiunto alla vita di comunit\u00e0. Gli spazi di casa Alberina ad Aviano sono molto generosi \u2013 ha illustrato \u2013 sia all\u2019interno che all\u2019esterno, e permettono lo svolgersi di numerosi eventi in cui coinvolgere gli anziani residenti ma anche, nella totale osservanza della normativa anti Covid-19 vigente, utenti esterni che vogliono avvicinarsi al mondo della casa famiglia&#8221;.\u00a0<\/p>\n<p> \tI pasti vengono gestiti da aziende esterne, ma elaborati in struttura e serviti dal personale della cooperativa. Ci sono inoltre aree relax ampie e luminose. Massima attenzione agli aspetti legati alla prevenzione del contagio da coronavirus.\u00a0<\/p>\n<p> \t&#8220;Per essere preparati \u2013 aggiunge Turchet \u2013 abbiamo adibito tutta una porzione della casa alle quarantene in ingresso in struttura o come spazio isolato per gestire eventuali casi di coronavirus. Il tutto con un servizio articolato sulle 24 ore, con assistenza continua incentrata sulla cura. Vi \u00e8 quindi la possibilit\u00e0 di soggiornare anche per brevi periodi, con la possibilit\u00e0 di partecipare ad attivit\u00e0 occupazionali, di socializzazione e stimolazione cognitiva, oltre a momenti di integrazione. Speriamo anche \u2013 ha concluso Turchet &#8211; di poter presto far partire, come \u00e8 stato fatto in altre case prima dell&#39;emergenza sanitaria, progetti di attivit\u00e0 motoria coadiuvati dal Distretto Sanitario di Riabilitazione Territoriale\u201d.\u00a0<\/p>\n<p> \tLa struttura avianese ospiter\u00e0 20 anziani autosufficienti all&#39;interno di spazi comuni ma anche privati, nei quali gli ospiti saranno seguiti costantemente, pure di notte, avendo facilit\u00e0 di socializzazione in un ambiente famigliare con rette mensili vantaggiose (informazioni e contatti su\u00a0<u><a href=\"http:\/\/www.cooperativasocialefoenis.it\/\" target=\"_blank\" rel=\"noopener\"><span style=\"color:#0000ff;\">www.cooperativasocialefoenis.it<\/span><\/a><\/u>, apertura a partire da maggio).<\/p>\n<p> \t\u201cFoenis \u2013 ha commentato il presidente di Confcooperative Pordenone, <strong>Luigi Piccoli<\/strong> \u2013 aggiunge Aviano alla sua serie di casa famiglia incentrata sulla cooperazione, attenta ai valori sociali dei servizi che attiva. Con il nostro direttore Marco Bagnariol e i nostri uffici l&#39;abbiamo supportata nei vari progetti in questi anni, consci che questa soluzione alternativa alla casa di riposo o alla solitudine domestica \u00e8 un servizio importante per le famiglie, le quali soprattutto in seguito all&#39;epidemia da coronavirus sono in grande difficolt\u00e0 nella gestione dei propri anziani\u201d.\u00a0<\/p>\n<p> \t\u201cUn progetto che punta all&#39;inclusivit\u00e0, valore in cui l&#39;amministrazione comunale crede molto \u2013 sottolinea l&#39;assessore comunale alle politiche sociali di Aviano, <strong>Danilo Signore<\/strong> \u2013 offrendo un servizio utile in questi momenti difficili alle famiglie e rigenerando allo stesso tempo uno spazio urbano gi\u00e0 esistente senza consumare nuovo suolo\u201d.<\/p>\n","protected":false},"excerpt":{"rendered":"<p>Progetto della cooperativa sociale Foenis<\/p>\n","protected":false},"author":28,"featured_media":38822,"comment_status":"closed","ping_status":"closed","sticky":false,"template":"","format":"standard","meta":{"dwc-title":[],"dwc-content":[],"footnotes":""},"categories":[5],"tags":[],"class_list":["post-38821","post","type-post","status-publish","format-standard","has-post-thumbnail","hentry","category-attualita"],"rttpg_featured_image_url":{"full":["https:\/\/imagazine.it\/wp-content\/uploads\/2024\/01\/39611-1.webp",1000,750,false],"landscape":["https:\/\/imagazine.it\/wp-content\/uploads\/2024\/01\/39611-1.webp",1000,750,false],"portraits":["https:\/\/imagazine.it\/wp-content\/uploads\/2024\/01\/39611-1.webp",1000,750,false],"thumbnail":["https:\/\/imagazine.it\/wp-content\/uploads\/2024\/01\/39611-1-150x150.webp",150,150,true],"medium":["https:\/\/imagazine.it\/wp-content\/uploads\/2024\/01\/39611-1-300x225.webp",300,225,true],"large":["https:\/\/imagazine.it\/wp-content\/uploads\/2024\/01\/39611-1.webp",640,480,false],"thumblist":["https:\/\/imagazine.it\/wp-content\/uploads\/2024\/01\/39611-1.webp",300,225,false],"thumbrelated":["https:\/\/imagazine.it\/wp-content\/uploads\/2024\/01\/39611-1.webp",500,375,false],"meccarouselthumb":["https:\/\/imagazine.it\/wp-content\/uploads\/2024\/01\/39611-1.webp",432,324,false],"gridsquare":["https:\/\/imagazine.it\/wp-content\/uploads\/2024\/01\/39611-1.webp",347,260,false],"tileview":["https:\/\/imagazine.it\/wp-content\/uploads\/2024\/01\/39611-1.webp",300,225,false],"1536x1536":["https:\/\/imagazine.it\/wp-content\/uploads\/2024\/01\/39611-1.webp",1000,750,false],"2048x2048":["https:\/\/imagazine.it\/wp-content\/uploads\/2024\/01\/39611-1.webp",1000,750,false],"newsup-slider-full":["https:\/\/imagazine.it\/wp-content\/uploads\/2024\/01\/39611-1-1000x720.webp",1000,720,true],"newsup-featured":["https:\/\/imagazine.it\/wp-content\/uploads\/2024\/01\/39611-1.webp",1000,750,false],"newsup-medium":["https:\/\/imagazine.it\/wp-content\/uploads\/2024\/01\/39611-1-720x380.webp",720,380,true],"tptn_thumbnail":["https:\/\/imagazine.it\/wp-content\/uploads\/2024\/01\/39611-1.webp",250,188,false],"sow-carousel-default":["https:\/\/imagazine.it\/wp-content\/uploads\/2024\/01\/39611-1-272x182.webp",272,182,true]},"rttpg_author":{"display_name":"redazione","author_link":"https:\/\/imagazine.it\/home_desk\/author\/redazione\/"},"rttpg_comment":0,"rttpg_category":"<a href=\"https:\/\/imagazine.it\/home_desk\/category\/attualita\/\" rel=\"category tag\">ATTUALIT\u00c0<\/a>","rttpg_excerpt":"Progetto della cooperativa sociale Foenis","_links":{"self":[{"href":"https:\/\/imagazine.it\/home_desk\/wp-json\/wp\/v2\/posts\/38821","targetHints":{"allow":["GET"]}}],"collection":[{"href":"https:\/\/imagazine.it\/home_desk\/wp-json\/wp\/v2\/posts"}],"about":[{"href":"https:\/\/imagazine.it\/home_desk\/wp-json\/wp\/v2\/types\/post"}],"author":[{"embeddable":true,"href":"https:\/\/imagazine.it\/home_desk\/wp-json\/wp\/v2\/users\/28"}],"replies":[{"embeddable":true,"href":"https:\/\/imagazine.it\/home_desk\/wp-json\/wp\/v2\/comments?post=38821"}],"version-history":[{"count":0,"href":"https:\/\/imagazine.it\/home_desk\/wp-json\/wp\/v2\/posts\/38821\/revisions"}],"wp:featuredmedia":[{"embeddable":true,"href":"https:\/\/imagazine.it\/home_desk\/wp-json\/wp\/v2\/media\/38822"}],"wp:attachment":[{"href":"https:\/\/imagazine.it\/home_desk\/wp-json\/wp\/v2\/media?parent=38821"}],"wp:term":[{"taxonomy":"category","embeddable":true,"href":"https:\/\/imagazine.it\/home_desk\/wp-json\/wp\/v2\/categories?post=38821"},{"taxonomy":"post_tag","embeddable":true,"href":"https:\/\/imagazine.it\/home_desk\/wp-json\/wp\/v2\/tags?post=38821"}],"curies":[{"name":"wp","href":"https:\/\/api.w.org\/{rel}","templated":true}]}}