{"id":38815,"date":"2021-04-30T00:00:00","date_gmt":"2021-04-29T23:00:00","guid":{"rendered":"https:\/\/imagazine.it\/?p=38815"},"modified":"2021-04-30T00:00:00","modified_gmt":"2021-04-29T23:00:00","slug":"epilessia-trieste-e-gorizia-in-prima-linea","status":"publish","type":"post","link":"https:\/\/imagazine.it\/home_desk\/epilessia-trieste-e-gorizia-in-prima-linea\/","title":{"rendered":"Epilessia, Trieste e Gorizia in prima linea"},"content":{"rendered":"<p> \t<strong>Domenica 2 maggio<\/strong> ricorre la <strong>Giornata nazionale sull\u2019epilessia<\/strong>, una delle principali patologie neurologiche che pu\u00f2 esordire a tutte le et\u00e0, anche se i maggiori picchi d\u2019incidenza si hanno nei bambini e negli anziani. Interessa circa 1 persona su 100: si stima che in Italia ne siano affette tra le 500.000 e le 600.000 persone.<\/p>\n<p> \tNella maggior parte dei casi pu\u00f2 essere ben controllata utilizzando farmaci specifici e attuando alcuni accorgimenti nella propria quotidianit\u00e0, garantendo una buona qualit\u00e0 di vita. A tal scopo \u00e8 fondamentale un corretto inquadramento diagnostico e terapeutico. Per questo \u00e8 importante farsi seguire da un Centro dedicato, rispettando scrupolosamente le indicazioni poste dagli specialisti.<\/p>\n<p> \tNell\u2019Azienda Sanitaria Universitaria Giuliano Isontina (ASUGI), nell\u2019ambito della Clinica Neurologica guidata dal professor <strong>Paolo Manganotti<\/strong> \u00e8 attivo ormai da molti anni il Centro per la Diagnosi e la Cura dell\u2019Epilessia, gestito dal dottor <strong>David Stokelj<\/strong> e dalla dottoressa <strong>Marinella Tomaselli<\/strong>.\u00a0 L\u2019ambulatorio, dedicato sia alle prime visite che alle visite di controllo per il follow up dei pazienti in cronico, ha in carico circa 500 pazienti, provenienti sia dalla provincia di <strong>Trieste<\/strong> che da altre fuori provincia, garantisce pi\u00f9 di 600 visite annuali.<\/p>\n<p> \tOltre a tale attivit\u00e0 vengono eseguiti ricoveri programmati in Clinica Neurologica per l\u2019esecuzione della videoEEG o della High Density EEG, esami molto utili nella fase diagnostica. Sempre per quel che riguarda la fase diagnostica, in collaborazione con la locale Radiologia e con la Medicina Nucleare, i pazienti possono essere studiati con RM encefalo a 3 Tesla e con Tomografia ad emissione di positroni (PET) in modo da garantire un iter diagnostico completo.<\/p>\n<p> \tVi \u00e8 inoltre una stretta collaborazione con la Ginecologia del Burlo Garofolo per la gestione delle pazienti epilettiche in corso di gravidanza (Gravidanze a rischio).<\/p>\n<p> \tLe visite ambulatoriali possono essere prenotate tramite il CUP con impegnativa del MMG.<\/p>\n<p> \tPer quanto riguarda la SC di Neurologia dell&#39;Ospedale di <strong>Gorizia<\/strong>, vengono seguiti pazienti affetti da epilessia presso l&#39;ambulatorio dedicato (ambulatorio Epilessia).<\/p>\n<p> \tLe visite (prime visite o controlli) sono prenotabili mediante impegnativa del Medico di Medicina Generale o di altri Specialisti tramite telefonata alla nostra Segreteria (0481 592099). La richiesta di visita viene solitamente fatta nel momento in cui il paziente presenti dei sintomi, riferiti al medico curante o dopo accesso in pronto soccorso, sospetti per crisi epilettica.<\/p>\n<p> \tPresso la struttura vengono inoltre effettuati gli accertamenti neurofisiologici per la diagnosi ed il follow-up della patologia (elettroencefalogramma standard ed elettroencefalogramma in deprivazione ipnica).<\/p>\n","protected":false},"excerpt":{"rendered":"<p>Il 2 maggio la Giornata nazionale<\/p>\n","protected":false},"author":28,"featured_media":38816,"comment_status":"closed","ping_status":"closed","sticky":false,"template":"","format":"standard","meta":{"dwc-title":[],"dwc-content":[],"footnotes":""},"categories":[6],"tags":[],"class_list":["post-38815","post","type-post","status-publish","format-standard","has-post-thumbnail","hentry","category-societa"],"rttpg_featured_image_url":{"full":["https:\/\/imagazine.it\/wp-content\/uploads\/2024\/01\/39603-1.webp",1280,904,false],"landscape":["https:\/\/imagazine.it\/wp-content\/uploads\/2024\/01\/39603-1.webp",1280,904,false],"portraits":["https:\/\/imagazine.it\/wp-content\/uploads\/2024\/01\/39603-1.webp",1280,904,false],"thumbnail":["https:\/\/imagazine.it\/wp-content\/uploads\/2024\/01\/39603-1-150x150.webp",150,150,true],"medium":["https:\/\/imagazine.it\/wp-content\/uploads\/2024\/01\/39603-1-300x212.webp",300,212,true],"large":["https:\/\/imagazine.it\/wp-content\/uploads\/2024\/01\/39603-1-1024x723.webp",640,452,true],"thumblist":["https:\/\/imagazine.it\/wp-content\/uploads\/2024\/01\/39603-1.webp",300,212,false],"thumbrelated":["https:\/\/imagazine.it\/wp-content\/uploads\/2024\/01\/39603-1.webp",500,353,false],"meccarouselthumb":["https:\/\/imagazine.it\/wp-content\/uploads\/2024\/01\/39603-1.webp",459,324,false],"gridsquare":["https:\/\/imagazine.it\/wp-content\/uploads\/2024\/01\/39603-1.webp",368,260,false],"tileview":["https:\/\/imagazine.it\/wp-content\/uploads\/2024\/01\/39603-1.webp",300,212,false],"1536x1536":["https:\/\/imagazine.it\/wp-content\/uploads\/2024\/01\/39603-1.webp",1280,904,false],"2048x2048":["https:\/\/imagazine.it\/wp-content\/uploads\/2024\/01\/39603-1.webp",1280,904,false],"newsup-slider-full":["https:\/\/imagazine.it\/wp-content\/uploads\/2024\/01\/39603-1-1280x720.webp",1280,720,true],"newsup-featured":["https:\/\/imagazine.it\/wp-content\/uploads\/2024\/01\/39603-1-1024x723.webp",1024,723,true],"newsup-medium":["https:\/\/imagazine.it\/wp-content\/uploads\/2024\/01\/39603-1-720x380.webp",720,380,true],"tptn_thumbnail":["https:\/\/imagazine.it\/wp-content\/uploads\/2024\/01\/39603-1.webp",250,177,false],"sow-carousel-default":["https:\/\/imagazine.it\/wp-content\/uploads\/2024\/01\/39603-1-272x182.webp",272,182,true]},"rttpg_author":{"display_name":"redazione","author_link":"https:\/\/imagazine.it\/home_desk\/author\/redazione\/"},"rttpg_comment":0,"rttpg_category":"<a href=\"https:\/\/imagazine.it\/home_desk\/category\/societa\/\" rel=\"category tag\">SOCIET\u00c0<\/a>","rttpg_excerpt":"Il 2 maggio la Giornata nazionale","_links":{"self":[{"href":"https:\/\/imagazine.it\/home_desk\/wp-json\/wp\/v2\/posts\/38815","targetHints":{"allow":["GET"]}}],"collection":[{"href":"https:\/\/imagazine.it\/home_desk\/wp-json\/wp\/v2\/posts"}],"about":[{"href":"https:\/\/imagazine.it\/home_desk\/wp-json\/wp\/v2\/types\/post"}],"author":[{"embeddable":true,"href":"https:\/\/imagazine.it\/home_desk\/wp-json\/wp\/v2\/users\/28"}],"replies":[{"embeddable":true,"href":"https:\/\/imagazine.it\/home_desk\/wp-json\/wp\/v2\/comments?post=38815"}],"version-history":[{"count":0,"href":"https:\/\/imagazine.it\/home_desk\/wp-json\/wp\/v2\/posts\/38815\/revisions"}],"wp:featuredmedia":[{"embeddable":true,"href":"https:\/\/imagazine.it\/home_desk\/wp-json\/wp\/v2\/media\/38816"}],"wp:attachment":[{"href":"https:\/\/imagazine.it\/home_desk\/wp-json\/wp\/v2\/media?parent=38815"}],"wp:term":[{"taxonomy":"category","embeddable":true,"href":"https:\/\/imagazine.it\/home_desk\/wp-json\/wp\/v2\/categories?post=38815"},{"taxonomy":"post_tag","embeddable":true,"href":"https:\/\/imagazine.it\/home_desk\/wp-json\/wp\/v2\/tags?post=38815"}],"curies":[{"name":"wp","href":"https:\/\/api.w.org\/{rel}","templated":true}]}}