{"id":38811,"date":"2021-04-30T00:00:00","date_gmt":"2021-04-29T23:00:00","guid":{"rendered":"https:\/\/imagazine.it\/?p=38811"},"modified":"2021-04-30T00:00:00","modified_gmt":"2021-04-29T23:00:00","slug":"cividale-riaprono-tutti-i-musei-cittadini","status":"publish","type":"post","link":"https:\/\/imagazine.it\/home_desk\/cividale-riaprono-tutti-i-musei-cittadini\/","title":{"rendered":"Cividale, riaprono tutti i musei cittadini"},"content":{"rendered":"<p> \tDa sabato 1 maggio a <strong>Cividale del Friuli<\/strong> tutti i musei saranno riaperti al pubblico.<\/p>\n<p> \tAl Museo Archeologico Nazionale e al Parco dei Rapaci, gi\u00e0 riaperti da qualche giorno, si aggiungeranno i tre musei comunali, il <strong>Museo Cristiano<\/strong> <strong>e Tesoro del Duomo<\/strong>, il <strong>Museo della Grande Guerra<\/strong>.<\/p>\n<p> \t\u201cSempre prudenti, ma importanti segni di ripartenza, con tutti i relativi protocolli Covid per un accesso in piena sicurezza sia per i visitatori sia per i lavoratori\u201d, spiega <strong>Angela Zappulla<\/strong>, referente per la Cultura. Inoltre \u201cabbiamo deciso di offrire a tutti i visitatori l\u2019accesso gratuito al Monastero di Santa Maria in Valle col Tempietto Longobardo, al CIPS e alla Collezione famiglia De Martiis \u2013 commenta Zappulla \u2013 quale invito, dopo tanti mesi, a ritornare ad ammirare le opere d\u2019arte e ad arricchirci di cultura\u201d.<\/p>\n<p> \tQui di seguito, quindi, tutti gli orari e le informazioni sui musei comunali.<\/p>\n<p> \tIl <strong>Monastero di Santa Maria in Valle con il Tempietto Longobardo<\/strong> e il <strong>C.I.P.S<\/strong>. saranno aperti dal luned\u00ec al venerd\u00ec con orario10-13 e 15-18, sabato, domenica e festivi 10-18; l\u2019ingresso \u00e8 a pagamento con prenotazione contattando la biglietteria del Monastero\/Tempietto o tramite la biglietteria Vivaticket online. Gioved\u00ec gratis con obbligo di prenotazione contattando la biglietteria del Monastero\/Tempietto tel. 0432 700867 o sempre su Vivaticket.<\/p>\n<p> \tLa <strong>Collezione Famiglia De Martiis<\/strong> a Palazzo de Nordis sar\u00e0 aperta, per il mese di maggio, nelle giornate di gioved\u00ec e venerd\u00ec con orario 10-13 e 15-18, sabato e domenica 10-18. L\u2019ingresso \u00e8 a pagamento con prenotazione contattando la biglietteria di Palazzo de Nordis o tramite la biglietteria online Vivaticket; il gioved\u00ec \u00e8 gratis con obbligo di prenotazione contattando la biglietteria di Palazzo de Nordis al tel. 0432 710357.<\/p>\n<p> \tIl <strong>Museo Archeologico Nazionale<\/strong> \u00e8 aperto ogni giorno come segue: luned\u00ec 9-14; da marted\u00ec a domenica 8.30-19.30; per info tel. 0432 700700.<\/p>\n<p> \tIl <strong>Museo Cristiano e Tesoro del Duomo<\/strong> sar\u00e0 aperto da venerd\u00ec a domenica con orario 10-13 e 15-18 e da luned\u00ec al gioved\u00ec solo su prenotazione per minimo 5 pax (per info e prenotazioni tel. 0432 730403).<\/p>\n<p> \tIl <strong>Museo della Grande Guerra<\/strong> riapre ogni sabato e domenica con orario 9-12.30 e 15-18.30\u00a0<\/p>\n<p> \tPer info e prenotazioni tel. \u00a0338 2213037.<\/p>\n<p> \tIl <strong>Parco Acrobati del Sole<\/strong> \u00e8 aperto tutti i giorni dalle 10 alle 18 (info tel. 0432 1901099).<\/p>\n<p> \t<strong>L\u2019Informacitt\u00e0<\/strong> di Cividale del Friuli \u00e8 gi\u00e0 aperto presso Palazzo de Nordis in piazza Duomo ogni giorno dalle 10 alle 13 e dalle 15 alle 17. Il telefono \u00e8 0432 710460 e la mail \u00e8 <a href=\"https:\/\/posta.um.fvg.it\/owa\/redir.aspx?C=5jH6yCHPGe4BA2uXxTPS8nEtkBZ8mdaWEv-xdUj1PIFuTAMyqwvZCA..&#038;URL=mailto%3ainformacitta%40cividale.net\" target=\"_blank\" rel=\"noopener\">informacitta@cividale.net<\/a>.<\/p>\n","protected":false},"excerpt":{"rendered":"<p>Da sabato 1 maggio<\/p>\n","protected":false},"author":28,"featured_media":38812,"comment_status":"closed","ping_status":"closed","sticky":false,"template":"","format":"standard","meta":{"dwc-title":[],"dwc-content":[],"footnotes":""},"categories":[37],"tags":[],"class_list":["post-38811","post","type-post","status-publish","format-standard","has-post-thumbnail","hentry","category-cultura-e-spettacolo"],"rttpg_featured_image_url":{"full":["https:\/\/imagazine.it\/wp-content\/uploads\/2024\/01\/39593-1.webp",800,534,false],"landscape":["https:\/\/imagazine.it\/wp-content\/uploads\/2024\/01\/39593-1.webp",800,534,false],"portraits":["https:\/\/imagazine.it\/wp-content\/uploads\/2024\/01\/39593-1.webp",800,534,false],"thumbnail":["https:\/\/imagazine.it\/wp-content\/uploads\/2024\/01\/39593-1-150x150.webp",150,150,true],"medium":["https:\/\/imagazine.it\/wp-content\/uploads\/2024\/01\/39593-1-300x200.webp",300,200,true],"large":["https:\/\/imagazine.it\/wp-content\/uploads\/2024\/01\/39593-1.webp",640,427,false],"thumblist":["https:\/\/imagazine.it\/wp-content\/uploads\/2024\/01\/39593-1.webp",300,200,false],"thumbrelated":["https:\/\/imagazine.it\/wp-content\/uploads\/2024\/01\/39593-1.webp",500,334,false],"meccarouselthumb":["https:\/\/imagazine.it\/wp-content\/uploads\/2024\/01\/39593-1.webp",474,316,false],"gridsquare":["https:\/\/imagazine.it\/wp-content\/uploads\/2024\/01\/39593-1.webp",391,260,false],"tileview":["https:\/\/imagazine.it\/wp-content\/uploads\/2024\/01\/39593-1.webp",300,200,false],"1536x1536":["https:\/\/imagazine.it\/wp-content\/uploads\/2024\/01\/39593-1.webp",800,534,false],"2048x2048":["https:\/\/imagazine.it\/wp-content\/uploads\/2024\/01\/39593-1.webp",800,534,false],"newsup-slider-full":["https:\/\/imagazine.it\/wp-content\/uploads\/2024\/01\/39593-1.webp",800,534,false],"newsup-featured":["https:\/\/imagazine.it\/wp-content\/uploads\/2024\/01\/39593-1.webp",800,534,false],"newsup-medium":["https:\/\/imagazine.it\/wp-content\/uploads\/2024\/01\/39593-1-720x380.webp",720,380,true],"tptn_thumbnail":["https:\/\/imagazine.it\/wp-content\/uploads\/2024\/01\/39593-1.webp",250,167,false],"sow-carousel-default":["https:\/\/imagazine.it\/wp-content\/uploads\/2024\/01\/39593-1-272x182.webp",272,182,true]},"rttpg_author":{"display_name":"redazione","author_link":"https:\/\/imagazine.it\/home_desk\/author\/redazione\/"},"rttpg_comment":0,"rttpg_category":"<a href=\"https:\/\/imagazine.it\/home_desk\/category\/cultura-e-spettacolo\/\" rel=\"category tag\">CULTURA&amp;SPETTACOLO<\/a>","rttpg_excerpt":"Da sabato 1 maggio","_links":{"self":[{"href":"https:\/\/imagazine.it\/home_desk\/wp-json\/wp\/v2\/posts\/38811","targetHints":{"allow":["GET"]}}],"collection":[{"href":"https:\/\/imagazine.it\/home_desk\/wp-json\/wp\/v2\/posts"}],"about":[{"href":"https:\/\/imagazine.it\/home_desk\/wp-json\/wp\/v2\/types\/post"}],"author":[{"embeddable":true,"href":"https:\/\/imagazine.it\/home_desk\/wp-json\/wp\/v2\/users\/28"}],"replies":[{"embeddable":true,"href":"https:\/\/imagazine.it\/home_desk\/wp-json\/wp\/v2\/comments?post=38811"}],"version-history":[{"count":0,"href":"https:\/\/imagazine.it\/home_desk\/wp-json\/wp\/v2\/posts\/38811\/revisions"}],"wp:featuredmedia":[{"embeddable":true,"href":"https:\/\/imagazine.it\/home_desk\/wp-json\/wp\/v2\/media\/38812"}],"wp:attachment":[{"href":"https:\/\/imagazine.it\/home_desk\/wp-json\/wp\/v2\/media?parent=38811"}],"wp:term":[{"taxonomy":"category","embeddable":true,"href":"https:\/\/imagazine.it\/home_desk\/wp-json\/wp\/v2\/categories?post=38811"},{"taxonomy":"post_tag","embeddable":true,"href":"https:\/\/imagazine.it\/home_desk\/wp-json\/wp\/v2\/tags?post=38811"}],"curies":[{"name":"wp","href":"https:\/\/api.w.org\/{rel}","templated":true}]}}