{"id":38809,"date":"2021-04-30T00:00:00","date_gmt":"2021-04-29T23:00:00","guid":{"rendered":"https:\/\/imagazine.it\/?p=38809"},"modified":"2021-04-30T00:00:00","modified_gmt":"2021-04-29T23:00:00","slug":"pordenonelegge-riapre-la-ricerca-degli-angeli","status":"publish","type":"post","link":"https:\/\/imagazine.it\/home_desk\/pordenonelegge-riapre-la-ricerca-degli-angeli\/","title":{"rendered":"Pordenonelegge riapre la ricerca degli Angeli"},"content":{"rendered":"<p> \t<strong>Angeli di pordenonelegge, si riparte<\/strong>: dopo un anno di sospensione nel reclutamento dei nuovi volontari della Festa del Libro con gli Autori \u2013 un \u201cunicum\u201d nella storia del festival, legato all\u2019irruzione della pandemia nella primavera 2020 \u2013 <strong>dal 3 maggio ci si potr\u00e0 nuovamente candidare per affiancare gli oltre 150 Angeli attualmente \u201cdi ruolo\u201d <\/strong>ed entrare nelle fila dei giovani che offrono un contributo alla macchina organizzativa della Festa del Libro con gli Autori promossa da <strong>Fondazione Pordenonelegge. <\/strong><\/p>\n<p> \tVestiti nell\u2019ormai celebre<strong> maglietta gialla con due grandi ali bianche, <\/strong>gli Angeli di pordenonelegge tornano quindi a volare per la 22^ edizione del festival, in programma dal 15 al 19 settembre. L\u2019esperienza nasce dall\u2019approccio di \u201ccura\u201d diventato tratto distintivo di pordenonelegge, che vuole <strong>garantire un\u2019attenzione dedicata a tutti i fruitori della manifestazione<\/strong>.<\/p>\n<p> \tE <strong>dall\u2019edizione 2020 \u201ccura\u201d significa anche presidio della sicurezza del pubblico<\/strong>, attenzione nel rispetto delle procedure previste per la fruizione degli eventi in tempo pandemico: <strong>una responsabilit\u00e0 che gli Angeli di pordenonelegge hanno gestito e gestiranno<\/strong> attraverso la formazione erogata dal festival e le competenze specifiche che molti giovani hanno voluto implementare, anche per proprio conto.<\/p>\n<p> \t<strong>Potranno candidarsi, da luned\u00ec 3 maggio ed entro venerd\u00ec 14 maggio, i giovani da 16 a 25 anni<\/strong> &#8211; compiuti e non superati &#8211; in possesso dell\u2019attestato dei corsi di sicurezza obbligatori. <strong>Saranno raccolte solo le prime 80 candidature<\/strong>, e subito dopo scatter\u00e0 la fase di <strong>selezione, per la prima volta programmata solo online<\/strong>, che andr\u00e0 a scegliere un numero di angeli congruo alle necessit\u00e0 effettive del festival, e che coinvolger\u00e0 nelle interviste curate dal personale della Fondazione anche alcuni angeli \u201csenior\u201d.<\/p>\n<p> \t\u00abCerchiamo candidati di \u201cgentile\u201d perspicacia &#8211; spiega il Direttore di Fondazione Pordenonelegge<strong>, Michela Zin<\/strong> -. La prontezza e precisione dei nostri Angeli deve andare di pari passo con la garbatezza, il sorriso, la disponibilit\u00e0 a rapportarsi alle esigenze del pubblico e degli ospiti del festival. <strong>Ogni Angelo \u00e8 parte di pordenonelegge e ciascuno diventa quindi \u201cambasciatore\u201d della festa del Libro.<\/strong> Il comportamento di ciascuno \u00e8 elemento essenziale e contribuisce a caratterizzare <strong>l\u2019identit\u00e0 complessiva di pordenonelegge<\/strong>\u00bb.<\/p>\n<p> \t<strong>Il modulo da compilare per inviare la propria candidatura sar\u00e0 disponibile sul sito <u><a href=\"http:\/\/www.pordenonelegge.it\" target=\"_blank\" rel=\"noopener\"><span style=\"color:#0000ff;\">www.pordenonelegge.it<\/span><\/a><\/u> dal 3 maggio<\/strong>, per dettagli e informazioni una mail dedicata: <a href=\"mailto:angeli@pordenonelegge.it\">angeli@pordenonelegge.it<\/a> Tel. 0434 1573200.<\/p>\n","protected":false},"excerpt":{"rendered":"<p>A partire dal 3 maggio<\/p>\n","protected":false},"author":28,"featured_media":38810,"comment_status":"closed","ping_status":"closed","sticky":false,"template":"","format":"standard","meta":{"dwc-title":[],"dwc-content":[],"footnotes":""},"categories":[37],"tags":[],"class_list":["post-38809","post","type-post","status-publish","format-standard","has-post-thumbnail","hentry","category-cultura-e-spettacolo"],"rttpg_featured_image_url":{"full":["https:\/\/imagazine.it\/wp-content\/uploads\/2024\/01\/39592-1.webp",1000,667,false],"landscape":["https:\/\/imagazine.it\/wp-content\/uploads\/2024\/01\/39592-1.webp",1000,667,false],"portraits":["https:\/\/imagazine.it\/wp-content\/uploads\/2024\/01\/39592-1.webp",1000,667,false],"thumbnail":["https:\/\/imagazine.it\/wp-content\/uploads\/2024\/01\/39592-1-150x150.webp",150,150,true],"medium":["https:\/\/imagazine.it\/wp-content\/uploads\/2024\/01\/39592-1-300x200.webp",300,200,true],"large":["https:\/\/imagazine.it\/wp-content\/uploads\/2024\/01\/39592-1.webp",640,427,false],"thumblist":["https:\/\/imagazine.it\/wp-content\/uploads\/2024\/01\/39592-1.webp",300,200,false],"thumbrelated":["https:\/\/imagazine.it\/wp-content\/uploads\/2024\/01\/39592-1.webp",500,334,false],"meccarouselthumb":["https:\/\/imagazine.it\/wp-content\/uploads\/2024\/01\/39592-1.webp",474,316,false],"gridsquare":["https:\/\/imagazine.it\/wp-content\/uploads\/2024\/01\/39592-1.webp",391,260,false],"tileview":["https:\/\/imagazine.it\/wp-content\/uploads\/2024\/01\/39592-1.webp",300,200,false],"1536x1536":["https:\/\/imagazine.it\/wp-content\/uploads\/2024\/01\/39592-1.webp",1000,667,false],"2048x2048":["https:\/\/imagazine.it\/wp-content\/uploads\/2024\/01\/39592-1.webp",1000,667,false],"newsup-slider-full":["https:\/\/imagazine.it\/wp-content\/uploads\/2024\/01\/39592-1.webp",1000,667,false],"newsup-featured":["https:\/\/imagazine.it\/wp-content\/uploads\/2024\/01\/39592-1.webp",1000,667,false],"newsup-medium":["https:\/\/imagazine.it\/wp-content\/uploads\/2024\/01\/39592-1-720x380.webp",720,380,true],"tptn_thumbnail":["https:\/\/imagazine.it\/wp-content\/uploads\/2024\/01\/39592-1.webp",250,167,false],"sow-carousel-default":["https:\/\/imagazine.it\/wp-content\/uploads\/2024\/01\/39592-1-272x182.webp",272,182,true]},"rttpg_author":{"display_name":"redazione","author_link":"https:\/\/imagazine.it\/home_desk\/author\/redazione\/"},"rttpg_comment":0,"rttpg_category":"<a href=\"https:\/\/imagazine.it\/home_desk\/category\/cultura-e-spettacolo\/\" rel=\"category tag\">CULTURA&amp;SPETTACOLO<\/a>","rttpg_excerpt":"A partire dal 3 maggio","_links":{"self":[{"href":"https:\/\/imagazine.it\/home_desk\/wp-json\/wp\/v2\/posts\/38809","targetHints":{"allow":["GET"]}}],"collection":[{"href":"https:\/\/imagazine.it\/home_desk\/wp-json\/wp\/v2\/posts"}],"about":[{"href":"https:\/\/imagazine.it\/home_desk\/wp-json\/wp\/v2\/types\/post"}],"author":[{"embeddable":true,"href":"https:\/\/imagazine.it\/home_desk\/wp-json\/wp\/v2\/users\/28"}],"replies":[{"embeddable":true,"href":"https:\/\/imagazine.it\/home_desk\/wp-json\/wp\/v2\/comments?post=38809"}],"version-history":[{"count":0,"href":"https:\/\/imagazine.it\/home_desk\/wp-json\/wp\/v2\/posts\/38809\/revisions"}],"wp:featuredmedia":[{"embeddable":true,"href":"https:\/\/imagazine.it\/home_desk\/wp-json\/wp\/v2\/media\/38810"}],"wp:attachment":[{"href":"https:\/\/imagazine.it\/home_desk\/wp-json\/wp\/v2\/media?parent=38809"}],"wp:term":[{"taxonomy":"category","embeddable":true,"href":"https:\/\/imagazine.it\/home_desk\/wp-json\/wp\/v2\/categories?post=38809"},{"taxonomy":"post_tag","embeddable":true,"href":"https:\/\/imagazine.it\/home_desk\/wp-json\/wp\/v2\/tags?post=38809"}],"curies":[{"name":"wp","href":"https:\/\/api.w.org\/{rel}","templated":true}]}}