{"id":38777,"date":"2021-04-28T00:00:00","date_gmt":"2021-04-27T23:00:00","guid":{"rendered":"https:\/\/imagazine.it\/?p=38777"},"modified":"2021-04-28T00:00:00","modified_gmt":"2021-04-27T23:00:00","slug":"softball-la-castionese-punta-sui-talenti-locali","status":"publish","type":"post","link":"https:\/\/imagazine.it\/home_desk\/softball-la-castionese-punta-sui-talenti-locali\/","title":{"rendered":"Softball, la Castionese punta sui talenti locali"},"content":{"rendered":"<p> \tNon cambia neanche nel 2021 la politica societaria della <strong>Castionese Softball<\/strong> del presidente <strong>Gianni Marcon<\/strong>, tesa a valorizzare le giovani ragazze del luogo.<\/p>\n<p> \tUn progetto che da anni la societ\u00e0 sta portando avanti, e qualche frutto sta arrivando viste le tante ragazzine che iniziano ad appassionarsi al softball.<\/p>\n<p> \tLa societ\u00e0 vanta la conquista di tre titoli nazionali giovanili (Cadette 1985 e 87 e ragazze 1992), e anche quest&#39;anno affronter\u00e0 il campionato di serie A2 con un unico obiettivo, far maturare le giovani ragazze.<\/p>\n<p> \tDurante lo scorso campionato questo obiettivo \u00e8 stato centrato in pieno e la scommessa continua anche quest&#39;anno: infatti qualche giocatrice dalle giovanili passer\u00e0 a impegnarsi in serie \u201cA2\u201d.<\/p>\n<p> \tLo staff tecnico non cambia, sar\u00e0 <strong>Anna Battigelli<\/strong> a ricoprire il ruolo di manager, aiutata da <strong>Ugo Del Prete<\/strong>, questo per dare una continuit\u00e0 di lavoro impostato gi\u00e0 lo scorso anno che ha dato buoni frutti.<\/p>\n<p> \tLa Castionese softball \u00e8 stata inserita nel Girone B assieme a Rovigo, Bussolengo 2.0, Stars Ronchi, Longbridge, White Tigers Massa, Macerata. Le gare interne si disputeranno di sabato a Castions di Strada sul campo di via Udine: primo play ball alle ore 18, seconda partita 30 minuti dopo conclusa la prima.<\/p>\n<p> \tNel settore giovanile la Castionese Under 18 (allenata sempre da Battigelli) \u00e8 l&#39;unica squadra iscritta al campionato, perci\u00f2 se le concomitanze con gli incontri dell&#39;A2 lo permetteranno, andr\u00e0 a partecipare alle partite per il titolo nazionale.<\/p>\n<p> \tLa societ\u00e0 parteciper\u00e0 anche ai campionati Under 13 (allenatore <strong>Andrea Zamaro<\/strong>) e Under 15 (allenatore ancora da Battigelli): molte giocatrici disputeranno entrambi i tornei, l&#39;obiettivo \u00e8 quello dichiarato dalla societ\u00e0 di farle giocare il pi\u00f9 possibile, per dare ritmo al loro impegno, farle crescere e dare futuro e continuit\u00e0 alla societ\u00e0.<\/p>\n","protected":false},"excerpt":{"rendered":"<p>In vista del campionato di Serie A2<\/p>\n","protected":false},"author":28,"featured_media":38778,"comment_status":"closed","ping_status":"closed","sticky":false,"template":"","format":"standard","meta":{"dwc-title":[],"dwc-content":[],"footnotes":""},"categories":[38],"tags":[],"class_list":["post-38777","post","type-post","status-publish","format-standard","has-post-thumbnail","hentry","category-sport"],"rttpg_featured_image_url":{"full":["https:\/\/imagazine.it\/wp-content\/uploads\/2024\/01\/39541-1.webp",1000,750,false],"landscape":["https:\/\/imagazine.it\/wp-content\/uploads\/2024\/01\/39541-1.webp",1000,750,false],"portraits":["https:\/\/imagazine.it\/wp-content\/uploads\/2024\/01\/39541-1.webp",1000,750,false],"thumbnail":["https:\/\/imagazine.it\/wp-content\/uploads\/2024\/01\/39541-1-150x150.webp",150,150,true],"medium":["https:\/\/imagazine.it\/wp-content\/uploads\/2024\/01\/39541-1-300x225.webp",300,225,true],"large":["https:\/\/imagazine.it\/wp-content\/uploads\/2024\/01\/39541-1.webp",640,480,false],"thumblist":["https:\/\/imagazine.it\/wp-content\/uploads\/2024\/01\/39541-1.webp",300,225,false],"thumbrelated":["https:\/\/imagazine.it\/wp-content\/uploads\/2024\/01\/39541-1.webp",500,375,false],"meccarouselthumb":["https:\/\/imagazine.it\/wp-content\/uploads\/2024\/01\/39541-1.webp",432,324,false],"gridsquare":["https:\/\/imagazine.it\/wp-content\/uploads\/2024\/01\/39541-1.webp",347,260,false],"tileview":["https:\/\/imagazine.it\/wp-content\/uploads\/2024\/01\/39541-1.webp",300,225,false],"1536x1536":["https:\/\/imagazine.it\/wp-content\/uploads\/2024\/01\/39541-1.webp",1000,750,false],"2048x2048":["https:\/\/imagazine.it\/wp-content\/uploads\/2024\/01\/39541-1.webp",1000,750,false],"newsup-slider-full":["https:\/\/imagazine.it\/wp-content\/uploads\/2024\/01\/39541-1-1000x720.webp",1000,720,true],"newsup-featured":["https:\/\/imagazine.it\/wp-content\/uploads\/2024\/01\/39541-1.webp",1000,750,false],"newsup-medium":["https:\/\/imagazine.it\/wp-content\/uploads\/2024\/01\/39541-1-720x380.webp",720,380,true],"tptn_thumbnail":["https:\/\/imagazine.it\/wp-content\/uploads\/2024\/01\/39541-1.webp",250,188,false],"sow-carousel-default":["https:\/\/imagazine.it\/wp-content\/uploads\/2024\/01\/39541-1-272x182.webp",272,182,true]},"rttpg_author":{"display_name":"redazione","author_link":"https:\/\/imagazine.it\/home_desk\/author\/redazione\/"},"rttpg_comment":0,"rttpg_category":"<a href=\"https:\/\/imagazine.it\/home_desk\/category\/sport\/\" rel=\"category tag\">SPORT<\/a>","rttpg_excerpt":"In vista del campionato di Serie A2","_links":{"self":[{"href":"https:\/\/imagazine.it\/home_desk\/wp-json\/wp\/v2\/posts\/38777","targetHints":{"allow":["GET"]}}],"collection":[{"href":"https:\/\/imagazine.it\/home_desk\/wp-json\/wp\/v2\/posts"}],"about":[{"href":"https:\/\/imagazine.it\/home_desk\/wp-json\/wp\/v2\/types\/post"}],"author":[{"embeddable":true,"href":"https:\/\/imagazine.it\/home_desk\/wp-json\/wp\/v2\/users\/28"}],"replies":[{"embeddable":true,"href":"https:\/\/imagazine.it\/home_desk\/wp-json\/wp\/v2\/comments?post=38777"}],"version-history":[{"count":0,"href":"https:\/\/imagazine.it\/home_desk\/wp-json\/wp\/v2\/posts\/38777\/revisions"}],"wp:featuredmedia":[{"embeddable":true,"href":"https:\/\/imagazine.it\/home_desk\/wp-json\/wp\/v2\/media\/38778"}],"wp:attachment":[{"href":"https:\/\/imagazine.it\/home_desk\/wp-json\/wp\/v2\/media?parent=38777"}],"wp:term":[{"taxonomy":"category","embeddable":true,"href":"https:\/\/imagazine.it\/home_desk\/wp-json\/wp\/v2\/categories?post=38777"},{"taxonomy":"post_tag","embeddable":true,"href":"https:\/\/imagazine.it\/home_desk\/wp-json\/wp\/v2\/tags?post=38777"}],"curies":[{"name":"wp","href":"https:\/\/api.w.org\/{rel}","templated":true}]}}