{"id":38761,"date":"2021-04-28T00:00:00","date_gmt":"2021-04-27T23:00:00","guid":{"rendered":"https:\/\/imagazine.it\/?p=38761"},"modified":"2021-04-28T00:00:00","modified_gmt":"2021-04-27T23:00:00","slug":"monfalcone-i-suggerimenti-della-popolazione-per-il-nuovo-centro-cittadino","status":"publish","type":"post","link":"https:\/\/imagazine.it\/home_desk\/monfalcone-i-suggerimenti-della-popolazione-per-il-nuovo-centro-cittadino\/","title":{"rendered":"Monfalcone, i suggerimenti della popolazione per il nuovo centro cittadino"},"content":{"rendered":"<p> \tVisite guidate in municipio al nuovo progetto di riqualificazione del centro cittadino di <strong>Monfalcone<\/strong>.<\/p>\n<p> \tQuesta la nuova idea dell\u2019Amministrazione comunale per coinvolgere i cittadini, spiegando loro i dettagli progettuali ma anche per ascoltare i loro suggerimenti a riguardo.<\/p>\n<p> \tPer visionare il progetto di riqualificazione del centro (Piazza della Repubblica, Piazza Unit\u00e0 d\u2019Italia, Piazzale del Duomo) \u00e8 possibile fruire della proiezione del video a ciclo continuo presso l\u2019atrio del municipio, in cui \u00e8 allestita anche la mostra che espone il rendering e le campionature della pavimentazione.<\/p>\n<p> \tAd approfondire sia gli aspetti tecnici che storici saranno le guide <strong>Chiara Mistelli<\/strong> e <strong>Lucilla Adinolfi<\/strong>. In particolare, verranno illustrate le caratteristiche del progetto di riqualificazione e ripercorso l\u2019excursus di trasformazione negli anni del \u201cbiscotto\u201d e delle piazze centrali.<\/p>\n<p> \tGli orari per le visite guidate sono <strong>dal luned\u00ec al sabato dalle 9 alle 10, il luned\u00ec e il mercoled\u00ec anche dalle 17 alle 18<\/strong>. Negli altri giorni la visita \u00e8 libera, in orario di apertura del municipio.<\/p>\n<p> \tI cittadini potranno lasciare i propri suggerimenti e osservazioni nelle apposite urne allestite nell\u2019atrio del municipio e della biblioteca.\u00a0<\/p>\n","protected":false},"excerpt":{"rendered":"<p>Iniziativa dell&#8217;Amministrazione comunale<\/p>\n","protected":false},"author":28,"featured_media":38762,"comment_status":"closed","ping_status":"closed","sticky":false,"template":"","format":"standard","meta":{"dwc-title":[],"dwc-content":[],"footnotes":""},"categories":[5],"tags":[],"class_list":["post-38761","post","type-post","status-publish","format-standard","has-post-thumbnail","hentry","category-attualita"],"rttpg_featured_image_url":{"full":["https:\/\/imagazine.it\/wp-content\/uploads\/2024\/01\/39521-1.webp",1000,567,false],"landscape":["https:\/\/imagazine.it\/wp-content\/uploads\/2024\/01\/39521-1.webp",1000,567,false],"portraits":["https:\/\/imagazine.it\/wp-content\/uploads\/2024\/01\/39521-1.webp",1000,567,false],"thumbnail":["https:\/\/imagazine.it\/wp-content\/uploads\/2024\/01\/39521-1-150x150.webp",150,150,true],"medium":["https:\/\/imagazine.it\/wp-content\/uploads\/2024\/01\/39521-1-300x170.webp",300,170,true],"large":["https:\/\/imagazine.it\/wp-content\/uploads\/2024\/01\/39521-1.webp",640,363,false],"thumblist":["https:\/\/imagazine.it\/wp-content\/uploads\/2024\/01\/39521-1.webp",300,170,false],"thumbrelated":["https:\/\/imagazine.it\/wp-content\/uploads\/2024\/01\/39521-1.webp",500,284,false],"meccarouselthumb":["https:\/\/imagazine.it\/wp-content\/uploads\/2024\/01\/39521-1.webp",474,269,false],"gridsquare":["https:\/\/imagazine.it\/wp-content\/uploads\/2024\/01\/39521-1.webp",391,222,false],"tileview":["https:\/\/imagazine.it\/wp-content\/uploads\/2024\/01\/39521-1.webp",300,170,false],"1536x1536":["https:\/\/imagazine.it\/wp-content\/uploads\/2024\/01\/39521-1.webp",1000,567,false],"2048x2048":["https:\/\/imagazine.it\/wp-content\/uploads\/2024\/01\/39521-1.webp",1000,567,false],"newsup-slider-full":["https:\/\/imagazine.it\/wp-content\/uploads\/2024\/01\/39521-1.webp",1000,567,false],"newsup-featured":["https:\/\/imagazine.it\/wp-content\/uploads\/2024\/01\/39521-1.webp",1000,567,false],"newsup-medium":["https:\/\/imagazine.it\/wp-content\/uploads\/2024\/01\/39521-1-720x380.webp",720,380,true],"tptn_thumbnail":["https:\/\/imagazine.it\/wp-content\/uploads\/2024\/01\/39521-1.webp",250,142,false],"sow-carousel-default":["https:\/\/imagazine.it\/wp-content\/uploads\/2024\/01\/39521-1-272x182.webp",272,182,true]},"rttpg_author":{"display_name":"redazione","author_link":"https:\/\/imagazine.it\/home_desk\/author\/redazione\/"},"rttpg_comment":0,"rttpg_category":"<a href=\"https:\/\/imagazine.it\/home_desk\/category\/attualita\/\" rel=\"category tag\">ATTUALIT\u00c0<\/a>","rttpg_excerpt":"Iniziativa dell'Amministrazione comunale","_links":{"self":[{"href":"https:\/\/imagazine.it\/home_desk\/wp-json\/wp\/v2\/posts\/38761","targetHints":{"allow":["GET"]}}],"collection":[{"href":"https:\/\/imagazine.it\/home_desk\/wp-json\/wp\/v2\/posts"}],"about":[{"href":"https:\/\/imagazine.it\/home_desk\/wp-json\/wp\/v2\/types\/post"}],"author":[{"embeddable":true,"href":"https:\/\/imagazine.it\/home_desk\/wp-json\/wp\/v2\/users\/28"}],"replies":[{"embeddable":true,"href":"https:\/\/imagazine.it\/home_desk\/wp-json\/wp\/v2\/comments?post=38761"}],"version-history":[{"count":0,"href":"https:\/\/imagazine.it\/home_desk\/wp-json\/wp\/v2\/posts\/38761\/revisions"}],"wp:featuredmedia":[{"embeddable":true,"href":"https:\/\/imagazine.it\/home_desk\/wp-json\/wp\/v2\/media\/38762"}],"wp:attachment":[{"href":"https:\/\/imagazine.it\/home_desk\/wp-json\/wp\/v2\/media?parent=38761"}],"wp:term":[{"taxonomy":"category","embeddable":true,"href":"https:\/\/imagazine.it\/home_desk\/wp-json\/wp\/v2\/categories?post=38761"},{"taxonomy":"post_tag","embeddable":true,"href":"https:\/\/imagazine.it\/home_desk\/wp-json\/wp\/v2\/tags?post=38761"}],"curies":[{"name":"wp","href":"https:\/\/api.w.org\/{rel}","templated":true}]}}