{"id":38743,"date":"2021-04-27T00:00:00","date_gmt":"2021-04-26T23:00:00","guid":{"rendered":"https:\/\/imagazine.it\/?p=38743"},"modified":"2021-04-27T00:00:00","modified_gmt":"2021-04-26T23:00:00","slug":"monfalcone-la-biblioteca-comunale-compie-16-anni","status":"publish","type":"post","link":"https:\/\/imagazine.it\/home_desk\/monfalcone-la-biblioteca-comunale-compie-16-anni\/","title":{"rendered":"Monfalcone, la Biblioteca Comunale compie 16 anni"},"content":{"rendered":"<p> \tLa <strong>Biblioteca Comunale di Monfalcone<\/strong> compie sedici anni: dal 28 aprile 2005, quando \u00e8 rinata nella nuova sede di via Ceriani, la Biblioteca \u00e8 cresciuta senza sosta, portando Monfalcone a guadagnarsi pi\u00f9 volte la qualifica di \u201cCitt\u00e0 che Legge\u201d, riconoscimento voluto dal Centro per il Libro del MiBACT d\u2019intesa con l&#39;ANCI &#8211; Associazione Nazionale Comuni Italiani, che premia le amministrazioni che portano avanti con continuit\u00e0 sul proprio territorio politiche pubbliche di promozione della lettura.<\/p>\n<p> \tChi varca oggi la soglia dello storico edificio, trova un patrimonio librario di oltre 95.000 documenti tra volumi, riviste, materiale multimediale.<\/p>\n<p> \tMa negli anni la Biblioteca ha saputo evolversi offrendo sempre pi\u00f9 non solamente materiali, ma esperienze: dalle classiche letture ad alta voce per bambini alle maratone letterarie targate <em>Books in the City<\/em>, dagli <em>aperilibri<\/em> ad articolate rassegne su svariate tematiche, alle rassegne sulla Filosofia, fino ad arrivare alle prime due edizione del festival letterario <em>GeoGrafie<\/em>.<\/p>\n<p> \tDurante l\u2019emergenza COVID-19 gli eventi della biblioteca hanno spesso traslocato su piattaforme online che ne permettessero una fruizione da remoto, consentendo cos\u00ec di mantenere un filo diretto con l\u2019utenza.<\/p>\n<p> \tIn questi sedici anni di cammino, la Biblioteca ha potuto contare su molti amici, tra i quali il gruppo dei <em>Lettori in Cantiere<\/em>: attivo dal 2014, riunisce lettori volontari entusiasti e appassionati, mossi ciascuno da una diversa motivazione ma tutti accomunati dall\u2019amore per i libri e dalla voglia di donare la loro voce e il loro tempo.<\/p>\n<p> \tCon il ritorno in zona gialla, da questa settimana in biblioteca ci si pu\u00f2 fermare nuovamente a studiare o a leggere il giornale, mentre dal prossimo mese amplier\u00e0 l\u2019orario di apertura e con la bella stagione il giardino consentir\u00e0 di svolgere le attivit\u00e0 anche in esterno.<\/p>\n","protected":false},"excerpt":{"rendered":"<p>Dal 2005 operativa la sede di via Ceriani<\/p>\n","protected":false},"author":28,"featured_media":38744,"comment_status":"closed","ping_status":"closed","sticky":false,"template":"","format":"standard","meta":{"dwc-title":[],"dwc-content":[],"footnotes":""},"categories":[37],"tags":[],"class_list":["post-38743","post","type-post","status-publish","format-standard","has-post-thumbnail","hentry","category-cultura-e-spettacolo"],"rttpg_featured_image_url":{"full":["https:\/\/imagazine.it\/wp-content\/uploads\/2024\/01\/39488-1.webp",1000,667,false],"landscape":["https:\/\/imagazine.it\/wp-content\/uploads\/2024\/01\/39488-1.webp",1000,667,false],"portraits":["https:\/\/imagazine.it\/wp-content\/uploads\/2024\/01\/39488-1.webp",1000,667,false],"thumbnail":["https:\/\/imagazine.it\/wp-content\/uploads\/2024\/01\/39488-1-150x150.webp",150,150,true],"medium":["https:\/\/imagazine.it\/wp-content\/uploads\/2024\/01\/39488-1-300x200.webp",300,200,true],"large":["https:\/\/imagazine.it\/wp-content\/uploads\/2024\/01\/39488-1.webp",640,427,false],"thumblist":["https:\/\/imagazine.it\/wp-content\/uploads\/2024\/01\/39488-1.webp",300,200,false],"thumbrelated":["https:\/\/imagazine.it\/wp-content\/uploads\/2024\/01\/39488-1.webp",500,334,false],"meccarouselthumb":["https:\/\/imagazine.it\/wp-content\/uploads\/2024\/01\/39488-1.webp",474,316,false],"gridsquare":["https:\/\/imagazine.it\/wp-content\/uploads\/2024\/01\/39488-1.webp",391,260,false],"tileview":["https:\/\/imagazine.it\/wp-content\/uploads\/2024\/01\/39488-1.webp",300,200,false],"1536x1536":["https:\/\/imagazine.it\/wp-content\/uploads\/2024\/01\/39488-1.webp",1000,667,false],"2048x2048":["https:\/\/imagazine.it\/wp-content\/uploads\/2024\/01\/39488-1.webp",1000,667,false],"newsup-slider-full":["https:\/\/imagazine.it\/wp-content\/uploads\/2024\/01\/39488-1.webp",1000,667,false],"newsup-featured":["https:\/\/imagazine.it\/wp-content\/uploads\/2024\/01\/39488-1.webp",1000,667,false],"newsup-medium":["https:\/\/imagazine.it\/wp-content\/uploads\/2024\/01\/39488-1-720x380.webp",720,380,true],"tptn_thumbnail":["https:\/\/imagazine.it\/wp-content\/uploads\/2024\/01\/39488-1.webp",250,167,false],"sow-carousel-default":["https:\/\/imagazine.it\/wp-content\/uploads\/2024\/01\/39488-1-272x182.webp",272,182,true]},"rttpg_author":{"display_name":"redazione","author_link":"https:\/\/imagazine.it\/home_desk\/author\/redazione\/"},"rttpg_comment":0,"rttpg_category":"<a href=\"https:\/\/imagazine.it\/home_desk\/category\/cultura-e-spettacolo\/\" rel=\"category tag\">CULTURA&amp;SPETTACOLO<\/a>","rttpg_excerpt":"Dal 2005 operativa la sede di via Ceriani","_links":{"self":[{"href":"https:\/\/imagazine.it\/home_desk\/wp-json\/wp\/v2\/posts\/38743","targetHints":{"allow":["GET"]}}],"collection":[{"href":"https:\/\/imagazine.it\/home_desk\/wp-json\/wp\/v2\/posts"}],"about":[{"href":"https:\/\/imagazine.it\/home_desk\/wp-json\/wp\/v2\/types\/post"}],"author":[{"embeddable":true,"href":"https:\/\/imagazine.it\/home_desk\/wp-json\/wp\/v2\/users\/28"}],"replies":[{"embeddable":true,"href":"https:\/\/imagazine.it\/home_desk\/wp-json\/wp\/v2\/comments?post=38743"}],"version-history":[{"count":0,"href":"https:\/\/imagazine.it\/home_desk\/wp-json\/wp\/v2\/posts\/38743\/revisions"}],"wp:featuredmedia":[{"embeddable":true,"href":"https:\/\/imagazine.it\/home_desk\/wp-json\/wp\/v2\/media\/38744"}],"wp:attachment":[{"href":"https:\/\/imagazine.it\/home_desk\/wp-json\/wp\/v2\/media?parent=38743"}],"wp:term":[{"taxonomy":"category","embeddable":true,"href":"https:\/\/imagazine.it\/home_desk\/wp-json\/wp\/v2\/categories?post=38743"},{"taxonomy":"post_tag","embeddable":true,"href":"https:\/\/imagazine.it\/home_desk\/wp-json\/wp\/v2\/tags?post=38743"}],"curies":[{"name":"wp","href":"https:\/\/api.w.org\/{rel}","templated":true}]}}