{"id":38735,"date":"2021-04-27T00:00:00","date_gmt":"2021-04-26T23:00:00","guid":{"rendered":"https:\/\/imagazine.it\/?p=38735"},"modified":"2021-04-27T00:00:00","modified_gmt":"2021-04-26T23:00:00","slug":"scelti-i-20-luoghi-della-mappa-parlante-di-mittelfest","status":"publish","type":"post","link":"https:\/\/imagazine.it\/home_desk\/scelti-i-20-luoghi-della-mappa-parlante-di-mittelfest\/","title":{"rendered":"Scelti i 20 luoghi della Mappa Parlante di Mittelfest"},"content":{"rendered":"<p> \tSono centinaia i voti raccolti online per identificare i 20 luoghi del cuore che rappresenteranno altrettanti comuni nella Mappa Parlante\u00ae del territorio di <strong>Cividale del Friuli<\/strong>, delle <strong>Valli del Natisone e del Torre<\/strong>, ideata e realizzata, su commissione e con il sostegno di <strong>Mittelfest<\/strong>, dalla Fondazione <strong>Radio Magica onlus.<\/strong><\/p>\n<p> \tI residenti dei 20 comuni coinvolti sono diventati \u201ccreatori\u201d della Mappa segnalando monumenti, opere d\u2019arte e bellezze naturali grazie alle cartoline promozionali distribuite sul territorio e in particolare nelle scuole (dalle elementari alle superiori) con l\u2019obiettivo di coinvolgere bambini e ragazzi affinch\u00e9 diventino ambasciatori attivi del progetto.<\/p>\n<p> \tLa Mappa Parlante\u00ae <strong>racconter\u00e0 attraverso illustrazioni, audio e video <\/strong>i 20 luoghi scelti: il <strong>Ponte del diavolo<\/strong> per Cividale e poi le <strong>trincee del Monte Kolovrat<\/strong> a Drenchia, il <strong>castagno secolare di Grimacco<\/strong>, il <strong>Santuario di Castelmonte<\/strong> (Prepotto), la <strong>grotta di San Giovanni d\u2019Antro<\/strong> di Pulfero, le <strong>cascate di Kot <\/strong>a San Leonardo, il <strong>Museo Smo <\/strong>di San Pietro al Natisone, il <strong>monte Matajur<\/strong> a Savogna, <strong>i prati di Tribil Superiore<\/strong> a Stregna, il <strong>leone in gabbia di Masarolis<\/strong> (Torreano), il <strong>Castello <\/strong><strong>di Partistagno<\/strong> ad Attimis, il <strong>castello di Cassacco<\/strong>, i <strong>castelli di Zucco e Cuccagna<\/strong> di Faedis, le <strong>Grotte di Villanova<\/strong> (Lusevera), la <strong>passeggiata sul Monte Faelt<\/strong> di Magnano in Riviera, il <strong>castello di<\/strong> <strong>Cernieu<\/strong> di Nimis, l\u2019<strong>Antiquarium<\/strong> <strong>della Motta<\/strong> di Povoletto, le <strong>cascate di Rio Boncic<\/strong> a Taipana, il <strong>Castellaccio di Coja<\/strong> di Tarcento e la <strong>chiesa di San Giovanni Battista in Malina<\/strong> di Moimacco.<\/p>\n<p> \t<em>\u201cLa Mappa Parlante \u00e8 una mappa di comunit\u00e0 e, allo stesso tempo, strumento digitale innovativo, facilmente fruibile e disponibile in pi\u00f9 lingue per valorizzare la conoscenza dei territori <\/em>\u2013 commenta il presidente di Mittelfest, <strong>Roberto<\/strong> <strong>Corciulo<\/strong> \u2013.<em> Obiettivi che appartengono al dna di Mittelfest che non \u00e8 solo evento culturale di riferimento per la cultura mitteleuropea, ma anche piattaforma capace di generare indotto turistico di qualit\u00e0 per tutta la Regione.\u201d <\/em><\/p>\n<p> \tDopo la conclusione delle votazioni, i curatori della Mappa hanno incontrato istituzioni e persone che vivono e lavorano nei comuni i quali si sono messi a disposizione per trasmettere storie, racconti e tradizioni di ogni luogo.<\/p>\n<p> \t<em>\u201cLa costruzione di una Mappa Parlante in periodo Covid rester\u00e0 un\u2019esperienza memorabile per Radio Magica <\/em>\u2013 commenta <strong>Elena Rocco<\/strong>, segretaria generale Fondazione Radio Magica onlus \u2013.<em> Oltre la bellezza dei luoghi, ci ha colpito il bisogno altruista delle persone che abbiamo incontrato di raccontare e raccontarsi, a dimostrazione che le storie e le tradizioni hanno un potere curativo collettivo per superare insieme le crisi.\u201d<\/em><\/p>\n<p> \tTra poco partir\u00e0 la fase operativa del progetto con la produzione degli audio e video che formeranno la Mappa Parlante\u00ae la cui grafica sar\u00e0 realizzata da <strong>illustratori<\/strong>: inquadrando il QR code presente sulla mappa si potr\u00e0 accedere alla versione parlante digitale per ascoltare gli audio e guardare le video storie su smartphone, tablet e pc.<\/p>\n<p> \tLa Mappa Parlante\u00ae in italiano sar\u00e0 navigabile da App e sul sito Radio Magica, grazie al Sasweb Lab dell\u2019Universit\u00e0 di Udine e in una seconda fase disponibile anche<strong> in sloveno e tedesco<\/strong> in modo che diventi utilizzabile anche da turisti stranieri.<\/p>\n","protected":false},"excerpt":{"rendered":"<p>Al via la produzione di audio e video<\/p>\n","protected":false},"author":12,"featured_media":38736,"comment_status":"closed","ping_status":"closed","sticky":false,"template":"","format":"standard","meta":{"dwc-title":[],"dwc-content":[],"footnotes":""},"categories":[8],"tags":[],"class_list":["post-38735","post","type-post","status-publish","format-standard","has-post-thumbnail","hentry","category-turismo"],"rttpg_featured_image_url":{"full":["https:\/\/imagazine.it\/wp-content\/uploads\/2024\/01\/39470-1.webp",1000,563,false],"landscape":["https:\/\/imagazine.it\/wp-content\/uploads\/2024\/01\/39470-1.webp",1000,563,false],"portraits":["https:\/\/imagazine.it\/wp-content\/uploads\/2024\/01\/39470-1.webp",1000,563,false],"thumbnail":["https:\/\/imagazine.it\/wp-content\/uploads\/2024\/01\/39470-1-150x150.webp",150,150,true],"medium":["https:\/\/imagazine.it\/wp-content\/uploads\/2024\/01\/39470-1-300x169.webp",300,169,true],"large":["https:\/\/imagazine.it\/wp-content\/uploads\/2024\/01\/39470-1.webp",640,360,false],"thumblist":["https:\/\/imagazine.it\/wp-content\/uploads\/2024\/01\/39470-1.webp",300,169,false],"thumbrelated":["https:\/\/imagazine.it\/wp-content\/uploads\/2024\/01\/39470-1.webp",500,282,false],"meccarouselthumb":["https:\/\/imagazine.it\/wp-content\/uploads\/2024\/01\/39470-1.webp",474,267,false],"gridsquare":["https:\/\/imagazine.it\/wp-content\/uploads\/2024\/01\/39470-1.webp",391,220,false],"tileview":["https:\/\/imagazine.it\/wp-content\/uploads\/2024\/01\/39470-1.webp",300,169,false],"1536x1536":["https:\/\/imagazine.it\/wp-content\/uploads\/2024\/01\/39470-1.webp",1000,563,false],"2048x2048":["https:\/\/imagazine.it\/wp-content\/uploads\/2024\/01\/39470-1.webp",1000,563,false],"newsup-slider-full":["https:\/\/imagazine.it\/wp-content\/uploads\/2024\/01\/39470-1.webp",1000,563,false],"newsup-featured":["https:\/\/imagazine.it\/wp-content\/uploads\/2024\/01\/39470-1.webp",1000,563,false],"newsup-medium":["https:\/\/imagazine.it\/wp-content\/uploads\/2024\/01\/39470-1-720x380.webp",720,380,true],"tptn_thumbnail":["https:\/\/imagazine.it\/wp-content\/uploads\/2024\/01\/39470-1.webp",250,141,false],"sow-carousel-default":["https:\/\/imagazine.it\/wp-content\/uploads\/2024\/01\/39470-1-272x182.webp",272,182,true]},"rttpg_author":{"display_name":"Claudio Pizzin","author_link":"https:\/\/imagazine.it\/home_desk\/author\/pizzin\/"},"rttpg_comment":0,"rttpg_category":"<a href=\"https:\/\/imagazine.it\/home_desk\/category\/turismo\/\" rel=\"category tag\">TURISMO<\/a>","rttpg_excerpt":"Al via la produzione di audio e video","_links":{"self":[{"href":"https:\/\/imagazine.it\/home_desk\/wp-json\/wp\/v2\/posts\/38735","targetHints":{"allow":["GET"]}}],"collection":[{"href":"https:\/\/imagazine.it\/home_desk\/wp-json\/wp\/v2\/posts"}],"about":[{"href":"https:\/\/imagazine.it\/home_desk\/wp-json\/wp\/v2\/types\/post"}],"author":[{"embeddable":true,"href":"https:\/\/imagazine.it\/home_desk\/wp-json\/wp\/v2\/users\/12"}],"replies":[{"embeddable":true,"href":"https:\/\/imagazine.it\/home_desk\/wp-json\/wp\/v2\/comments?post=38735"}],"version-history":[{"count":0,"href":"https:\/\/imagazine.it\/home_desk\/wp-json\/wp\/v2\/posts\/38735\/revisions"}],"wp:featuredmedia":[{"embeddable":true,"href":"https:\/\/imagazine.it\/home_desk\/wp-json\/wp\/v2\/media\/38736"}],"wp:attachment":[{"href":"https:\/\/imagazine.it\/home_desk\/wp-json\/wp\/v2\/media?parent=38735"}],"wp:term":[{"taxonomy":"category","embeddable":true,"href":"https:\/\/imagazine.it\/home_desk\/wp-json\/wp\/v2\/categories?post=38735"},{"taxonomy":"post_tag","embeddable":true,"href":"https:\/\/imagazine.it\/home_desk\/wp-json\/wp\/v2\/tags?post=38735"}],"curies":[{"name":"wp","href":"https:\/\/api.w.org\/{rel}","templated":true}]}}