{"id":38727,"date":"2021-04-27T00:00:00","date_gmt":"2021-04-26T23:00:00","guid":{"rendered":"https:\/\/imagazine.it\/?p=38727"},"modified":"2021-04-27T00:00:00","modified_gmt":"2021-04-26T23:00:00","slug":"gradisca-due-mostre-per-la-riapertura-della-spazzapan","status":"publish","type":"post","link":"https:\/\/imagazine.it\/home_desk\/gradisca-due-mostre-per-la-riapertura-della-spazzapan\/","title":{"rendered":"Gradisca, due mostre per la riapertura della Spazzapan"},"content":{"rendered":"<p> \tRiapre domani la <strong>Galleria Regionale d\u2019Arte contemporanea Luigi Spazzapan di Gradisca d\u2019Isonzo<\/strong>, dopo l\u2019ultima sospensione legata all\u2019emergenza Covid19. Una ripresa che sar\u00e0 anche l\u2019occasione per inaugurare due nuove esposizioni.<\/p>\n<p> \tAl piano terra, infatti, \u00e8 stata allestita\u00a0<strong>\u201c<em>La San Marco. Cent&#39;anni di design per il caff\u00e8<\/em>\u201d<\/strong>, che rende omaggio alla prestigiosa azienda leader del settore, attraverso una selezione di macchine per il caff\u00e8 che mostrano la grande attenzione per l&#39;innovazione tecnologica e il design di un&#39;azienda nota a livello nazionale e con sede proprio a Gradisca d&#39;Isonzo.<\/p>\n<p> \tCelebri\u00a0per qualit\u00e0 e facilit\u00e0 di utilizzo, le macchine della San Marco si sono distinte anche per essere &#8220;belle da vedere&#8221;. La mostra presenta un percorso che va dagli albori alla contemporaneit\u00e0, a partire dalla\u00a0<strong>Model 1<\/strong>\u00a0del 1920 e dal sapore liberty, evoluzione del primissimo modello ideato da Giovanni Battista e Francesco Romanut, che nei primi anni \u201820 del secolo scorso diede il via alla produzione della\u00a0<strong>Lollobrigida<\/strong>, macchina degli anni &#39;50 dalla forma particolarmente sinuosa. Il percorso espositivo propone anche la\u00a0<strong>Serie 250<\/strong>, soprannominata\u00a0<strong>Disco Volante<\/strong>, macchina dal design innovativo e avveniristico ideato dall\u2019architetto Gino Valle. C\u2019\u00e8 spazio anche per il modello\u00a0<strong>105 Prima serie<\/strong>, dalle forme geometriche disegnate dallo\u00a0<strong>Studio Sottsass Associati<\/strong>, una macchina che, oltre a far scalpore per i colori acidi, rendeva il lavoro del barista pi\u00f9 funzionale e rapido. Oltre ai modelli storici, la mostra propone tre macchine recenti e di alta gamma:\u00a0<strong>La San Marco<\/strong>\u00a0del 2017, con un\u2019affascinante scocca in vetro temperato che, grazie a un sistema di Led RGB, assume diverse colorazioni; l&#39;imponente\u00a0<strong>V6<\/strong>\u00a0che, essendo a doppia bancata, valorizza e rende centrale il rapporto tra macchina e barista; la recentissima\u00a0<strong>D.<\/strong>,\u00a0macchina del centenario che porta, come la V6, la firma del celebre studio\u00a0<strong>Bonetto design center.<\/strong><\/p>\n<p> \tAl primo piano della Galleria, invece, \u00e8 stata allestita la mostra<strong>\u00a0\u201c<\/strong><strong><em>Sconfinaments. Una collezione friulana di arte contemporanea<\/em><\/strong><strong>\u201d<\/strong>,\u00a0organizzata dall\u2019Ente Regionale per il Patrimonio Culturale assieme\u00a0al Comune di San Vito al Tagliamento e\u00a0all\u2019associazione culturale Colonos. La\u00a0mostra\u00a0vede coinvolte pi\u00f9 sedi espositive, come Palazzo Altan di San Vito al Tagliamento e, appunto, la Galleria Spazzapan. Il curatore dell&#39;iniziativa Angelo Bertani propone in Galleria \u201c<strong>Lojze Spacal e Nicola Toffolini. Incanto\/Disincanto. Paesaggi metaforici dell&#39;antropocene\u201d<\/strong>, un&#39;abbinata di opere dei due artisti che mostrano il diverso approccio interpretativo del visibile naturale: chi, come Spacal, impegnato in una sua reinterpretazione attraverso dettagli carsici che assurgono a una sorta di dimensione archetipa; e chi, come Toffolini, in una disamina altamente tecnologica, di sapore scientifico, ma altrettanto emotiva e poetica.<\/p>\n<p> \tSullo stesso piano continua l\u2019esposizione delle opere di Luigi Spazzapan appartenenti alla collezione della Galleria. Sono\u00a0<strong>\u201cLe chine di Spazzapan\u201d<\/strong>\u00a0che, proprio attraverso la tecnica a china, riescono a esprimere la peculiare espressivit\u00e0 del segno dinamico, guizzante ed energetico del noto artista gradiscano. Una quindicina di opere a tema naturalistico, con un\u2019attenzione per gli amati cavalli e per quegli uccelli che ben rappresentano la carica vitalistica di Spazzapan, cifra onnipresente in tutta la sua attivit\u00e0, dai furori avanguardistici a quelli informali finali.<\/p>\n<p> \tLa Spazzapan \u00e8 aperta dal mercoled\u00ec alla domenica dalle 10 alle 13 e dalle 15 alle 19, per poter visitare le due mostre nei fine-settimana \u00e8 necessario prenotare con un\u2019email a\u00a0<a href=\"mailto:galleriaspazzapan@regione.fvg.it\" target=\"_blank\" rel=\"noopener\">galleriaspazzapan@regione.fvg.it<\/a>\u00a0oppure telefonando negli orari di apertura allo 0481 960816.<\/p>\n<p> \t\u00a0L\u2019ingresso alla Galleria dovr\u00e0 avvenire nel rispetto delle misure di prevenzione COVID-19 adottate dall\u2019Ente Regionale per il Patrimonio Culturale del Friuli Venezia Giulia.<\/p>\n","protected":false},"excerpt":{"rendered":"<p>Mercoled\u00ec doppia inaugurazione<\/p>\n","protected":false},"author":28,"featured_media":38728,"comment_status":"closed","ping_status":"closed","sticky":false,"template":"","format":"standard","meta":{"dwc-title":[],"dwc-content":[],"footnotes":""},"categories":[37],"tags":[],"class_list":["post-38727","post","type-post","status-publish","format-standard","has-post-thumbnail","hentry","category-cultura-e-spettacolo"],"rttpg_featured_image_url":{"full":["https:\/\/imagazine.it\/wp-content\/uploads\/2024\/01\/39464-1.webp",1024,768,false],"landscape":["https:\/\/imagazine.it\/wp-content\/uploads\/2024\/01\/39464-1.webp",1024,768,false],"portraits":["https:\/\/imagazine.it\/wp-content\/uploads\/2024\/01\/39464-1.webp",1024,768,false],"thumbnail":["https:\/\/imagazine.it\/wp-content\/uploads\/2024\/01\/39464-1-150x150.webp",150,150,true],"medium":["https:\/\/imagazine.it\/wp-content\/uploads\/2024\/01\/39464-1-300x225.webp",300,225,true],"large":["https:\/\/imagazine.it\/wp-content\/uploads\/2024\/01\/39464-1.webp",640,480,false],"thumblist":["https:\/\/imagazine.it\/wp-content\/uploads\/2024\/01\/39464-1.webp",300,225,false],"thumbrelated":["https:\/\/imagazine.it\/wp-content\/uploads\/2024\/01\/39464-1.webp",500,375,false],"meccarouselthumb":["https:\/\/imagazine.it\/wp-content\/uploads\/2024\/01\/39464-1.webp",432,324,false],"gridsquare":["https:\/\/imagazine.it\/wp-content\/uploads\/2024\/01\/39464-1.webp",347,260,false],"tileview":["https:\/\/imagazine.it\/wp-content\/uploads\/2024\/01\/39464-1.webp",300,225,false],"1536x1536":["https:\/\/imagazine.it\/wp-content\/uploads\/2024\/01\/39464-1.webp",1024,768,false],"2048x2048":["https:\/\/imagazine.it\/wp-content\/uploads\/2024\/01\/39464-1.webp",1024,768,false],"newsup-slider-full":["https:\/\/imagazine.it\/wp-content\/uploads\/2024\/01\/39464-1-1024x720.webp",1024,720,true],"newsup-featured":["https:\/\/imagazine.it\/wp-content\/uploads\/2024\/01\/39464-1.webp",1024,768,false],"newsup-medium":["https:\/\/imagazine.it\/wp-content\/uploads\/2024\/01\/39464-1-720x380.webp",720,380,true],"tptn_thumbnail":["https:\/\/imagazine.it\/wp-content\/uploads\/2024\/01\/39464-1.webp",250,188,false],"sow-carousel-default":["https:\/\/imagazine.it\/wp-content\/uploads\/2024\/01\/39464-1-272x182.webp",272,182,true]},"rttpg_author":{"display_name":"redazione","author_link":"https:\/\/imagazine.it\/home_desk\/author\/redazione\/"},"rttpg_comment":0,"rttpg_category":"<a href=\"https:\/\/imagazine.it\/home_desk\/category\/cultura-e-spettacolo\/\" rel=\"category tag\">CULTURA&amp;SPETTACOLO<\/a>","rttpg_excerpt":"Mercoled\u00ec doppia inaugurazione","_links":{"self":[{"href":"https:\/\/imagazine.it\/home_desk\/wp-json\/wp\/v2\/posts\/38727","targetHints":{"allow":["GET"]}}],"collection":[{"href":"https:\/\/imagazine.it\/home_desk\/wp-json\/wp\/v2\/posts"}],"about":[{"href":"https:\/\/imagazine.it\/home_desk\/wp-json\/wp\/v2\/types\/post"}],"author":[{"embeddable":true,"href":"https:\/\/imagazine.it\/home_desk\/wp-json\/wp\/v2\/users\/28"}],"replies":[{"embeddable":true,"href":"https:\/\/imagazine.it\/home_desk\/wp-json\/wp\/v2\/comments?post=38727"}],"version-history":[{"count":0,"href":"https:\/\/imagazine.it\/home_desk\/wp-json\/wp\/v2\/posts\/38727\/revisions"}],"wp:featuredmedia":[{"embeddable":true,"href":"https:\/\/imagazine.it\/home_desk\/wp-json\/wp\/v2\/media\/38728"}],"wp:attachment":[{"href":"https:\/\/imagazine.it\/home_desk\/wp-json\/wp\/v2\/media?parent=38727"}],"wp:term":[{"taxonomy":"category","embeddable":true,"href":"https:\/\/imagazine.it\/home_desk\/wp-json\/wp\/v2\/categories?post=38727"},{"taxonomy":"post_tag","embeddable":true,"href":"https:\/\/imagazine.it\/home_desk\/wp-json\/wp\/v2\/tags?post=38727"}],"curies":[{"name":"wp","href":"https:\/\/api.w.org\/{rel}","templated":true}]}}