{"id":38725,"date":"2021-04-26T00:00:00","date_gmt":"2021-04-25T23:00:00","guid":{"rendered":"https:\/\/imagazine.it\/?p=38725"},"modified":"2021-04-26T00:00:00","modified_gmt":"2021-04-25T23:00:00","slug":"udinjazz-torna-a-casa-per-i-suoi-30-anni","status":"publish","type":"post","link":"https:\/\/imagazine.it\/home_desk\/udinjazz-torna-a-casa-per-i-suoi-30-anni\/","title":{"rendered":"Udin&#038;Jazz torna a casa per i suoi 30 anni"},"content":{"rendered":"<p> \tTorna a Udine il<strong> festival musicale Udin&#038;Jazz<\/strong>, organizzato da Euritmica,<strong>\u00a0<\/strong>per una speciale edizione. Si chiamer\u00e0 infatti<strong> \u201cUdin&#038;Jazz Winter\u201d <\/strong>e si svolger\u00e0 <strong>dal 28 al 31 maggio<\/strong> al <strong>Teatro Palamostre.<\/strong><\/p>\n<p> \tNel 2020 il Festival ha compiuto 30 anni, ma l\u2019emergenza sanitaria ha impedito di celebrarne la ricorrenza in dicembre, obbligando Euritmica a rinviarla pi\u00f9 volte. E ora, in primavera avanzata, \u00e8 arrivato il momento: le recenti disposizioni che consentono la riapertura dei teatri, seppur con una capienza ridotta e con orari inusuali, permetteranno alla <strong>grande musica jazz di ritornare a Udine<\/strong>.<\/p>\n<p> \tIl programma sar\u00e0 dunque un alternarsi tra produzioni nazionali e di respiro internazionale e produzioni locali. Il debutto sar\u00e0 affidato a una <strong>produzione di Euritmica: venerd\u00ec 28 maggio<\/strong>, dopo l\u2019inaugurazione del Festival nella sala Carmelo Bene del Teatro Palamostre, andr\u00e0 in scena in <strong>prima assoluta lo spettacolo \u201cJohn Coltrane &#8211; Un amore supremo: una Musica tra Terra e Cielo<\/strong>\u201d. I testi dello storico e drammaturgo <strong>Valerio Marchi<\/strong>, narrati sul palco dallo stesso Marchi e dalla voce di <strong>Claudia Grimaz<\/strong>, si alterneranno ai brani pi\u00f9 noti del repertorio coltraniano riproposti dal trio <strong>Bearzatti-Colussi-Rinaldi<\/strong>, ripercorrendo la complessa parabola umana e artistica del mitico musicista attraverso lo sguardo delle donne della sua vita.<\/p>\n<p> \t<strong>Sabato 29 sar\u00e0 la serata di Enrico Rava<\/strong>, che si esibir\u00e0 a Udine in \u201c<strong>Special edition<\/strong>\u201d, un regalo nel regalo, per il pubblico di Udin&#038;Jazz, visto che questa formazione \u00e8 nata il 20 agosto del 2019 in occasione del suo 80esimo compleanno, raggruppando i musicisti che pi\u00f9 gli sono stati vicino negli ultimi anni, per rivisitare i brani pi\u00f9 significativi della sua carriera secondo un mood assolutamente attuale. Ad accompagnarlo sul palco ci saranno dunque <strong>Francesco Bearzatti <\/strong>al sax tenore, <strong>Francesco Diodati<\/strong> alla chitarra, <strong>Giovanni Guidi<\/strong> al pianoforte, <strong>Gabriele Evangelista<\/strong> al contrabbasso ed <strong>Enrico Morello<\/strong> alla batteria.<\/p>\n<p> \t<strong>Doppio appuntamento domenica 30 maggio<\/strong>: alle 18.30, sul palco del Palamostre, saliranno <strong>Claudio Cojaniz e Franco Feruglio,<\/strong> due tra i massimi esponenti della scena jazz e blues regionale. Contrabbasso e pianoforte i loro strumenti che come sempre useranno per trascinare il pubblico nella loro avventura musicale fatta di passione, intensit\u00e0 e ruvida nostalgia.<\/p>\n<p> \tAlle 20, secondo appuntamento della serata: l\u2019eclettico batterista <strong>Roberto Gatto<\/strong> guider\u00e0 la sua band spingendosi a rileggere in chiave jazz il mondo del progressive. Anche in questo caso il pubblico udinese avr\u00e0 l\u2019occasione di viaggiare in una musica globale, lasciandosi travolgere dalle sonorit\u00e0 del jazz di fronte alla creativit\u00e0 sperimentale dei vari Genesis, King Crimson, Curved Air, Jethro Tull, Yes, solo per citarne alcuni.<\/p>\n<p> \tAnche <strong>luned\u00ec 31 maggio<\/strong>, giornata conclusiva della prima edizione di Udin&#038;Jazz Winter, doppio appuntamento. Salir\u00e0 sul palco una formazione totalmente friulana: sar\u00e0 <strong>l\u2019Udin&#038;Jazz Ensemble<\/strong> (formazione di 12 elementi, emanazione della omonima resident Big Band del Festival, nata qualche anno fa) a scaldare il pubblico a partire dalle 18.30 con una produzione originale e un repertorio composto per l\u2019occasione dai musicisti <strong>Mirko Cisilino, Emanuele Filippi e Max Ravanello<\/strong>. Questo nuovo progetto trasforma l\u2019organico iniziale, incorporando strumenti di tradizione classica come corno, tuba e ance di varia natura. Il repertorio originale \u00e8 un <strong>tributo al patrimonio culturale della regione friulana, ispirandosi ai nostri luoghi cos\u00ec come alle produzioni letterarie e poetiche di importanti voci del territorio.<\/strong><\/p>\n<p> \tAlle 20 <strong>torna a Udin&#038;Jazz Fabrizio Bosso<\/strong>, questa volta con il progetto del tutto inedito \u201c<strong>LIFT HIM UP 4et<\/strong>\u201d. Un gran finale con un repertorio che spazier\u00e0 dalla rielaborazione di standard a brani autografi dello stesso Bosso e del pianista <strong>Dario Carnovale<\/strong>, sul palco insieme al contrabbassista <strong>Simone Serafini<\/strong> e al batterista <strong>Klemens Marktl<\/strong>.<\/p>\n<p> \tDurante il festival sar\u00e0 visitabile, sempre al Teatro Palamostre di Udine, la mostra che ripercorre i 30 anni di Udin&#038;Jazz attraverso i ritratti delle star del jazz mondiale che qui si sono esibite, immortalate dai fotografi dell\u2019<strong>AFIJ<\/strong>, <strong>Associazione Fotografi Italiani di Jazz<\/strong> e curata da <strong>Luca d\u2019Agostino<\/strong>.<\/p>\n","protected":false},"excerpt":{"rendered":"<p>Dal 28 al 31 maggio<\/p>\n","protected":false},"author":28,"featured_media":38726,"comment_status":"closed","ping_status":"closed","sticky":false,"template":"","format":"standard","meta":{"dwc-title":[],"dwc-content":[],"footnotes":""},"categories":[37],"tags":[],"class_list":["post-38725","post","type-post","status-publish","format-standard","has-post-thumbnail","hentry","category-cultura-e-spettacolo"],"rttpg_featured_image_url":{"full":["https:\/\/imagazine.it\/wp-content\/uploads\/2024\/01\/39456-1.webp",800,533,false],"landscape":["https:\/\/imagazine.it\/wp-content\/uploads\/2024\/01\/39456-1.webp",800,533,false],"portraits":["https:\/\/imagazine.it\/wp-content\/uploads\/2024\/01\/39456-1.webp",800,533,false],"thumbnail":["https:\/\/imagazine.it\/wp-content\/uploads\/2024\/01\/39456-1-150x150.webp",150,150,true],"medium":["https:\/\/imagazine.it\/wp-content\/uploads\/2024\/01\/39456-1-300x200.webp",300,200,true],"large":["https:\/\/imagazine.it\/wp-content\/uploads\/2024\/01\/39456-1.webp",640,426,false],"thumblist":["https:\/\/imagazine.it\/wp-content\/uploads\/2024\/01\/39456-1.webp",300,200,false],"thumbrelated":["https:\/\/imagazine.it\/wp-content\/uploads\/2024\/01\/39456-1.webp",500,333,false],"meccarouselthumb":["https:\/\/imagazine.it\/wp-content\/uploads\/2024\/01\/39456-1.webp",474,316,false],"gridsquare":["https:\/\/imagazine.it\/wp-content\/uploads\/2024\/01\/39456-1.webp",391,260,false],"tileview":["https:\/\/imagazine.it\/wp-content\/uploads\/2024\/01\/39456-1.webp",300,200,false],"1536x1536":["https:\/\/imagazine.it\/wp-content\/uploads\/2024\/01\/39456-1.webp",800,533,false],"2048x2048":["https:\/\/imagazine.it\/wp-content\/uploads\/2024\/01\/39456-1.webp",800,533,false],"newsup-slider-full":["https:\/\/imagazine.it\/wp-content\/uploads\/2024\/01\/39456-1.webp",800,533,false],"newsup-featured":["https:\/\/imagazine.it\/wp-content\/uploads\/2024\/01\/39456-1.webp",800,533,false],"newsup-medium":["https:\/\/imagazine.it\/wp-content\/uploads\/2024\/01\/39456-1-720x380.webp",720,380,true],"tptn_thumbnail":["https:\/\/imagazine.it\/wp-content\/uploads\/2024\/01\/39456-1.webp",250,167,false],"sow-carousel-default":["https:\/\/imagazine.it\/wp-content\/uploads\/2024\/01\/39456-1-272x182.webp",272,182,true]},"rttpg_author":{"display_name":"redazione","author_link":"https:\/\/imagazine.it\/home_desk\/author\/redazione\/"},"rttpg_comment":0,"rttpg_category":"<a href=\"https:\/\/imagazine.it\/home_desk\/category\/cultura-e-spettacolo\/\" rel=\"category tag\">CULTURA&amp;SPETTACOLO<\/a>","rttpg_excerpt":"Dal 28 al 31 maggio","_links":{"self":[{"href":"https:\/\/imagazine.it\/home_desk\/wp-json\/wp\/v2\/posts\/38725","targetHints":{"allow":["GET"]}}],"collection":[{"href":"https:\/\/imagazine.it\/home_desk\/wp-json\/wp\/v2\/posts"}],"about":[{"href":"https:\/\/imagazine.it\/home_desk\/wp-json\/wp\/v2\/types\/post"}],"author":[{"embeddable":true,"href":"https:\/\/imagazine.it\/home_desk\/wp-json\/wp\/v2\/users\/28"}],"replies":[{"embeddable":true,"href":"https:\/\/imagazine.it\/home_desk\/wp-json\/wp\/v2\/comments?post=38725"}],"version-history":[{"count":0,"href":"https:\/\/imagazine.it\/home_desk\/wp-json\/wp\/v2\/posts\/38725\/revisions"}],"wp:featuredmedia":[{"embeddable":true,"href":"https:\/\/imagazine.it\/home_desk\/wp-json\/wp\/v2\/media\/38726"}],"wp:attachment":[{"href":"https:\/\/imagazine.it\/home_desk\/wp-json\/wp\/v2\/media?parent=38725"}],"wp:term":[{"taxonomy":"category","embeddable":true,"href":"https:\/\/imagazine.it\/home_desk\/wp-json\/wp\/v2\/categories?post=38725"},{"taxonomy":"post_tag","embeddable":true,"href":"https:\/\/imagazine.it\/home_desk\/wp-json\/wp\/v2\/tags?post=38725"}],"curies":[{"name":"wp","href":"https:\/\/api.w.org\/{rel}","templated":true}]}}