{"id":38719,"date":"2021-04-26T00:00:00","date_gmt":"2021-04-25T23:00:00","guid":{"rendered":"https:\/\/imagazine.it\/?p=38719"},"modified":"2021-04-26T00:00:00","modified_gmt":"2021-04-25T23:00:00","slug":"fiumi-in-citta-contributi-per-la-manutenzione","status":"publish","type":"post","link":"https:\/\/imagazine.it\/home_desk\/fiumi-in-citta-contributi-per-la-manutenzione\/","title":{"rendered":"Fiumi in citt\u00e0, contributi per la manutenzione"},"content":{"rendered":"<p> \tAmmontano a 1 milione e 750 mila euro i fondi che la Regione, attraverso l&#39;assessore alla Tutela dell&#39;ambiente <strong>Fabio Scoccimarro<\/strong>, ha messo a disposizione dei Comuni del Friuli Venezia Giulia <strong>per sfalci e opere di ordinaria manutenzione<\/strong> che consentano la piena funzionalit\u00e0 di corsi d&#39;acqua presenti nei centri abitati o comunque di competenza delle amministrazioni locali.<\/p>\n<p> \t&#8220;Abbiamo spedito ai Comuni &#8211; spiega l&#39;assessore regionale &#8211; il bando con il quale distribuiremo i fondi per la manutenzione ordinaria del reticolo idrografico minore. La cura costante del territorio \u00e8 sempre la miglior prevenzione per evitare e ridurre al minimo gli effetti delle inondazioni. Ogni amministrazione dovr\u00e0 presentare istanza esclusivamente on line; la graduatoria sar\u00e0 formata tenendo conto del grado di pericolosit\u00e0 del territorio, come individuato dai Piani di assetto Idrogeologico (PAI), dalla presenza di elementi particolarmente vulnerabili quali asili, scuole, ospedali o case di cura. Per cercare di ampliare la platea dei destinatari e coniugare una pi\u00f9 agile scelta dell&#39;eventuale appaltatore esterno, si \u00e8 limitato a 48.800 euro il massimo contributo concedibile, che <strong>potr\u00e0 essere erogato sino al 100% del costo dell&#39;intervento<\/strong>&#8220;.<\/p>\n<p> \tNel caso in cui i fondi stanziati dovessero risultare insufficienti, la graduatoria rimarr\u00e0 valida in modo tale che, nel momento in cui saranno reperite nuove risorse, si proceder\u00e0 con lo scorrimento delle istanze rimaste inevase.<\/p>\n<p> \t&#8220;Anche al fine di dare un impulso alla ripresa economica &#8211; aggiunge Scoccimarro &#8211; il bando prevede che i lavori vengano appaltati entro il corrente anno e completati entro il prossimo. Il bando prevede gi\u00e0 che la rendicontazione avvenga in forma semplificata con dichiarazione del responsabile del procedimento sempre da far pervenire on line&#8221;.<\/p>\n<p> \tLa scadenza del bando \u00e8 stata fissata per il <strong>21 maggio<\/strong>.<\/p>\n","protected":false},"excerpt":{"rendered":"<p>Bando della Regione<\/p>\n","protected":false},"author":28,"featured_media":38720,"comment_status":"closed","ping_status":"closed","sticky":false,"template":"","format":"standard","meta":{"dwc-title":[],"dwc-content":[],"footnotes":""},"categories":[5],"tags":[],"class_list":["post-38719","post","type-post","status-publish","format-standard","has-post-thumbnail","hentry","category-attualita"],"rttpg_featured_image_url":{"full":["https:\/\/imagazine.it\/wp-content\/uploads\/2024\/01\/39450-1.webp",1024,768,false],"landscape":["https:\/\/imagazine.it\/wp-content\/uploads\/2024\/01\/39450-1.webp",1024,768,false],"portraits":["https:\/\/imagazine.it\/wp-content\/uploads\/2024\/01\/39450-1.webp",1024,768,false],"thumbnail":["https:\/\/imagazine.it\/wp-content\/uploads\/2024\/01\/39450-1-150x150.webp",150,150,true],"medium":["https:\/\/imagazine.it\/wp-content\/uploads\/2024\/01\/39450-1-300x225.webp",300,225,true],"large":["https:\/\/imagazine.it\/wp-content\/uploads\/2024\/01\/39450-1.webp",640,480,false],"thumblist":["https:\/\/imagazine.it\/wp-content\/uploads\/2024\/01\/39450-1.webp",300,225,false],"thumbrelated":["https:\/\/imagazine.it\/wp-content\/uploads\/2024\/01\/39450-1.webp",500,375,false],"meccarouselthumb":["https:\/\/imagazine.it\/wp-content\/uploads\/2024\/01\/39450-1.webp",432,324,false],"gridsquare":["https:\/\/imagazine.it\/wp-content\/uploads\/2024\/01\/39450-1.webp",347,260,false],"tileview":["https:\/\/imagazine.it\/wp-content\/uploads\/2024\/01\/39450-1.webp",300,225,false],"1536x1536":["https:\/\/imagazine.it\/wp-content\/uploads\/2024\/01\/39450-1.webp",1024,768,false],"2048x2048":["https:\/\/imagazine.it\/wp-content\/uploads\/2024\/01\/39450-1.webp",1024,768,false],"newsup-slider-full":["https:\/\/imagazine.it\/wp-content\/uploads\/2024\/01\/39450-1-1024x720.webp",1024,720,true],"newsup-featured":["https:\/\/imagazine.it\/wp-content\/uploads\/2024\/01\/39450-1.webp",1024,768,false],"newsup-medium":["https:\/\/imagazine.it\/wp-content\/uploads\/2024\/01\/39450-1-720x380.webp",720,380,true],"tptn_thumbnail":["https:\/\/imagazine.it\/wp-content\/uploads\/2024\/01\/39450-1.webp",250,188,false],"sow-carousel-default":["https:\/\/imagazine.it\/wp-content\/uploads\/2024\/01\/39450-1-272x182.webp",272,182,true]},"rttpg_author":{"display_name":"redazione","author_link":"https:\/\/imagazine.it\/home_desk\/author\/redazione\/"},"rttpg_comment":0,"rttpg_category":"<a href=\"https:\/\/imagazine.it\/home_desk\/category\/attualita\/\" rel=\"category tag\">ATTUALIT\u00c0<\/a>","rttpg_excerpt":"Bando della Regione","_links":{"self":[{"href":"https:\/\/imagazine.it\/home_desk\/wp-json\/wp\/v2\/posts\/38719","targetHints":{"allow":["GET"]}}],"collection":[{"href":"https:\/\/imagazine.it\/home_desk\/wp-json\/wp\/v2\/posts"}],"about":[{"href":"https:\/\/imagazine.it\/home_desk\/wp-json\/wp\/v2\/types\/post"}],"author":[{"embeddable":true,"href":"https:\/\/imagazine.it\/home_desk\/wp-json\/wp\/v2\/users\/28"}],"replies":[{"embeddable":true,"href":"https:\/\/imagazine.it\/home_desk\/wp-json\/wp\/v2\/comments?post=38719"}],"version-history":[{"count":0,"href":"https:\/\/imagazine.it\/home_desk\/wp-json\/wp\/v2\/posts\/38719\/revisions"}],"wp:featuredmedia":[{"embeddable":true,"href":"https:\/\/imagazine.it\/home_desk\/wp-json\/wp\/v2\/media\/38720"}],"wp:attachment":[{"href":"https:\/\/imagazine.it\/home_desk\/wp-json\/wp\/v2\/media?parent=38719"}],"wp:term":[{"taxonomy":"category","embeddable":true,"href":"https:\/\/imagazine.it\/home_desk\/wp-json\/wp\/v2\/categories?post=38719"},{"taxonomy":"post_tag","embeddable":true,"href":"https:\/\/imagazine.it\/home_desk\/wp-json\/wp\/v2\/tags?post=38719"}],"curies":[{"name":"wp","href":"https:\/\/api.w.org\/{rel}","templated":true}]}}