{"id":38717,"date":"2021-04-24T00:00:00","date_gmt":"2021-04-23T23:00:00","guid":{"rendered":"https:\/\/imagazine.it\/?p=38717"},"modified":"2021-04-24T00:00:00","modified_gmt":"2021-04-23T23:00:00","slug":"ronchi-rilancia-larte-di-pino-furlan","status":"publish","type":"post","link":"https:\/\/imagazine.it\/home_desk\/ronchi-rilancia-larte-di-pino-furlan\/","title":{"rendered":"Ronchi rilancia l&#8217;arte di Pino Furlan"},"content":{"rendered":"<p> \tIl <strong>Consorzio Culturale del Monfalconese<\/strong> e il <strong>Comune di Ronchi dei Legionari<\/strong> proseguiranno nel 2021 l\u2019opera di valorizzazione del pittore ronchese Pino Furlan, avviata lo scorso anno con una serie di incontri e una mostra in occasione del centenario della nascita.<\/p>\n<p> \tTra le iniziative in programma una serie di percorsi espositivi e di studio, tra ottobre e novembre, che il CCM vorrebbe implementare grazie all\u2019adesione di prestatori privati interessati a condividere le opere di Pino Furlan ed eventualmente anche i loro ricordi, per farli confluire nell\u2019Archivio della Memoria dell\u2019Ecomuseo Territori del Consorzio culturale. I possessori di opere del pittore scomparso nel 1987, oltre a chi volesse raccontare i propri ricordi, possono contattare il CCM al numero 0481474298 o alla mail info@territori.it entro la fine di giugno in modo da consentire gli allestimenti espositivi previsti per l\u2019autunno.<\/p>\n<p> \tPer il CCM e il Comune di Ronchi dei Legionari l\u2019obiettivo rimane quello di \u201crestituire\u201d agli studiosi e agli amanti dell\u2019arte regionale un artista di livello che in vita non volle mai autopromuoversi e che si isol\u00f2 nella \u201csua\u201d Ronchi accogliendo nel suo atelier solamente i suoi amici artisti (tra i quali devono essere annoverati anche Gigi Castellan, Ignazio Doliach, Leopoldo de Gironcoli, Sergio Altieri e un giovane Giorgio Valvassori).<\/p>\n<p> \t\u201cQuesto \u00e8 un importante progetto che costituisce un ulteriore attivit\u00e0 culturale dell\u2019ente finalizzata alla valorizzazione del nostro patrimonio artistico e culturale locale con l\u2019obiettivo di trasmettere alle nuove generazioni il sapere dell\u2019arte tra conoscenza e cultura\u201d, sottolinea l\u2019assessore alla Cultura di Ronchi dei Legionari e presidente dell\u2019assemblea del CCM, <strong>Mauro Benvenuto<\/strong>.<\/p>\n<p> \tIl progetto di valorizzazione, curato da <strong>Luca Geroni<\/strong> e <strong>Marina Dorsi<\/strong>, dopo le iniziative realizzate nel 2020 centenario dalla nascita (incontri nell\u2019auditorium di Ronchi dei Legionari e on line per ricordare l\u2019artista e una piccola mostra in Villa Vicentini Miniussi, sede del CCM sempre a Ronchi), proseguir\u00e0 nel corso di questo anno.<\/p>\n<p> \tLo far\u00e0 con una serie di eventi e attivit\u00e0 a ottobre e novembre, a partire dall\u2019allestimento di percorsi espositivi nella Galleria Spazzapan di Gradisca d\u2019Isonzo, nel Museo della Cantieristica (MuCa) di Monfalcone e in Villa Vicentini Miniussi. Vi saranno collegati degli incontri e delle visite guidate. Grazie ai contatti con il Liceo artistico Max Fabiani di Gorizia e le scuole sul territorio, si stanno progettando delle attivit\u00e0 didattiche negli istituti con laboratori suddivisi per fasce d\u2019et\u00e0, per gli studenti che, accompagnati da un esperto, potranno ampliare le loro conoscenze anche tramite il principio del &#8220;<em>learning by doing<\/em>&#8220;. Infine \u00e8 prevista la realizzazione di un catalogo ragionato delle opere dell\u2019autore.<\/p>\n<p> \tLa collezione pi\u00f9 corposa relativa al pittore ronchese \u00e8 stata acquistata dal Comune di Ronchi ed \u00e8 composta da 70 quadri, che vanno dal 1951 al 1985. Si tratta di opere provenienti direttamente dalla casa dell\u2019artista, illustrando la produzione artistica degli anni Settanta e Ottanta. L\u2019insieme di dipinti \u00e8 particolarmente importante, perch\u00e9 permette di comprendere il percorso evolutivo dell\u2019artista dai suoi esordi neorealistici e analitici fino agli ultimi lavori astratti e sintetici in cui il colore assume un ruolo di protagonista assoluto. Molte opere sono per\u00f2 presenti sul territorio grazie alle numerose donazioni a privati da parte del pittore, a piccoli collezionisti e ai numerosi amici artisti. Proprio in virt\u00f9 delle amicizie dell\u2019artista e della forte attivit\u00e0 culturale sul territorio si intende verificare la presenza di documenti, fotografie, altre opere che arricchiscano la proposta di valorizzazione. Si prevede quindi una fase di studio, ricerca, catalogazione delle opere, iniziata gi\u00e0 nel corso del 2020, e che proseguir\u00e0 nel 2021.<\/p>\n","protected":false},"excerpt":{"rendered":"<p>Coinvolta l&#8217;intera comunit\u00e0<\/p>\n","protected":false},"author":22,"featured_media":38718,"comment_status":"closed","ping_status":"closed","sticky":false,"template":"","format":"standard","meta":{"dwc-title":[],"dwc-content":[],"footnotes":""},"categories":[37],"tags":[],"class_list":["post-38717","post","type-post","status-publish","format-standard","has-post-thumbnail","hentry","category-cultura-e-spettacolo"],"rttpg_featured_image_url":{"full":["https:\/\/imagazine.it\/wp-content\/uploads\/2024\/01\/39447-1.webp",1599,777,false],"landscape":["https:\/\/imagazine.it\/wp-content\/uploads\/2024\/01\/39447-1.webp",1599,777,false],"portraits":["https:\/\/imagazine.it\/wp-content\/uploads\/2024\/01\/39447-1.webp",1599,777,false],"thumbnail":["https:\/\/imagazine.it\/wp-content\/uploads\/2024\/01\/39447-1-150x150.webp",150,150,true],"medium":["https:\/\/imagazine.it\/wp-content\/uploads\/2024\/01\/39447-1-300x146.webp",300,146,true],"large":["https:\/\/imagazine.it\/wp-content\/uploads\/2024\/01\/39447-1-1024x498.webp",640,311,true],"thumblist":["https:\/\/imagazine.it\/wp-content\/uploads\/2024\/01\/39447-1.webp",300,146,false],"thumbrelated":["https:\/\/imagazine.it\/wp-content\/uploads\/2024\/01\/39447-1.webp",500,243,false],"meccarouselthumb":["https:\/\/imagazine.it\/wp-content\/uploads\/2024\/01\/39447-1.webp",474,230,false],"gridsquare":["https:\/\/imagazine.it\/wp-content\/uploads\/2024\/01\/39447-1.webp",391,190,false],"tileview":["https:\/\/imagazine.it\/wp-content\/uploads\/2024\/01\/39447-1.webp",300,146,false],"1536x1536":["https:\/\/imagazine.it\/wp-content\/uploads\/2024\/01\/39447-1-1536x746.webp",1536,746,true],"2048x2048":["https:\/\/imagazine.it\/wp-content\/uploads\/2024\/01\/39447-1.webp",1599,777,false],"newsup-slider-full":["https:\/\/imagazine.it\/wp-content\/uploads\/2024\/01\/39447-1-1280x720.webp",1280,720,true],"newsup-featured":["https:\/\/imagazine.it\/wp-content\/uploads\/2024\/01\/39447-1-1024x498.webp",1024,498,true],"newsup-medium":["https:\/\/imagazine.it\/wp-content\/uploads\/2024\/01\/39447-1-720x380.webp",720,380,true],"tptn_thumbnail":["https:\/\/imagazine.it\/wp-content\/uploads\/2024\/01\/39447-1.webp",250,121,false],"sow-carousel-default":["https:\/\/imagazine.it\/wp-content\/uploads\/2024\/01\/39447-1-272x182.webp",272,182,true]},"rttpg_author":{"display_name":"Livio Nonis","author_link":"https:\/\/imagazine.it\/home_desk\/author\/nonis\/"},"rttpg_comment":0,"rttpg_category":"<a href=\"https:\/\/imagazine.it\/home_desk\/category\/cultura-e-spettacolo\/\" rel=\"category tag\">CULTURA&amp;SPETTACOLO<\/a>","rttpg_excerpt":"Coinvolta l'intera comunit\u00e0","_links":{"self":[{"href":"https:\/\/imagazine.it\/home_desk\/wp-json\/wp\/v2\/posts\/38717","targetHints":{"allow":["GET"]}}],"collection":[{"href":"https:\/\/imagazine.it\/home_desk\/wp-json\/wp\/v2\/posts"}],"about":[{"href":"https:\/\/imagazine.it\/home_desk\/wp-json\/wp\/v2\/types\/post"}],"author":[{"embeddable":true,"href":"https:\/\/imagazine.it\/home_desk\/wp-json\/wp\/v2\/users\/22"}],"replies":[{"embeddable":true,"href":"https:\/\/imagazine.it\/home_desk\/wp-json\/wp\/v2\/comments?post=38717"}],"version-history":[{"count":0,"href":"https:\/\/imagazine.it\/home_desk\/wp-json\/wp\/v2\/posts\/38717\/revisions"}],"wp:featuredmedia":[{"embeddable":true,"href":"https:\/\/imagazine.it\/home_desk\/wp-json\/wp\/v2\/media\/38718"}],"wp:attachment":[{"href":"https:\/\/imagazine.it\/home_desk\/wp-json\/wp\/v2\/media?parent=38717"}],"wp:term":[{"taxonomy":"category","embeddable":true,"href":"https:\/\/imagazine.it\/home_desk\/wp-json\/wp\/v2\/categories?post=38717"},{"taxonomy":"post_tag","embeddable":true,"href":"https:\/\/imagazine.it\/home_desk\/wp-json\/wp\/v2\/tags?post=38717"}],"curies":[{"name":"wp","href":"https:\/\/api.w.org\/{rel}","templated":true}]}}