{"id":38713,"date":"2021-04-26T00:00:00","date_gmt":"2021-04-25T23:00:00","guid":{"rendered":"https:\/\/imagazine.it\/?p=38713"},"modified":"2021-04-26T00:00:00","modified_gmt":"2021-04-25T23:00:00","slug":"ronchi-ricorda-i-giornalisti-uccisi-ricercando-la-verita","status":"publish","type":"post","link":"https:\/\/imagazine.it\/home_desk\/ronchi-ricorda-i-giornalisti-uccisi-ricercando-la-verita\/","title":{"rendered":"Ronchi ricorda i giornalisti uccisi ricercando la verit\u00e0"},"content":{"rendered":"<p> \tIl <strong>3 maggio<\/strong> \u00e8 la <strong>Giornata Mondiale della Libert\u00e0 di Stampa<\/strong>, ricorrenza nella quale <strong>l\u2019associazione culturale Leali delle Notizie di Ronchi dei Legionari<\/strong> da anni organizza numerose iniziative per <strong>contrastare la censura dell\u2019informazione<\/strong> e <strong>le minacce che ogni anno centinaia e centinaia di giornalisti<\/strong> sono costretti a subire perch\u00e9 <strong>svolgono il proprio mestiere raccontando le verit\u00e0 pi\u00f9 scomode<\/strong>.<\/p>\n<p> \tRicordando i dati annunciati il 4 marzo dalla <strong>ministra Luciana Lamorghese <\/strong>sulla <strong>salute della libert\u00e0 di stampa<\/strong> nel nostro paese, nel <strong>2020 <\/strong>sono stati rilevai <strong>in Italia<\/strong> ben <strong>163 atti intimidatori<\/strong>, che corrispondono all\u2019<strong>87% in pi\u00f9 rispetto al 2019<\/strong>. Molte <strong>minacce<\/strong> hanno coinvolto specialmente gli <strong>operatori dell\u2019informazione che lavorano nell\u2019ambito del giornalismo investigativo durante l\u2019emergenza Covid-19<\/strong>, secondo <strong>Ossigeno<\/strong>, l\u2019Osservatorio su Informazioni Giornalistiche e Notizie Oscurate in Italia. \u00a0<\/p>\n<p> \tAlla luce di questi dati, <strong>Leali delle Notizie non ha voluto rinunciare alla celebrazione della Giornata Mondiale della Libert\u00e0 di Stampa<\/strong>.<\/p>\n<p> \t<strong>Domenica 2 maggio<\/strong> si svolger\u00e0 dunque a <strong>Ronchi dei Legionari<\/strong> l\u2019iniziativa <strong><em>\u201cParole senza paura. La verit\u00e0 delle parole non dette\u201d<\/em><\/strong> con <strong>una serie di interventi sul tema della Libert\u00e0 di Stampa e della Legalit\u00e0<\/strong>. Alle <strong>ore 11<\/strong> in <strong>Piazzetta Francesco Giuseppe<\/strong> si terr\u00e0 <strong>la presentazione e inaugurazione della Biblioteca Leali delle Notizie, in memoria di Cosimo Cristina, primo giornalista ucciso nel 1960 da Cosa Nostra<\/strong>.<\/p>\n<p> \tUna raccolta di tutti i libri che sono stati presentati nel corso del <strong>Festival del Giornalismo<\/strong> e delle <strong>manifestazioni culturali<\/strong> organizzate a partire <strong>dal 2015<\/strong> da <strong>Leali delle Notizie<\/strong>. <strong>Un servizio aperto<\/strong> non solo ai soci ma <strong>a tutti<\/strong> coloro che desiderano passare nella sede, dare un\u2019occhiata ai titoli dei libri e prendere in prestito un volume. Tutti i testi, <strong>ben 101<\/strong>, sono stati catalogati e suddivisi in <strong>tre sezioni<\/strong>: una parte dedicata al <strong>giornalismo<\/strong> e alla <strong>libert\u00e0 di stampa<\/strong>, un\u2019altra all\u2019<strong>arte<\/strong> e una denominata <strong>\u201cLeali delle Notizie\u201d <\/strong>con libri su diverse tematiche presentate nei 6 anni di attivit\u00e0 dell\u2019associazione.<\/p>\n<p> \tLa mattinata del 2 maggio proseguir\u00e0 poi con <strong>l\u2019inaugurazione del pannello dedicato a Jamal Khassoggi<\/strong>, <strong>giornalista saudita scomparso nel 2018<\/strong>, realizzato su concessione di <strong>Mauro Biani<\/strong>, <strong>vignettista di <em>La Repubblica<\/em><\/strong>. Si svolger\u00e0 poi una <strong>lettura scenica di brani dedicati alla Libert\u00e0 di Stampa e alla Legalit\u00e0<\/strong> a cura di <strong>Giulio Morgan<\/strong>.<\/p>\n<p> \tSuccessivamente ci si sposter\u00e0 a <strong>Piazza della Concordia<\/strong>, dietro la Biblioteca Sandro Pertini, per presentare e inaugurare la <strong>Passeggiata della Libert\u00e0 di Stampa e di Espressione<\/strong>. Un <strong>percorso<\/strong> dedicato alla <strong>memoria delle storie di 21 giornalisti e operatori dell\u2019informazione uccisi mentre svolgevano il loro lavoro<\/strong>. Una <strong>passeggiata della libert\u00e0 violata<\/strong> che si sviluppa in diversi punti del <strong>centro di Ronchi dei Legionari<\/strong>.<\/p>\n<p> \tI <strong>pannelli <\/strong>lungo il percorso sono <strong>21<\/strong> come <strong>l\u2019articolo 21 della Costituzione<\/strong>, in cui si <strong>afferma il principio della libert\u00e0 di manifestare il proprio pensiero<\/strong>. Ogni pannello \u00e8 dotato di un <strong>QR code<\/strong> attraverso il quale \u00e8 possibile leggere <strong>la storia di un giornalista<\/strong> che <strong>con le proprie inchieste ha rivendicato le verit\u00e0 e la giustizia<\/strong>, <strong>senza avere paura di raccontare i fatti pi\u00f9 scomodi nemmeno davanti alle minacce estreme<\/strong>. Il percorso incomincia dalla <strong>pensilina<\/strong> dei mezzi di trasporto in <strong>via Dante<\/strong> dove \u00e8 situato il <strong>murales di Daphne Caruana Galizia<\/strong> e si sviluppa poi in <strong>via Mazzini<\/strong>, <strong>piazza Oberdan<\/strong>, <strong>via Roma<\/strong>, <strong>piazza Concordia<\/strong>, <strong>via dei Campi<\/strong> e <strong>lungo il parco della citt\u00e0. <\/strong>La passeggiata si conclude in <strong>piazzetta Martire delle Foibe<\/strong>, vicino all\u2019auditorium e alla sede di Leali delle Notizie, dove si trova l\u2019<strong>ultimo pannello <\/strong>dedicato a <strong>Jamal Khassoggi<\/strong>.<\/p>\n<p> \tLa manifestazione del 2 maggio si concluder\u00e0 infine con la <strong>lettura scenica<\/strong> di alcuni brani dedicati alla <strong>Libert\u00e0 di Stampa e alla Legalit\u00e0<\/strong> a cura di <strong>Sara Alzetta<\/strong> e <strong>Antonio Schiavulli<\/strong>.<\/p>\n<p> \tL\u2019organizzazione della manifestazione \u00e8 stata resa possibile con il <strong>Patrocinio<\/strong> e la <strong>collaborazione<\/strong> del <strong>Comune di Ronchi dei Legionari<\/strong> e con il <strong>supporto <\/strong>della <strong>Biblioteca Comunale Sandro Pertini<\/strong>, di <strong>Domini Legnami<\/strong>, di <strong>Ecofiniture<\/strong> e con il lavoro prezioso svolto dall\u2019amico <strong>Renato Chittaro<\/strong>.<\/p>\n<p> \t\u00a0<\/p>\n<p> \t<em>L&#39;iniziativa sar\u00e0 svolta nel pieno rispetto delle <strong>norme anti-contagio<\/strong>, pertanto si invitano tutti i partecipanti a venire muniti di <strong>mascherina<\/strong> e a rispettare il <strong>distanziamento sociale<\/strong>. La celebrazione della <strong>Giornata Mondiale della Libert\u00e0 di Stampa<\/strong> sar\u00e0 infatti quest\u2019anno pi\u00f9 contenuta a causa della pandemia, ma <strong>Leali delle Notizie ha ritenuto comunque doveroso ricordare chi ha perso la vita nella ricerca della verit\u00e0<\/strong>.<\/em><\/p>\n","protected":false},"excerpt":{"rendered":"<p>Domenica 2 maggio<\/p>\n","protected":false},"author":22,"featured_media":38714,"comment_status":"closed","ping_status":"closed","sticky":false,"template":"","format":"standard","meta":{"dwc-title":[],"dwc-content":[],"footnotes":""},"categories":[5],"tags":[],"class_list":["post-38713","post","type-post","status-publish","format-standard","has-post-thumbnail","hentry","category-attualita"],"rttpg_featured_image_url":{"full":["https:\/\/imagazine.it\/wp-content\/uploads\/2024\/01\/39438-1.webp",1000,750,false],"landscape":["https:\/\/imagazine.it\/wp-content\/uploads\/2024\/01\/39438-1.webp",1000,750,false],"portraits":["https:\/\/imagazine.it\/wp-content\/uploads\/2024\/01\/39438-1.webp",1000,750,false],"thumbnail":["https:\/\/imagazine.it\/wp-content\/uploads\/2024\/01\/39438-1-150x150.webp",150,150,true],"medium":["https:\/\/imagazine.it\/wp-content\/uploads\/2024\/01\/39438-1-300x225.webp",300,225,true],"large":["https:\/\/imagazine.it\/wp-content\/uploads\/2024\/01\/39438-1.webp",640,480,false],"thumblist":["https:\/\/imagazine.it\/wp-content\/uploads\/2024\/01\/39438-1.webp",300,225,false],"thumbrelated":["https:\/\/imagazine.it\/wp-content\/uploads\/2024\/01\/39438-1.webp",500,375,false],"meccarouselthumb":["https:\/\/imagazine.it\/wp-content\/uploads\/2024\/01\/39438-1.webp",432,324,false],"gridsquare":["https:\/\/imagazine.it\/wp-content\/uploads\/2024\/01\/39438-1.webp",347,260,false],"tileview":["https:\/\/imagazine.it\/wp-content\/uploads\/2024\/01\/39438-1.webp",300,225,false],"1536x1536":["https:\/\/imagazine.it\/wp-content\/uploads\/2024\/01\/39438-1.webp",1000,750,false],"2048x2048":["https:\/\/imagazine.it\/wp-content\/uploads\/2024\/01\/39438-1.webp",1000,750,false],"newsup-slider-full":["https:\/\/imagazine.it\/wp-content\/uploads\/2024\/01\/39438-1-1000x720.webp",1000,720,true],"newsup-featured":["https:\/\/imagazine.it\/wp-content\/uploads\/2024\/01\/39438-1.webp",1000,750,false],"newsup-medium":["https:\/\/imagazine.it\/wp-content\/uploads\/2024\/01\/39438-1-720x380.webp",720,380,true],"tptn_thumbnail":["https:\/\/imagazine.it\/wp-content\/uploads\/2024\/01\/39438-1.webp",250,188,false],"sow-carousel-default":["https:\/\/imagazine.it\/wp-content\/uploads\/2024\/01\/39438-1-272x182.webp",272,182,true]},"rttpg_author":{"display_name":"Livio Nonis","author_link":"https:\/\/imagazine.it\/home_desk\/author\/nonis\/"},"rttpg_comment":0,"rttpg_category":"<a href=\"https:\/\/imagazine.it\/home_desk\/category\/attualita\/\" rel=\"category tag\">ATTUALIT\u00c0<\/a>","rttpg_excerpt":"Domenica 2 maggio","_links":{"self":[{"href":"https:\/\/imagazine.it\/home_desk\/wp-json\/wp\/v2\/posts\/38713","targetHints":{"allow":["GET"]}}],"collection":[{"href":"https:\/\/imagazine.it\/home_desk\/wp-json\/wp\/v2\/posts"}],"about":[{"href":"https:\/\/imagazine.it\/home_desk\/wp-json\/wp\/v2\/types\/post"}],"author":[{"embeddable":true,"href":"https:\/\/imagazine.it\/home_desk\/wp-json\/wp\/v2\/users\/22"}],"replies":[{"embeddable":true,"href":"https:\/\/imagazine.it\/home_desk\/wp-json\/wp\/v2\/comments?post=38713"}],"version-history":[{"count":0,"href":"https:\/\/imagazine.it\/home_desk\/wp-json\/wp\/v2\/posts\/38713\/revisions"}],"wp:featuredmedia":[{"embeddable":true,"href":"https:\/\/imagazine.it\/home_desk\/wp-json\/wp\/v2\/media\/38714"}],"wp:attachment":[{"href":"https:\/\/imagazine.it\/home_desk\/wp-json\/wp\/v2\/media?parent=38713"}],"wp:term":[{"taxonomy":"category","embeddable":true,"href":"https:\/\/imagazine.it\/home_desk\/wp-json\/wp\/v2\/categories?post=38713"},{"taxonomy":"post_tag","embeddable":true,"href":"https:\/\/imagazine.it\/home_desk\/wp-json\/wp\/v2\/tags?post=38713"}],"curies":[{"name":"wp","href":"https:\/\/api.w.org\/{rel}","templated":true}]}}