{"id":38709,"date":"2021-04-26T00:00:00","date_gmt":"2021-04-25T23:00:00","guid":{"rendered":"https:\/\/imagazine.it\/?p=38709"},"modified":"2021-04-26T00:00:00","modified_gmt":"2021-04-25T23:00:00","slug":"auto-elettriche-a-pordenone-le-aziende-di-riparazione-fanno-squadra","status":"publish","type":"post","link":"https:\/\/imagazine.it\/home_desk\/auto-elettriche-a-pordenone-le-aziende-di-riparazione-fanno-squadra\/","title":{"rendered":"Auto elettriche, a Pordenone le aziende di riparazione fanno squadra"},"content":{"rendered":"<p> \tAcquisire nuove competenze e prepararsi alle richieste del settore della riparazione dell\u2019auto che si sta spingendo sempre di pi\u00f9 verso il mondo dell\u2019elettrico. \u00c8 con questo obiettivo che \u00e8 stata costituita \u201c<strong>Rete di imprese FVG<\/strong>\u201d.<\/p>\n<p> \tSono <strong>13 le aziende del pordenonese<\/strong> &#8211; prevalentemente officine specializzate nella riparazione dell\u2019auto &#8211; che lo scorso gioved\u00ec 15 aprile hanno formalizzato l\u2019accordo grazie alla collaborazione di <strong>COMET<\/strong>, il Cluster della metalmeccanica del Friuli Venezia Giulia: il Consorzio Centro Pordenone Collaudi, R. M. di Redivo Mauro, B.D, di Barone Domenico e C., Battistetti Nicola &#038; C.,\u00a0Marcassa Sergio, Fabbro Automeccanica di Fabbro Ermes e Natalino, G2 Service, Officina L&#39;Autotreno di Marcuzzo Maurizio &#038; C. Marzotto\u00a0Christian,\u00a0Gruppo 31, Tecnofficina di Ciganotto P. &#038; Roman S., Tecnodiesel di Salamon Stefania &#038; C. e lo Studio Dott. Ballardini Luciano.<\/p>\n<p> \tSi tratta di un\u2019aggregazione di imprese generata dalla comune volont\u00e0 di evolversi con l\u2019obiettivo di acquisire nuove competenze, in un settore, quello della riparazione dell\u2019auto, che grazie alla diffusione del motore elettrico richiede conoscenze e professionalit\u00e0 specifiche, per sviluppare nuove opportunit\u00e0 di business.<\/p>\n<p> \tLa nascita di \u201cRete di imprese FVG\u201d \u00e8 il risultato di un complesso lavoro di squadra; le 13 imprese infatti hanno trovato il supporto di figure specializzate che le hanno accompagnate lungo il percorso iniziato pi\u00f9 di un anno fa: dal coordinamento nella fase propedeutica supportata da COMET &#8211; Cluster della Metalmeccanica FVG &#8211; fino alla formalizzazione del contratto con il supporto del commercialista Franco Mariutti. Le aziende hanno anche beneficiato del sostegno della Regione FVG attraverso appositi fondi dedicati alle aggregazioni di impresa.<\/p>\n<p> \t\u201cDa sempre COMET promuove attivit\u00e0 di aggregazione e collaborazione tra aziende \u2013 spiega <strong>Saverio Maisto<\/strong>, direttore del Cluster friulano portavoce di un comparto composto da pi\u00f9 di 3.800 imprese \u2013 un sistema che agevola lo scambio di idee e permette alle aziende di unire le forze e di aumentare la propria competitivit\u00e0 sul mercato. Dal 2015 abbiamo supportato la creazione di 42 aggregazioni e questa \u00e8 la prima rete che vediamo nascere nel settore delle riparazioni auto, a conferma del fatto che la forza del gruppo \u00e8 una scelta vincente in ogni ambito imprenditoriale e a qualsiasi livello.\u201d<\/p>\n<p> \t\u201cNel mercato dell\u2019auto \u2013 commenta <strong>Natalino Fabbro<\/strong>, presidente di Rete di imprese FVG \u2013 l\u2019elettrico avanza a grandi passi e possiamo immaginare che la richiesta di servizi di riparazione sar\u00e0 imminente, perci\u00f2 l\u2019acquisizione delle competenze necessarie a rispondere prontamente alle future richieste del mercato in cui operiamo \u00e8 una scelta imprescindibile che i miei colleghi e io abbiamo deciso di affrontare insieme. Oggi la nostra rete \u00e8 composta da 13 attori ma contiamo di coinvolgerne altrettanti entro la fine dell\u2019anno, espandendo la partecipazione a colleghi delle vicine province di Udine e Treviso, cos\u00ec come ai nostri fornitori, per aumentare la nostra competitivit\u00e0 sul mercato in termini di servizi e di costi\u201d.<\/p>\n","protected":false},"excerpt":{"rendered":"<p>Nasce \u201cRete di imprese FVG\u201d<\/p>\n","protected":false},"author":28,"featured_media":38710,"comment_status":"closed","ping_status":"closed","sticky":false,"template":"","format":"standard","meta":{"dwc-title":[],"dwc-content":[],"footnotes":""},"categories":[5],"tags":[],"class_list":["post-38709","post","type-post","status-publish","format-standard","has-post-thumbnail","hentry","category-attualita"],"rttpg_featured_image_url":{"full":["https:\/\/imagazine.it\/wp-content\/uploads\/2024\/01\/39436-1.webp",1000,750,false],"landscape":["https:\/\/imagazine.it\/wp-content\/uploads\/2024\/01\/39436-1.webp",1000,750,false],"portraits":["https:\/\/imagazine.it\/wp-content\/uploads\/2024\/01\/39436-1.webp",1000,750,false],"thumbnail":["https:\/\/imagazine.it\/wp-content\/uploads\/2024\/01\/39436-1-150x150.webp",150,150,true],"medium":["https:\/\/imagazine.it\/wp-content\/uploads\/2024\/01\/39436-1-300x225.webp",300,225,true],"large":["https:\/\/imagazine.it\/wp-content\/uploads\/2024\/01\/39436-1.webp",640,480,false],"thumblist":["https:\/\/imagazine.it\/wp-content\/uploads\/2024\/01\/39436-1.webp",300,225,false],"thumbrelated":["https:\/\/imagazine.it\/wp-content\/uploads\/2024\/01\/39436-1.webp",500,375,false],"meccarouselthumb":["https:\/\/imagazine.it\/wp-content\/uploads\/2024\/01\/39436-1.webp",432,324,false],"gridsquare":["https:\/\/imagazine.it\/wp-content\/uploads\/2024\/01\/39436-1.webp",347,260,false],"tileview":["https:\/\/imagazine.it\/wp-content\/uploads\/2024\/01\/39436-1.webp",300,225,false],"1536x1536":["https:\/\/imagazine.it\/wp-content\/uploads\/2024\/01\/39436-1.webp",1000,750,false],"2048x2048":["https:\/\/imagazine.it\/wp-content\/uploads\/2024\/01\/39436-1.webp",1000,750,false],"newsup-slider-full":["https:\/\/imagazine.it\/wp-content\/uploads\/2024\/01\/39436-1-1000x720.webp",1000,720,true],"newsup-featured":["https:\/\/imagazine.it\/wp-content\/uploads\/2024\/01\/39436-1.webp",1000,750,false],"newsup-medium":["https:\/\/imagazine.it\/wp-content\/uploads\/2024\/01\/39436-1-720x380.webp",720,380,true],"tptn_thumbnail":["https:\/\/imagazine.it\/wp-content\/uploads\/2024\/01\/39436-1.webp",250,188,false],"sow-carousel-default":["https:\/\/imagazine.it\/wp-content\/uploads\/2024\/01\/39436-1-272x182.webp",272,182,true]},"rttpg_author":{"display_name":"redazione","author_link":"https:\/\/imagazine.it\/home_desk\/author\/redazione\/"},"rttpg_comment":0,"rttpg_category":"<a href=\"https:\/\/imagazine.it\/home_desk\/category\/attualita\/\" rel=\"category tag\">ATTUALIT\u00c0<\/a>","rttpg_excerpt":"Nasce \u201cRete di imprese FVG\u201d","_links":{"self":[{"href":"https:\/\/imagazine.it\/home_desk\/wp-json\/wp\/v2\/posts\/38709","targetHints":{"allow":["GET"]}}],"collection":[{"href":"https:\/\/imagazine.it\/home_desk\/wp-json\/wp\/v2\/posts"}],"about":[{"href":"https:\/\/imagazine.it\/home_desk\/wp-json\/wp\/v2\/types\/post"}],"author":[{"embeddable":true,"href":"https:\/\/imagazine.it\/home_desk\/wp-json\/wp\/v2\/users\/28"}],"replies":[{"embeddable":true,"href":"https:\/\/imagazine.it\/home_desk\/wp-json\/wp\/v2\/comments?post=38709"}],"version-history":[{"count":0,"href":"https:\/\/imagazine.it\/home_desk\/wp-json\/wp\/v2\/posts\/38709\/revisions"}],"wp:featuredmedia":[{"embeddable":true,"href":"https:\/\/imagazine.it\/home_desk\/wp-json\/wp\/v2\/media\/38710"}],"wp:attachment":[{"href":"https:\/\/imagazine.it\/home_desk\/wp-json\/wp\/v2\/media?parent=38709"}],"wp:term":[{"taxonomy":"category","embeddable":true,"href":"https:\/\/imagazine.it\/home_desk\/wp-json\/wp\/v2\/categories?post=38709"},{"taxonomy":"post_tag","embeddable":true,"href":"https:\/\/imagazine.it\/home_desk\/wp-json\/wp\/v2\/tags?post=38709"}],"curies":[{"name":"wp","href":"https:\/\/api.w.org\/{rel}","templated":true}]}}